{"id":3523,"date":"2024-10-17T20:12:22","date_gmt":"2024-10-18T00:12:22","guid":{"rendered":"https:\/\/agromt.news\/?p=3523"},"modified":"2024-10-17T20:12:22","modified_gmt":"2024-10-18T00:12:22","slug":"chuvas-aliviam-seca-e-beneficiam-solos-para-graos-de-inverno-na-europa","status":"publish","type":"post","link":"https:\/\/agromt.news\/?p=3523","title":{"rendered":"Chuvas aliviam seca e beneficiam solos para gr\u00e3os de inverno na Europa"},"content":{"rendered":"<p> <br \/>\n<\/p>\n<div>\n<div class=\"row\">\n<div class=\"col-lg col-infos mt-3 mt-lg-0\">\n<div class=\"section-sub-title\">\n<p itemprop=\"description\">\nAntigo furac\u00e3o Kirk causa chuvas intensas e al\u00edvio parcial da seca na Europa\n<\/p>\n<\/div>\n<div class=\"container\">\n<div class=\"row\">\n<div class=\"col-lg p-0\">\n<div>\n<div class=\"block-news-main-infos mt-3 text-start\">\n<strong class=\"fn\" itemprop=\"author\" style=\"color: rgb(112, 112, 112); \"><br \/>\n<a href=\"https:\/\/www.agrolink.com.br\/noticias\/javascript:;\" class=\"text-uppercase\" target=\"_blank\" style=\"color: rgb(112, 112, 112); \" rel=\"noopener\">Agrolink<\/a><br \/>\n&#8211; Seane Lennon<br \/>\n<\/strong><br \/>\n<br \/>\n<abbr><time datetime=\"2024-10-17T17:11\" itemprop=\"datePublished dateModified\">Publicado em 17\/10\/2024 \u00e0s 17:11h.<\/time><\/abbr><br \/>\n\n<\/div>\n<\/div>\n<\/div>\n<div class=\"col-lg p-0 text-lg-end\">\n<div>\n<div id=\"mdEnviarPagina\" class=\"modal fade\" role=\"dialog\">\n<div class=\"modal-dialog\">\n<div class=\"modal-content\">\n<div class=\"modal-body\">\n<p><strong>Estimado usu\u00e1rio.<\/strong><br \/>Preencha o formul\u00e1rio abaixo para remeter a p\u00e1gina.<\/p>\n<\/div>\n<\/div>\n<\/div>\n<\/div>\n<\/div>\n<\/div>\n<\/div>\n<\/div>\n<\/div>\n<\/div>\n<div class=\"row justify-content-md-center mt-3\">\n<div class=\"col-lg-auto col-image  block-news-main-image d-none d-md-block\">\n<img decoding=\"async\" src=\"https:\/\/www.agrolink.com.br\/upload\/imagens-resizes\/bf07a20ba0be449a8ed324f0314f672e_858x483.jpg\" class=\"lazyload \"\/><br \/>\n<span class=\"publicity-photo d-block mt-1\">Foto: Divulga\u00e7\u00e3o <\/span>\n<\/div>\n<\/div>\n<div class=\"section-description section-description-noticias mt-3\">\n<p style=\"text-align:justify\">De acordo com o boletim &#8220;Weekly Weather and Crop Bulletin&#8221;, divulgado nesta quarta-feira (16) pela Administra\u00e7\u00e3o Oce\u00e2nica e Atmosf\u00e9rica Nacional dos Estados Unidos (NOAA) e pelo Departamento de Agricultura dos Estados Unidos (USDA), chuvas generalizadas continuam em grande parte da Europa, embora \u00e1reas de seca persistam nas regi\u00f5es agr\u00edcolas do sudeste. As precipita\u00e7\u00f5es variaram de 15 a 100 mm, atingindo desde a Inglaterra e Fran\u00e7a at\u00e9 a Europa central, trazendo al\u00edvio para os solos destinados aos gr\u00e3os de inverno, especialmente em Portugal e Espanha.\n<\/p>\n<p style=\"text-align:justify\"><a href=\"https:\/\/www.agrolink.com.br\/agrotempo?utm_source=agrolink-detalhe-noticia&amp;utm_medium=detalhe-noticia&amp;utm_campaign=links-internos\" target=\"_blank\" rel=\"noopener\">Veja mais informa\u00e7\u00f5es sobre o clima em Agrotempo<\/a><\/p>\n<p style=\"text-align:justify\">A umidade do solo nessas regi\u00f5es melhorou ap\u00f3s semanas de tempo chuvoso, com parte das precipita\u00e7\u00f5es resultantes dos remanescentes do antigo furac\u00e3o Kirk, que trouxe chuvas fortes e ventos intensos para a Pen\u00ednsula Ib\u00e9rica e partes da Fran\u00e7a. Algumas \u00e1reas, como o norte da It\u00e1lia, registraram volumes de chuva entre 50 e 170 mm, causando inunda\u00e7\u00f5es localizadas e atrasando o trabalho de campo, conforme os dados do USDA.\n<\/p>\n<p style=\"text-align:justify\">De acordo com o\u00a0&#8220;Weekly Weather and Crop Bulletin&#8221;, apesar das chuvas abundantes, algumas \u00e1reas agr\u00edcolas, como a Pol\u00f4nia e os Estados B\u00e1lticos, tiveram condi\u00e7\u00f5es mais secas e favor\u00e1veis, com precipita\u00e7\u00f5es de 2 a 15 mm, favorecendo o plantio das safras de inverno e outros trabalhos sazonais. No entanto, bols\u00f5es de seca voltaram a preocupar o Vale do Rio Dan\u00fabio, principalmente na Hungria e, em menor escala, no sudoeste da Rom\u00eania.\n<\/p>\n<p style=\"text-align:justify\">As temperaturas tamb\u00e9m variaram, com registros de at\u00e9 4\u00b0C acima do normal no sudeste europeu, substituindo a recente onda de frio que havia atingido a regi\u00e3o.<\/p>\n<\/div>\n<\/div>\n<p><script data-cfasync=\"false\">\n    !function (f, b, e, v, n, t, s) {\n        if (f.fbq) return; n = f.fbq = function () {\n            n.callMethod ?\n                n.callMethod.apply(n, arguments) : n.queue.push(arguments)\n        };\n        if (!f._fbq) f._fbq = n; n.push = n; n.loaded = !0; n.version = '2.0';\n        n.queue = []; t = b.createElement(e); t.async = !0;\n        t.src = v; s = b.getElementsByTagName(e)[0];\n        s.parentNode.insertBefore(t, s)\n    }(window, document, 'script',\n        'https:\/\/connect.facebook.net\/en_US\/fbevents.js');\n    fbq('init', '522546078623747');\n    fbq('track', 'PageView');\n<\/script><br \/>\n<br \/><br \/>\n<br \/><a href=\"https:\/\/www.agrolink.com.br\/noticias\/chuvas-aliviam-seca-e-beneficiam-solos-para-graos-de-inverno-na-europa_495951.html\">Source link <\/a><\/p>\n","protected":false},"excerpt":{"rendered":"<p>Antigo furac\u00e3o Kirk causa chuvas intensas e al\u00edvio parcial da seca na Europa Agrolink &#8211; Seane Lennon Publicado em 17\/10\/2024<\/p>\n","protected":false},"author":1,"featured_media":3524,"comment_status":"open","ping_status":"open","sticky":false,"template":"","format":"standard","meta":{"_monsterinsights_skip_tracking":false,"_monsterinsights_sitenote_active":false,"_monsterinsights_sitenote_note":"","_monsterinsights_sitenote_category":0,"_uf_show_specific_survey":0,"_uf_disable_surveys":false,"footnotes":""},"categories":[8,1,14],"tags":[],"class_list":["post-3523","post","type-post","status-publish","format-standard","has-post-thumbnail","hentry","category-agro","category-news","category-politica-agro"],"_links":{"self":[{"href":"https:\/\/agromt.news\/index.php?rest_route=\/wp\/v2\/posts\/3523"}],"collection":[{"href":"https:\/\/agromt.news\/index.php?rest_route=\/wp\/v2\/posts"}],"about":[{"href":"https:\/\/agromt.news\/index.php?rest_route=\/wp\/v2\/types\/post"}],"author":[{"embeddable":true,"href":"https:\/\/agromt.news\/index.php?rest_route=\/wp\/v2\/users\/1"}],"replies":[{"embeddable":true,"href":"https:\/\/agromt.news\/index.php?rest_route=%2Fwp%2Fv2%2Fcomments&post=3523"}],"version-history":[{"count":0,"href":"https:\/\/agromt.news\/index.php?rest_route=\/wp\/v2\/posts\/3523\/revisions"}],"wp:featuredmedia":[{"embeddable":true,"href":"https:\/\/agromt.news\/index.php?rest_route=\/wp\/v2\/media\/3524"}],"wp:attachment":[{"href":"https:\/\/agromt.news\/index.php?rest_route=%2Fwp%2Fv2%2Fmedia&parent=3523"}],"wp:term":[{"taxonomy":"category","embeddable":true,"href":"https:\/\/agromt.news\/index.php?rest_route=%2Fwp%2Fv2%2Fcategories&post=3523"},{"taxonomy":"post_tag","embeddable":true,"href":"https:\/\/agromt.news\/index.php?rest_route=%2Fwp%2Fv2%2Ftags&post=3523"}],"curies":[{"name":"wp","href":"https:\/\/api.w.org\/{rel}","templated":true}]}}