{"id":3521,"date":"2024-10-17T19:44:55","date_gmt":"2024-10-17T23:44:55","guid":{"rendered":"https:\/\/agromt.news\/?p=3521"},"modified":"2024-10-17T19:44:55","modified_gmt":"2024-10-17T23:44:55","slug":"e-a-musica-do-fascismo-brasileiro","status":"publish","type":"post","link":"https:\/\/agromt.news\/?p=3521","title":{"rendered":"&#8216;\u00c9 a m\u00fasica do fascismo brasileiro&#8217;"},"content":{"rendered":"<p> <br \/>\n<br \/><img decoding=\"async\" src=\"https:\/\/agromt.news\/wp-content\/uploads\/2024\/10\/E-a-musica-do-fascismo-brasileiro.jpg\" \/><\/p>\n<div>\n<p>O ex-ator da Globo Pedro Cardoso, conhecido por interpretar Agostinho Carrara na s\u00e9rie \u201cA Grande Fam\u00edlia\u201d, fez cr\u00edticas severas \u00e0 <strong><a href=\"http:\/\/www.canalrural.com.br\/tag\/sertanejo\/\">m\u00fasica sertaneja<\/a><\/strong> atual em uma entrevista \u00e0 R\u00e1dio Bandeirantes no dia 21 de setembro. As declara\u00e7\u00f5es come\u00e7aram a ganhar repercuss\u00e3o nesta quarta-feira, 16 de outubro, e provocaram rea\u00e7\u00f5es de artistas e f\u00e3s do g\u00eanero nas redes sociais.<\/p>\n<p>Durante a entrevista, Cardoso questionou a autenticidade do sertanejo contempor\u00e2neo, afirmando que ele se distanciou das tradi\u00e7\u00f5es e temas originais do g\u00eanero. Segundo o ator, o sertanejo tradicional falava sobre a vida no sert\u00e3o e as dificuldades do campo, enquanto as m\u00fasicas atuais se concentram em temas mais superficiais. <\/p>\n<\/div>\n<div>\n<p>\u201cAcho injusto chamar isso de sertanejo. Sertanejo \u00e9: \u2018no rancho fundo, bem pra l\u00e1 do fim do mundo\u2019. Isso \u00e9 sertanejo\u201d, afirmou Cardoso. \u201cO \u00fanico assunto que eles t\u00eam [hoje] \u00e9 a quest\u00e3o da masculinidade e da fidelidade feminina\u201d.<\/p>\n<figure class=\"wp-block-embed is-type-rich is-provider-instagram wp-block-embed-instagram\">\n<p><iframe title=\"Instagram frame\" loading=\"lazy\" height=\"628\" class=\"instagram-embed-iframe\" src=\"https:\/\/www.canalrural.com.br\/entretenimento\/ex-ator-da-globo-critica-sertanejo-e-a-musica-do-fascismo-brasileiro\/about:blank\" allowtransparency=\"true\" frameborder=\"0\" scrolling=\"no\" onload=\"(function(o){window.instagramIframe = window.instagramIframe || []; window.instagramIframe.push(o);})(this)\" style=\"border: 0px; margin: 0 auto; max-width: 658px; width: calc(100% - 2px); border-radius: 4px; box-shadow: rgba(0, 0, 0, 0.498039) 0px 0px 1px 0px, rgba(0, 0, 0, 0.14902) 0px 1px 10px 0px; display: block; padding: 0px; background: rgb(255, 255, 255);\" data-rocket-lazyload=\"fitvidscompatible\" data-lazy-src=\"https:\/\/www.instagram.com\/p\/DBMJAZjJny-\/embed\/\"><\/iframe><noscript><iframe title=\"Instagram frame\" loading=\"lazy\" height=\"628\" class=\"instagram-embed-iframe\" src=\"https:\/\/www.instagram.com\/p\/DBMJAZjJny-\/embed\/\" allowtransparency=\"true\" frameborder=\"0\" scrolling=\"no\" onload=\"(function(o){window.instagramIframe = window.instagramIframe || []; window.instagramIframe.push(o);})(this)\" style=\"border: 0px; margin: 0 auto; max-width: 658px; width: calc(100% - 2px); border-radius: 4px; box-shadow: rgba(0, 0, 0, 0.498039) 0px 0px 1px 0px, rgba(0, 0, 0, 0.14902) 0px 1px 10px 0px; display: block; padding: 0px; background: rgb(255, 255, 255);\"><\/iframe><\/noscript><\/p>\n<\/figure>\n<p>O ator classificou o sertanejo atual como \u201ca m\u00fasica do fascismo brasileiro\u201d. Segundo ele, o g\u00eanero \u00e9 vazio de conte\u00fado e se repete em tem\u00e1ticas limitadas. \u201c\u00c9 uma m\u00fasica vazia de interesse te\u00f3rico, sobre assunto nenhum. \u00c9 uma m\u00fasica sobre ser corno ou n\u00e3o ser corno\u201d, afirmou.<\/p>\n<p>Cardoso tamb\u00e9m fez observa\u00e7\u00f5es sobre a influ\u00eancia da cultura norte-americana no sertanejo atual, sugerindo que o g\u00eanero foi \u201cimportado\u201d e moldado para atender ao mercado, alegando que o sertanejo moderno perdeu suas caracter\u00edsticas genuinamente brasileiras.<\/p>\n<\/div>\n<p><script async src=\"\/\/www.instagram.com\/embed.js\"><\/script><br \/>\n<br \/><br \/>\n<br \/><a href=\"https:\/\/www.canalrural.com.br\/entretenimento\/ex-ator-da-globo-critica-sertanejo-e-a-musica-do-fascismo-brasileiro\/\">Source link <\/a><\/p>\n","protected":false},"excerpt":{"rendered":"<p>O ex-ator da Globo Pedro Cardoso, conhecido por interpretar Agostinho Carrara na s\u00e9rie \u201cA Grande Fam\u00edlia\u201d, fez cr\u00edticas severas \u00e0<\/p>\n","protected":false},"author":1,"featured_media":3522,"comment_status":"open","ping_status":"open","sticky":false,"template":"","format":"standard","meta":{"_monsterinsights_skip_tracking":false,"_monsterinsights_sitenote_active":false,"_monsterinsights_sitenote_note":"","_monsterinsights_sitenote_category":0,"_uf_show_specific_survey":0,"_uf_disable_surveys":false,"footnotes":""},"categories":[1],"tags":[],"class_list":["post-3521","post","type-post","status-publish","format-standard","has-post-thumbnail","hentry","category-news"],"_links":{"self":[{"href":"https:\/\/agromt.news\/index.php?rest_route=\/wp\/v2\/posts\/3521"}],"collection":[{"href":"https:\/\/agromt.news\/index.php?rest_route=\/wp\/v2\/posts"}],"about":[{"href":"https:\/\/agromt.news\/index.php?rest_route=\/wp\/v2\/types\/post"}],"author":[{"embeddable":true,"href":"https:\/\/agromt.news\/index.php?rest_route=\/wp\/v2\/users\/1"}],"replies":[{"embeddable":true,"href":"https:\/\/agromt.news\/index.php?rest_route=%2Fwp%2Fv2%2Fcomments&post=3521"}],"version-history":[{"count":0,"href":"https:\/\/agromt.news\/index.php?rest_route=\/wp\/v2\/posts\/3521\/revisions"}],"wp:featuredmedia":[{"embeddable":true,"href":"https:\/\/agromt.news\/index.php?rest_route=\/wp\/v2\/media\/3522"}],"wp:attachment":[{"href":"https:\/\/agromt.news\/index.php?rest_route=%2Fwp%2Fv2%2Fmedia&parent=3521"}],"wp:term":[{"taxonomy":"category","embeddable":true,"href":"https:\/\/agromt.news\/index.php?rest_route=%2Fwp%2Fv2%2Fcategories&post=3521"},{"taxonomy":"post_tag","embeddable":true,"href":"https:\/\/agromt.news\/index.php?rest_route=%2Fwp%2Fv2%2Ftags&post=3521"}],"curies":[{"name":"wp","href":"https:\/\/api.w.org\/{rel}","templated":true}]}}