{"id":3516,"date":"2024-10-17T18:16:45","date_gmt":"2024-10-17T22:16:45","guid":{"rendered":"https:\/\/agromt.news\/?p=3516"},"modified":"2024-10-17T18:16:45","modified_gmt":"2024-10-17T22:16:45","slug":"presidente-da-aprosoja-rs-conta-como-esta-o-plantio-do-grao-no-estado-novembro-trara-alivio","status":"publish","type":"post","link":"https:\/\/agromt.news\/?p=3516","title":{"rendered":"Presidente da Aprosoja-RS conta como est\u00e1 o plantio do gr\u00e3o no estado; novembro trar\u00e1 al\u00edvio"},"content":{"rendered":"<p> <br \/>\n<br \/><img decoding=\"async\" src=\"https:\/\/agromt.news\/wp-content\/uploads\/2024\/09\/Brasil-tem-precos-mistos-e-poucos-negocios-nesta-quarta-feira.png\" \/><\/p>\n<div>\n<p>O plantio da <a href=\"https:\/\/www.canalrural.com.br\/agricultura\/soja\/\">soja <\/a>no Rio Grande do Sul est\u00e1 liberado desde o dia 1\u00ba de outubro. Em entrevista ao <a href=\"https:\/\/www.canalrural.com.br\/agricultura\/projeto-soja-brasil\/\">Soja Brasil,<\/a> Ireneu Orth, presidente da <a href=\"https:\/\/www.aprosojars.com.br\/\">Aprosoja RS<\/a>, analisa o cen\u00e1rio atual da semeadura, especialmente ap\u00f3s o aparecimento das chuvas.<\/p>\n<p>Orth ressalta que, apesar do impacto das chuvas em algumas \u00e1reas, o efeito sobre o plantio \u00e9 m\u00ednimo. \u201cHouve preju\u00edzos localizados, mas o forte do plantio ocorre em novembro\u201d, explica. Ele observa que as expectativas para o aumento da semeadura s\u00e3o positivas assim que a colheita do trigo for conclu\u00edda.<\/p>\n<p class=\"has-text-align-center\"><em>Confira na palma da m\u00e3o informa\u00e7\u00f5es quentes sobre agricultura, pecu\u00e1ria, economia e previs\u00e3o do tempo:<\/em><a href=\"https:\/\/www.whatsapp.com\/channel\/0029Va9VnZxGk1FplZjiW43k\"><em>\u00a0<\/em><strong>siga o Canal Rural no WhatsApp<\/strong><\/a>!<\/p>\n<\/div>\n<div>\n<p>O presidente observa que na regi\u00e3o de Lagoa Vermelha a semeadura ainda \u00e9 escassa, com pouco ou nada plantado, enquanto nas Miss\u00f5es o percentual plantado n\u00e3o ultrapassa 3% a 4%. Orth atribui essa situa\u00e7\u00e3o \u00e0 colheita do trigo, ainda est\u00e1 em andamento e impacta a janela de plantio da soja.<\/p>\n<p>\u201cA chuva atrapalha especialmente onde o trigo est\u00e1 mais maduro, levando a preju\u00edzos em algumas \u00e1reas. Assim que a colheita for conclu\u00edda, esperamos um aumento no plantio de soja durante o pr\u00f3ximo m\u00eas, sendo o per\u00edodo mais forte para a semeadura no estado\u201d, afirma.<\/p>\n<p>Apesar dos desafios, Orth reitera que o plantio de soja pode ser realizado com sucesso nas pr\u00f3ximas semanas, desde que os produtores estejam atentos \u00e0s condi\u00e7\u00f5es clim\u00e1ticas e ao cronograma de colheita das culturas de inverno.<\/p>\n<\/div>\n<p><br \/>\n<br \/><a href=\"https:\/\/www.canalrural.com.br\/agricultura\/projeto-soja-brasil\/presidente-da-aprosoja-rs-conta-como-esta-o-plantio-do-grao-no-estado-novembro-trara-alivio\/\">Source link <\/a><\/p>\n","protected":false},"excerpt":{"rendered":"<p>O plantio da soja no Rio Grande do Sul est\u00e1 liberado desde o dia 1\u00ba de outubro. Em entrevista ao<\/p>\n","protected":false},"author":1,"featured_media":1857,"comment_status":"open","ping_status":"open","sticky":false,"template":"","format":"standard","meta":{"_monsterinsights_skip_tracking":false,"_monsterinsights_sitenote_active":false,"_monsterinsights_sitenote_note":"","_monsterinsights_sitenote_category":0,"_uf_show_specific_survey":0,"_uf_disable_surveys":false,"footnotes":""},"categories":[1],"tags":[],"class_list":["post-3516","post","type-post","status-publish","format-standard","has-post-thumbnail","hentry","category-news"],"_links":{"self":[{"href":"https:\/\/agromt.news\/index.php?rest_route=\/wp\/v2\/posts\/3516"}],"collection":[{"href":"https:\/\/agromt.news\/index.php?rest_route=\/wp\/v2\/posts"}],"about":[{"href":"https:\/\/agromt.news\/index.php?rest_route=\/wp\/v2\/types\/post"}],"author":[{"embeddable":true,"href":"https:\/\/agromt.news\/index.php?rest_route=\/wp\/v2\/users\/1"}],"replies":[{"embeddable":true,"href":"https:\/\/agromt.news\/index.php?rest_route=%2Fwp%2Fv2%2Fcomments&post=3516"}],"version-history":[{"count":0,"href":"https:\/\/agromt.news\/index.php?rest_route=\/wp\/v2\/posts\/3516\/revisions"}],"wp:featuredmedia":[{"embeddable":true,"href":"https:\/\/agromt.news\/index.php?rest_route=\/wp\/v2\/media\/1857"}],"wp:attachment":[{"href":"https:\/\/agromt.news\/index.php?rest_route=%2Fwp%2Fv2%2Fmedia&parent=3516"}],"wp:term":[{"taxonomy":"category","embeddable":true,"href":"https:\/\/agromt.news\/index.php?rest_route=%2Fwp%2Fv2%2Fcategories&post=3516"},{"taxonomy":"post_tag","embeddable":true,"href":"https:\/\/agromt.news\/index.php?rest_route=%2Fwp%2Fv2%2Ftags&post=3516"}],"curies":[{"name":"wp","href":"https:\/\/api.w.org\/{rel}","templated":true}]}}