{"id":3514,"date":"2024-10-17T17:58:27","date_gmt":"2024-10-17T21:58:27","guid":{"rendered":"https:\/\/agromt.news\/?p=3514"},"modified":"2024-10-17T17:58:27","modified_gmt":"2024-10-17T21:58:27","slug":"venda-de-fazenda-dedicada-a-pesquisa-do-cafe-ameaca-futuro-da-cultura-fiz-faesp","status":"publish","type":"post","link":"https:\/\/agromt.news\/?p=3514","title":{"rendered":"Venda de fazenda dedicada \u00e0 pesquisa do\u00a0caf\u00e9\u00a0amea\u00e7a futuro da cultura, fiz Faesp"},"content":{"rendered":"<p> <br \/>\n<\/p>\n<div>\n<p>A poss\u00edvel venda de parte da Fazenda Santa Elisa, pertencente ao Instituto Agron\u00f4mico de Campinas (IAC), preocupa a Federa\u00e7\u00e3o da Agricultura e Pecu\u00e1ria do Estado de S\u00e3o Paulo <strong><a href=\"https:\/\/www.canalrural.com.br\/tag\/faesp\/\">(Faesp)<\/a><\/strong>.<\/p>\n<p>Por meio do presidente da entidade, Tirso de Salles Meirelles, foi enviado um of\u00edcio ao governador de S\u00e3o Paulo, Tarc\u00edsio de Freitas, enfatizando a apreens\u00e3o sobre o neg\u00f3cio.<\/p>\n<p>A transa\u00e7\u00e3o faz parte de estudos da Secretaria de Agricultura e Abastecimento do estado para avaliar a viabilidade comercial de \u00e1reas pertencentes \u00e0 pasta.<\/p>\n<h2 class=\"wp-block-heading\" id=\"h-heranca-genetica-do-cafe\">Heran\u00e7a gen\u00e9tica do caf\u00e9<\/h2>\n<figure class=\"wp-block-image size-large\"><img fetchpriority=\"high\" decoding=\"async\" width=\"640\" height=\"389\" alt=\"Mapa define direcionamento de recursos do Funcaf\u00e9 para safra 2023\/2024\" class=\"wp-image-2943932\"  data-lazy- src=\"https:\/\/agromt.news\/wp-content\/uploads\/2024\/10\/Venda-de-fazenda-dedicada-a-pesquisa-do-cafe-ameaca-futuro-da-cultura.png\"\/><img decoding=\"async\" width=\"640\" height=\"389\" src=\"https:\/\/agromt.news\/wp-content\/uploads\/2024\/10\/Venda-de-fazenda-dedicada-a-pesquisa-do-cafe-ameaca-futuro-da-cultura.png\" alt=\"Mapa define direcionamento de recursos do Funcaf\u00e9 para safra 2023\/2024\" class=\"wp-image-2943932\"  \/><\/figure>\n<p>A Faesp argumenta que a propriedade abriga um dos mais importantes bancos de germoplasma de caf\u00e9 do Brasil e do mundo. <\/p>\n<p>\u201cTrata-se de uma \u00e1rea que re\u00fane todo o conjunto de material gen\u00e9tico que comp\u00f5e a base da heran\u00e7a gen\u00e9tica do caf\u00e9 no pa\u00eds, o que, segundo o documento enviado ao governador, \u00e9 fundamental para a continuidade das pesquisas e desenvolvimento de novas variedades da cultura\u201d, diz a nota. <\/p>\n<\/div>\n<div>\n<p>Segundo a Federa\u00e7\u00e3o, a Fazenda Santa Elisa tem papel central diante da import\u00e2ncia hist\u00f3rica do caf\u00e9 no fortalecimento da economia nacional, uma vez que \u201c90% das cultivares de caf\u00e9 produzidas no Brasil s\u00e3o resultado de pesquisas realizadas nesta unidade do IAC\u201d, conforme consta no of\u00edcio.<\/p>\n<blockquote class=\"wp-block-quote is-layout-flow wp-block-quote-is-layout-flow\">\n<p>\u201cVale destacar que o caf\u00e9 da Col\u00f4mbia, que \u00e9 uma refer\u00eancia no mercado internacional, \u00e9 fruto das pesquisas do IAC. O Instituto faz um trabalho grandioso, que precisa ser preservado. Temos expectativa de que o governador reveja essa proposta\u201d, afirmou Meirelles.<\/p>\n<\/blockquote>\n<h2 class=\"wp-block-heading\" id=\"h-transferencia-da-pesquisa\">Transfer\u00eancia da pesquisa <\/h2>\n<p>A venda da \u00e1rea impacta a sustentabilidade e competitividade da cafeicultura brasileira, adverte a entidade. <\/p>\n<p>\u201cAl\u00e9m disso, a Faesp avalia que a eventual transfer\u00eancia das pesquisas para outra localidade seria um processo dispendioso e demorado, comprometendo os avan\u00e7os cient\u00edficos em desenvolvimento. A entidade defende que decis\u00f5es sobre a venda de bens p\u00fablicos considerem n\u00e3o apenas os aspectos financeiros, mas tamb\u00e9m os impactos sociais, econ\u00f4micos e ambientais a longo prazo\u201d.<\/p>\n<p>Por fim, o of\u00edcio solicita ao governador que reconsidere a possibilidade da venda da \u00e1rea e que preserve a unidade de pesquisa do IAC.<\/p>\n<\/div>\n<p><br \/>\n<br \/><a href=\"https:\/\/www.canalrural.com.br\/agricultura\/venda-de-fazenda-dedicada-a-pesquisa-do-cafe-ameaca-futuro-da-cultura-fiz-faesp\/\">Source link <\/a><\/p>\n","protected":false},"excerpt":{"rendered":"<p>A poss\u00edvel venda de parte da Fazenda Santa Elisa, pertencente ao Instituto Agron\u00f4mico de Campinas (IAC), preocupa a Federa\u00e7\u00e3o da<\/p>\n","protected":false},"author":1,"featured_media":3515,"comment_status":"open","ping_status":"open","sticky":false,"template":"","format":"standard","meta":{"_monsterinsights_skip_tracking":false,"_monsterinsights_sitenote_active":false,"_monsterinsights_sitenote_note":"","_monsterinsights_sitenote_category":0,"_uf_show_specific_survey":0,"_uf_disable_surveys":false,"footnotes":""},"categories":[1],"tags":[],"class_list":["post-3514","post","type-post","status-publish","format-standard","has-post-thumbnail","hentry","category-news"],"_links":{"self":[{"href":"https:\/\/agromt.news\/index.php?rest_route=\/wp\/v2\/posts\/3514"}],"collection":[{"href":"https:\/\/agromt.news\/index.php?rest_route=\/wp\/v2\/posts"}],"about":[{"href":"https:\/\/agromt.news\/index.php?rest_route=\/wp\/v2\/types\/post"}],"author":[{"embeddable":true,"href":"https:\/\/agromt.news\/index.php?rest_route=\/wp\/v2\/users\/1"}],"replies":[{"embeddable":true,"href":"https:\/\/agromt.news\/index.php?rest_route=%2Fwp%2Fv2%2Fcomments&post=3514"}],"version-history":[{"count":0,"href":"https:\/\/agromt.news\/index.php?rest_route=\/wp\/v2\/posts\/3514\/revisions"}],"wp:featuredmedia":[{"embeddable":true,"href":"https:\/\/agromt.news\/index.php?rest_route=\/wp\/v2\/media\/3515"}],"wp:attachment":[{"href":"https:\/\/agromt.news\/index.php?rest_route=%2Fwp%2Fv2%2Fmedia&parent=3514"}],"wp:term":[{"taxonomy":"category","embeddable":true,"href":"https:\/\/agromt.news\/index.php?rest_route=%2Fwp%2Fv2%2Fcategories&post=3514"},{"taxonomy":"post_tag","embeddable":true,"href":"https:\/\/agromt.news\/index.php?rest_route=%2Fwp%2Fv2%2Ftags&post=3514"}],"curies":[{"name":"wp","href":"https:\/\/api.w.org\/{rel}","templated":true}]}}