{"id":3512,"date":"2024-10-17T17:57:29","date_gmt":"2024-10-17T21:57:29","guid":{"rendered":"https:\/\/agromt.news\/?p=3512"},"modified":"2024-10-17T17:57:29","modified_gmt":"2024-10-17T21:57:29","slug":"seca-ameaca-colheitas-de-trigo-na-russia-e-ucrania","status":"publish","type":"post","link":"https:\/\/agromt.news\/?p=3512","title":{"rendered":"Seca amea\u00e7a colheitas de trigo na R\u00fassia e Ucr\u00e2nia"},"content":{"rendered":"<p> <br \/>\n<\/p>\n<div>\n<div class=\"row\">\n<div class=\"col-lg col-infos mt-3 mt-lg-0\">\n<div class=\"section-sub-title\">\n<p itemprop=\"description\">\nMetade ocidental da Ucr\u00e2nia e R\u00fassia se recupera com chuvas\n<\/p>\n<\/div>\n<div class=\"container\">\n<div class=\"row\">\n<div class=\"col-lg p-0\">\n<div>\n<div class=\"block-news-main-infos mt-3 text-start\">\n<strong class=\"fn\" itemprop=\"author\" style=\"color: rgb(112, 112, 112); \"><br \/>\n<a href=\"https:\/\/www.agrolink.com.br\/noticias\/javascript:;\" class=\"text-uppercase\" target=\"_blank\" style=\"color: rgb(112, 112, 112); \" rel=\"noopener\">Agrolink<\/a><br \/>\n&#8211; Seane Lennon<br \/>\n<\/strong><br \/>\n<br \/>\n<abbr><time datetime=\"2024-10-17T17:23\" itemprop=\"datePublished dateModified\">Publicado em 17\/10\/2024 \u00e0s 17:23h.<\/time><\/abbr><br \/>\n\n<\/div>\n<\/div>\n<\/div>\n<div class=\"col-lg p-0 text-lg-end\">\n<div>\n<div id=\"mdEnviarPagina\" class=\"modal fade\" role=\"dialog\">\n<div class=\"modal-dialog\">\n<div class=\"modal-content\">\n<div class=\"modal-body\">\n<p><strong>Estimado usu\u00e1rio.<\/strong><br \/>Preencha o formul\u00e1rio abaixo para remeter a p\u00e1gina.<\/p>\n<\/div>\n<\/div>\n<\/div>\n<\/div>\n<\/div>\n<\/div>\n<\/div>\n<\/div>\n<\/div>\n<\/div>\n<div class=\"row justify-content-md-center mt-3\">\n<div class=\"col-lg-auto col-image  block-news-main-image d-none d-md-block\">\n<img decoding=\"async\" src=\"https:\/\/www.agrolink.com.br\/upload\/imagens-resizes\/d96640bcbbe2431d984fc1aebac88a46_858x483.jpg\" class=\"lazyload \"\/><br \/>\n<span class=\"publicity-photo d-block mt-1\">Foto: Canva<\/span>\n<\/div>\n<\/div>\n<div class=\"section-description section-description-noticias mt-3\">\n<p style=\"text-align:justify\">Segundo o boletim &#8220;Weekly Weather and Crop Bulletin&#8221;, divulgado nesta quarta-feira (16) pela Administra\u00e7\u00e3o Oce\u00e2nica e Atmosf\u00e9rica Nacional dos Estados Unidos (NOAA) e pelo Departamento de Agricultura dos Estados Unidos (USDA), um bloqueio atmosf\u00e9rico de alta press\u00e3o, que havia persistido por semanas no oeste da R\u00fassia, come\u00e7ou a se deslocar para o leste, mantendo a seca em \u00e1reas orientais, mas permitindo que chuvas atingissem a metade ocidental da regi\u00e3o. Pouca ou nenhuma precipita\u00e7\u00e3o foi observada no leste da Ucr\u00e2nia e no oeste da R\u00fassia, exceto por leves chuvas de 2 a 12 mm ao longo da costa russa do Mar Negro, no final do per\u00edodo de monitoramento.\n<\/p>\n<p style=\"text-align:justify\"><a href=\"https:\/\/www.agrolink.com.br\/agrotempo?utm_source=agrolink-detalhe-noticia&amp;utm_medium=detalhe-noticia&amp;utm_campaign=links-internos\" target=\"_blank\" rel=\"noopener\">Veja mais informa\u00e7\u00f5es sobre o clima em Agrotempo<\/a><\/p>\n<p style=\"text-align:justify\">A seca severa e extrema continua a impactar as principais \u00e1reas de cultivo de <a href=\"https:\/\/www.agrolink.com.br\/culturas\/trigo\/?utm_source=agrolink-detalhe-noticia&amp;utm_medium=detalhe-noticia&amp;utm_campaign=links-internos\" target=\"_blank\" rel=\"noopener\">trigo<\/a> de inverno no oeste da R\u00fassia e no leste da Ucr\u00e2nia, onde as precipita\u00e7\u00f5es dos \u00faltimos 90 dias somam menos de 25% do esperado. O trigo de inverno, normalmente plantado entre o final de agosto e setembro, tem sido severamente afetado, com muitos produtores optando por pulverizar as safras ou adiar o plantio para a primavera, mudando para cultivos de ver\u00e3o.<\/p>\n<p style=\"text-align:justify\">De acordo com o\u00a0&#8220;Weekly Weather and Crop Bulletin&#8221;, por outro lado, as chuvas se intensificaram e se expandiram nas regi\u00f5es ocidentais, com volumes variando de 10 a 100 mm, beneficiando a Mold\u00e1via, o sudoeste da Ucr\u00e2nia e o noroeste da R\u00fassia. Com isso, as perspectivas para as colheitas de inverno s\u00e3o mais otimistas nessas \u00e1reas.\n<\/p>\n<p style=\"text-align:justify\">Ainda assim, o \u00cdndice de Sa\u00fade da Vegeta\u00e7\u00e3o (VHI), obtido por sat\u00e9lite, continua mostrando condi\u00e7\u00f5es ruins a p\u00e9ssimas no leste da Ucr\u00e2nia e em grande parte da R\u00fassia. J\u00e1 na Mold\u00e1via e no oeste da Ucr\u00e2nia, as recentes e cont\u00ednuas chuvas contribu\u00edram para uma recupera\u00e7\u00e3o no vigor das culturas, conforme os dados do USDA.<\/p>\n<\/div>\n<\/div>\n<p><script data-cfasync=\"false\">\n    !function (f, b, e, v, n, t, s) {\n        if (f.fbq) return; n = f.fbq = function () {\n            n.callMethod ?\n                n.callMethod.apply(n, arguments) : n.queue.push(arguments)\n        };\n        if (!f._fbq) f._fbq = n; n.push = n; n.loaded = !0; n.version = '2.0';\n        n.queue = []; t = b.createElement(e); t.async = !0;\n        t.src = v; s = b.getElementsByTagName(e)[0];\n        s.parentNode.insertBefore(t, s)\n    }(window, document, 'script',\n        'https:\/\/connect.facebook.net\/en_US\/fbevents.js');\n    fbq('init', '522546078623747');\n    fbq('track', 'PageView');\n<\/script><br \/>\n<br \/><br \/>\n<br \/><a href=\"https:\/\/www.agrolink.com.br\/noticias\/seca-ameaca-colheitas-de-trigo-na-russia-e-ucrania_495952.html\">Source link <\/a><\/p>\n","protected":false},"excerpt":{"rendered":"<p>Metade ocidental da Ucr\u00e2nia e R\u00fassia se recupera com chuvas Agrolink &#8211; Seane Lennon Publicado em 17\/10\/2024 \u00e0s 17:23h. Estimado<\/p>\n","protected":false},"author":1,"featured_media":3513,"comment_status":"open","ping_status":"open","sticky":false,"template":"","format":"standard","meta":{"_monsterinsights_skip_tracking":false,"_monsterinsights_sitenote_active":false,"_monsterinsights_sitenote_note":"","_monsterinsights_sitenote_category":0,"_uf_show_specific_survey":0,"_uf_disable_surveys":false,"footnotes":""},"categories":[8,1,14],"tags":[],"class_list":["post-3512","post","type-post","status-publish","format-standard","has-post-thumbnail","hentry","category-agro","category-news","category-politica-agro"],"_links":{"self":[{"href":"https:\/\/agromt.news\/index.php?rest_route=\/wp\/v2\/posts\/3512"}],"collection":[{"href":"https:\/\/agromt.news\/index.php?rest_route=\/wp\/v2\/posts"}],"about":[{"href":"https:\/\/agromt.news\/index.php?rest_route=\/wp\/v2\/types\/post"}],"author":[{"embeddable":true,"href":"https:\/\/agromt.news\/index.php?rest_route=\/wp\/v2\/users\/1"}],"replies":[{"embeddable":true,"href":"https:\/\/agromt.news\/index.php?rest_route=%2Fwp%2Fv2%2Fcomments&post=3512"}],"version-history":[{"count":0,"href":"https:\/\/agromt.news\/index.php?rest_route=\/wp\/v2\/posts\/3512\/revisions"}],"wp:featuredmedia":[{"embeddable":true,"href":"https:\/\/agromt.news\/index.php?rest_route=\/wp\/v2\/media\/3513"}],"wp:attachment":[{"href":"https:\/\/agromt.news\/index.php?rest_route=%2Fwp%2Fv2%2Fmedia&parent=3512"}],"wp:term":[{"taxonomy":"category","embeddable":true,"href":"https:\/\/agromt.news\/index.php?rest_route=%2Fwp%2Fv2%2Fcategories&post=3512"},{"taxonomy":"post_tag","embeddable":true,"href":"https:\/\/agromt.news\/index.php?rest_route=%2Fwp%2Fv2%2Ftags&post=3512"}],"curies":[{"name":"wp","href":"https:\/\/api.w.org\/{rel}","templated":true}]}}