{"id":3498,"date":"2024-10-17T14:04:24","date_gmt":"2024-10-17T18:04:24","guid":{"rendered":"https:\/\/agromt.news\/?p=3498"},"modified":"2024-10-17T14:04:24","modified_gmt":"2024-10-17T18:04:24","slug":"dupla-e-presa-no-porto-de-santos-apos-cocaina-ser-encontrada-em-carga-de-cafe","status":"publish","type":"post","link":"https:\/\/agromt.news\/?p=3498","title":{"rendered":"Dupla \u00e9 presa no Porto de Santos ap\u00f3s coca\u00edna ser encontrada em carga de caf\u00e9"},"content":{"rendered":"<p> <br \/>\n<br \/><img decoding=\"async\" src=\"https:\/\/imagens-cdn.canalrural.com.br\/2024\/10\/cocaina.avif\" \/><\/p>\n<div>\n<p>Dois homens foram presos em flagrante na segunda-feira (14) no <strong>Porto de Santos<\/strong>, S\u00e3o Paulo, ap\u00f3s a <strong><a href=\"https:\/\/www.canalrural.com.br\/tag\/policia-federal\/\">Pol\u00edcia Federal<\/a><\/strong>, junto com a Pol\u00edcia Militar Rodovi\u00e1ria e a Receita Federal, localizar cerca de 800 kg de coca\u00edna escondidos em um cont\u00eainer de caf\u00e9. A carga, que tinha como destino a Turquia, foi interceptada em um terminal da \u00e1rea retroportu\u00e1ria, localizado na marginal da Via Anchieta.<\/p>\n<p><em>Confira na palma da m\u00e3o informa\u00e7\u00f5es quentes sobre agricultura, pecu\u00e1ria, economia e previs\u00e3o do tempo:<\/em><a href=\"https:\/\/www.whatsapp.com\/channel\/0029Va9VnZxGk1FplZjiW43k\"><em> <\/em><strong>siga o Canal Rural no WhatsApp<\/strong><\/a>!<\/p>\n<\/div>\n<div>\n<p>As pris\u00f5es ocorreram ap\u00f3s uma investiga\u00e7\u00e3o que levou os agentes a um dos suspeitos, que foi flagrado dirigindo o caminh\u00e3o que transportava o cont\u00eainer. Durante a abordagem, foram encontradas 20 sacas contendo coca\u00edna, totalizando 792 kg. Outro envolvido no esquema tamb\u00e9m foi detido, embora a Pol\u00edcia Federal n\u00e3o tenha detalhado as circunst\u00e2ncias de sua captura.<\/p>\n<p>Ambos os suspeitos foram encaminhados \u00e0 Delegacia de Pol\u00edcia Federal de Santos, onde foi aberto um inqu\u00e9rito para investigar o caso. A droga apreendida ser\u00e1 submetida a per\u00edcia.<\/p>\n<\/div>\n<p><br \/>\n<br \/><a href=\"https:\/\/www.canalrural.com.br\/seguranca\/dupla-presa-no-porto-de-santos-apos-cocaina-ser-encontrada-em-carga-de-cafe\/\">Source link <\/a><\/p>\n","protected":false},"excerpt":{"rendered":"<p>Dois homens foram presos em flagrante na segunda-feira (14) no Porto de Santos, S\u00e3o Paulo, ap\u00f3s a Pol\u00edcia Federal, junto<\/p>\n","protected":false},"author":1,"featured_media":3499,"comment_status":"open","ping_status":"open","sticky":false,"template":"","format":"standard","meta":{"_monsterinsights_skip_tracking":false,"_monsterinsights_sitenote_active":false,"_monsterinsights_sitenote_note":"","_monsterinsights_sitenote_category":0,"_uf_show_specific_survey":0,"_uf_disable_surveys":false,"footnotes":""},"categories":[1],"tags":[],"class_list":["post-3498","post","type-post","status-publish","format-standard","has-post-thumbnail","hentry","category-news"],"_links":{"self":[{"href":"https:\/\/agromt.news\/index.php?rest_route=\/wp\/v2\/posts\/3498"}],"collection":[{"href":"https:\/\/agromt.news\/index.php?rest_route=\/wp\/v2\/posts"}],"about":[{"href":"https:\/\/agromt.news\/index.php?rest_route=\/wp\/v2\/types\/post"}],"author":[{"embeddable":true,"href":"https:\/\/agromt.news\/index.php?rest_route=\/wp\/v2\/users\/1"}],"replies":[{"embeddable":true,"href":"https:\/\/agromt.news\/index.php?rest_route=%2Fwp%2Fv2%2Fcomments&post=3498"}],"version-history":[{"count":0,"href":"https:\/\/agromt.news\/index.php?rest_route=\/wp\/v2\/posts\/3498\/revisions"}],"wp:featuredmedia":[{"embeddable":true,"href":"https:\/\/agromt.news\/index.php?rest_route=\/wp\/v2\/media\/3499"}],"wp:attachment":[{"href":"https:\/\/agromt.news\/index.php?rest_route=%2Fwp%2Fv2%2Fmedia&parent=3498"}],"wp:term":[{"taxonomy":"category","embeddable":true,"href":"https:\/\/agromt.news\/index.php?rest_route=%2Fwp%2Fv2%2Fcategories&post=3498"},{"taxonomy":"post_tag","embeddable":true,"href":"https:\/\/agromt.news\/index.php?rest_route=%2Fwp%2Fv2%2Ftags&post=3498"}],"curies":[{"name":"wp","href":"https:\/\/api.w.org\/{rel}","templated":true}]}}