{"id":3494,"date":"2024-10-17T08:29:39","date_gmt":"2024-10-17T12:29:39","guid":{"rendered":"https:\/\/agromt.news\/?p=3494"},"modified":"2024-10-17T08:29:39","modified_gmt":"2024-10-17T12:29:39","slug":"intensa-seca-compromete-plantio-de-soja-no-mt","status":"publish","type":"post","link":"https:\/\/agromt.news\/?p=3494","title":{"rendered":"Intensa seca compromete plantio de soja no MT"},"content":{"rendered":"<p> <br \/>\n<\/p>\n<div>\n<div class=\"row\">\n<div class=\"col-lg col-infos mt-3 mt-lg-0\">\n<div class=\"section-sub-title\">\n<p itemprop=\"description\">\nO ano de 2024 tem sido dif\u00edcil para os produtores\n<\/p>\n<\/div>\n<div class=\"container\">\n<div class=\"row\">\n<div class=\"col-lg p-0\">\n<div>\n<div class=\"block-news-main-infos mt-3 text-start\">\n<strong class=\"fn\" itemprop=\"author\" style=\"color: rgb(112, 112, 112); \"><br \/>\n<a href=\"https:\/\/www.agrolink.com.br\/noticias\/javascript:;\" class=\"text-uppercase\" target=\"_blank\" style=\"color: rgb(112, 112, 112); \" rel=\"noopener\">Agrolink<\/a><br \/>\n&#8211; Leonardo Gottems<br \/>\n<\/strong><br \/>\n<br \/>\n<abbr><time datetime=\"2024-10-16T10:41\" itemprop=\"datePublished dateModified\">Publicado em 16\/10\/2024 \u00e0s 10:41h.<\/time><\/abbr><br \/>\n\n<\/div>\n<\/div>\n<\/div>\n<div class=\"col-lg p-0 text-lg-end\">\n<div>\n<div id=\"mdEnviarPagina\" class=\"modal fade\" role=\"dialog\">\n<div class=\"modal-dialog\">\n<div class=\"modal-content\">\n<div class=\"modal-body\">\n<p><strong>Estimado usu\u00e1rio.<\/strong><br \/>Preencha o formul\u00e1rio abaixo para remeter a p\u00e1gina.<\/p>\n<\/div>\n<\/div>\n<\/div>\n<\/div>\n<\/div>\n<\/div>\n<\/div>\n<\/div>\n<\/div>\n<\/div>\n<div class=\"row justify-content-md-center mt-3\">\n<div class=\"col-lg-auto col-image  block-news-main-image d-none d-md-block\">\n<img decoding=\"async\" src=\"https:\/\/www.agrolink.com.br\/upload\/imagens-resizes\/f5f8afc6cc43478c98be2445792347ef_858x483.jpg\" class=\"lazyload \" alt=\"\u201cTemos uma perspectiva de 1,5 milh\u00e3o de hectares para a cultura de algod\u00e3o&quot;\"\/><br \/>\n<span class=\"d-block mt-1\">\u201cTemos uma perspectiva de 1,5 milh\u00e3o de hectares para a cultura de algod\u00e3o&#8221; &#8211; Foto: USDA<\/span>\n<\/div>\n<\/div>\n<div class=\"section-description section-description-noticias mt-3\">\n<p>Nesta semana, Mato Grosso completa 150 dias sem chuva, resultando em uma seca severa que impacta o plantio da <a href=\"https:\/\/www.agrolink.com.br\/culturas\/soja?utm_source=agrolink-detalhe-noticia&amp;utm_medium=detalhe-noticia&amp;utm_campaign=links-internos\" target=\"_blank\" rel=\"noopener\">soja<\/a> (1\u00aa safra) e a futura cultura de <a href=\"https:\/\/www.agrolink.com.br\/culturas\/algodao\/\" target=\"_blank\" rel=\"noopener\">algod\u00e3o<\/a>. A viabilidade produtiva destes cultivos est\u00e1 ligada ao per\u00edodo de semeadura, que \u00e9 afetado pela colheita da <a href=\"https:\/\/www.agrolink.com.br\/culturas\/soja?utm_source=agrolink-detalhe-noticia&amp;utm_medium=detalhe-noticia&amp;utm_campaign=links-internos\" target=\"_blank\" rel=\"noopener\">soja<\/a>, programada para se encerrar at\u00e9 o fim de janeiro. Essa situa\u00e7\u00e3o preocupa os produtores locais, que temem n\u00e3o apenas os efeitos imediatos sobre a <a href=\"https:\/\/www.agrolink.com.br\/culturas\/soja?utm_source=agrolink-detalhe-noticia&amp;utm_medium=detalhe-noticia&amp;utm_campaign=links-internos\" target=\"_blank\" rel=\"noopener\">soja<\/a>, mas tamb\u00e9m as consequ\u00eancias na segunda safra.\n<\/p>\n<p>Rodrigo Pasqualli, diretor executivo da Funda\u00e7\u00e3o Rio Verde e do evento Show Safra, afirma: \u201cTemos uma perspectiva de 1,5 milh\u00e3o de hectares para a cultura de algod\u00e3o. A falta de chuva para a soja promete influenciar a implanta\u00e7\u00e3o dessa \u00e1rea, com riscos de viabilidade de cultivo.\u201d A \u00e1rea agricult\u00e1vel do estado para o plantio de soja \u00e9 de cerca de 12,4 milh\u00f5es de hectares, mas o progresso do cultivo n\u00e3o se compara a anos anteriores.<\/p>\n<p>Pasqualli ressalta que, apesar das particularidades do solo e clima, essa seca \u00e9 in\u00e9dita e est\u00e1 tornando o momento desafiador para os agricultores, que ainda enfrentaram queimadas recentemente. \u201cEstamos mobilizando nossa equipe de pesquisa para entender estrat\u00e9gias que podem ser adotadas para reduzir o impacto da seca.\u201d\n<\/p>\n<p>O ano de 2024 tem sido dif\u00edcil para os produtores, que j\u00e1 lidaram com rendimentos baixos na safra anterior. A Funda\u00e7\u00e3o Rio Verde investe em solu\u00e7\u00f5es inovadoras para mitigar esses problemas. \u201cAnsiamos colher resultados antes do in\u00edcio da segunda safra\u201d, conclui Pasqualli. A situa\u00e7\u00e3o destaca a necessidade de estrat\u00e9gias eficazes para enfrentar os desafios clim\u00e1ticos em Mato Grosso.<br \/>\u00a0<\/p>\n<\/div>\n<\/div>\n<p><script data-cfasync=\"false\">\n    !function (f, b, e, v, n, t, s) {\n        if (f.fbq) return; n = f.fbq = function () {\n            n.callMethod ?\n                n.callMethod.apply(n, arguments) : n.queue.push(arguments)\n        };\n        if (!f._fbq) f._fbq = n; n.push = n; n.loaded = !0; n.version = '2.0';\n        n.queue = []; t = b.createElement(e); t.async = !0;\n        t.src = v; s = b.getElementsByTagName(e)[0];\n        s.parentNode.insertBefore(t, s)\n    }(window, document, 'script',\n        'https:\/\/connect.facebook.net\/en_US\/fbevents.js');\n    fbq('init', '522546078623747');\n    fbq('track', 'PageView');\n<\/script><br \/>\n<br \/><br \/>\n<br \/><a href=\"https:\/\/www.agrolink.com.br\/noticias\/intensa-seca-compromete-plantio-de-soja-no-mt_495891.html\">Source link <\/a><\/p>\n","protected":false},"excerpt":{"rendered":"<p>O ano de 2024 tem sido dif\u00edcil para os produtores Agrolink &#8211; Leonardo Gottems Publicado em 16\/10\/2024 \u00e0s 10:41h. Estimado<\/p>\n","protected":false},"author":1,"featured_media":2637,"comment_status":"open","ping_status":"open","sticky":false,"template":"","format":"standard","meta":{"_monsterinsights_skip_tracking":false,"_monsterinsights_sitenote_active":false,"_monsterinsights_sitenote_note":"","_monsterinsights_sitenote_category":0,"_uf_show_specific_survey":0,"_uf_disable_surveys":false,"footnotes":""},"categories":[8,1,14],"tags":[],"class_list":["post-3494","post","type-post","status-publish","format-standard","has-post-thumbnail","hentry","category-agro","category-news","category-politica-agro"],"_links":{"self":[{"href":"https:\/\/agromt.news\/index.php?rest_route=\/wp\/v2\/posts\/3494"}],"collection":[{"href":"https:\/\/agromt.news\/index.php?rest_route=\/wp\/v2\/posts"}],"about":[{"href":"https:\/\/agromt.news\/index.php?rest_route=\/wp\/v2\/types\/post"}],"author":[{"embeddable":true,"href":"https:\/\/agromt.news\/index.php?rest_route=\/wp\/v2\/users\/1"}],"replies":[{"embeddable":true,"href":"https:\/\/agromt.news\/index.php?rest_route=%2Fwp%2Fv2%2Fcomments&post=3494"}],"version-history":[{"count":0,"href":"https:\/\/agromt.news\/index.php?rest_route=\/wp\/v2\/posts\/3494\/revisions"}],"wp:featuredmedia":[{"embeddable":true,"href":"https:\/\/agromt.news\/index.php?rest_route=\/wp\/v2\/media\/2637"}],"wp:attachment":[{"href":"https:\/\/agromt.news\/index.php?rest_route=%2Fwp%2Fv2%2Fmedia&parent=3494"}],"wp:term":[{"taxonomy":"category","embeddable":true,"href":"https:\/\/agromt.news\/index.php?rest_route=%2Fwp%2Fv2%2Fcategories&post=3494"},{"taxonomy":"post_tag","embeddable":true,"href":"https:\/\/agromt.news\/index.php?rest_route=%2Fwp%2Fv2%2Ftags&post=3494"}],"curies":[{"name":"wp","href":"https:\/\/api.w.org\/{rel}","templated":true}]}}