{"id":3492,"date":"2024-10-17T06:03:38","date_gmt":"2024-10-17T10:03:38","guid":{"rendered":"https:\/\/agromt.news\/?p=3492"},"modified":"2024-10-17T06:03:38","modified_gmt":"2024-10-17T10:03:38","slug":"aeroporto-salgado-filho-retoma-operacoes-na-segunda-21","status":"publish","type":"post","link":"https:\/\/agromt.news\/?p=3492","title":{"rendered":"Aeroporto Salgado Filho retoma opera\u00e7\u00f5es na segunda (21)"},"content":{"rendered":"<p> <br \/>\n<\/p>\n<div>\n<div class=\"row\">\n<div class=\"col-lg col-infos mt-3 mt-lg-0\">\n<div class=\"section-sub-title\">\n<p itemprop=\"description\">\nVoos ocorrer\u00e3o entre 8h e 22h\n<\/p>\n<\/div>\n<div class=\"container\">\n<div class=\"row\">\n<div class=\"col-lg p-0\">\n<div>\n<div class=\"block-news-main-infos mt-3 text-start\">\n<strong class=\"fn\" itemprop=\"author\" style=\"color: rgb(112, 112, 112); \"><br \/>\n<a href=\"https:\/\/www.agrolink.com.br\/noticias\/javascript:;\" class=\"text-uppercase\" target=\"_blank\" style=\"color: rgb(112, 112, 112); \" rel=\"noopener\">Agrolink<\/a><br \/>\n&#8211; Aline Merladete<br \/>\n<\/strong><br \/>\n<br \/>\n<abbr><time datetime=\"2024-10-16T10:50\" itemprop=\"datePublished dateModified\">Publicado em 16\/10\/2024 \u00e0s 10:50h.<\/time><\/abbr><br \/>\n\n<\/div>\n<\/div>\n<\/div>\n<div class=\"col-lg p-0 text-lg-end\">\n<div>\n<div id=\"mdEnviarPagina\" class=\"modal fade\" role=\"dialog\">\n<div class=\"modal-dialog\">\n<div class=\"modal-content\">\n<div class=\"modal-body\">\n<p><strong>Estimado usu\u00e1rio.<\/strong><br \/>Preencha o formul\u00e1rio abaixo para remeter a p\u00e1gina.<\/p>\n<\/div>\n<\/div>\n<\/div>\n<\/div>\n<\/div>\n<\/div>\n<\/div>\n<\/div>\n<\/div>\n<\/div>\n<div class=\"row justify-content-md-center mt-3\">\n<div class=\"col-lg-auto col-image  block-news-main-image d-none d-md-block\">\n<img decoding=\"async\" src=\"https:\/\/www.agrolink.com.br\/upload\/imagens-resizes\/7ea5a40132e94f1c981e86052d3a2b81_858x483.jpg\" class=\"lazyload \"\/><br \/>\n<span class=\"publicity-photo d-block mt-1\">Foto: Nadia Borges<\/span>\n<\/div>\n<\/div>\n<div class=\"section-description section-description-noticias mt-3\">\n<p style=\"text-align:justify\">Ap\u00f3s as enchentes ocorridas em maio em\u00a0Porto Alegre-RS, o Aeroporto Salgado Filho retomar\u00e1 suas opera\u00e7\u00f5es na pr\u00f3xima segunda-feira, dia 21 de outubro. O retorno ser\u00e1 gradual, com 1.800 metros de pista reabertos inicialmente, permitindo a realiza\u00e7\u00e3o de 128 voos di\u00e1rios e 900 voos semanais. O volume representa cerca de 70% dos voos que ocorriam antes da enchente que for\u00e7ou o fechamento do terminal em maio.\u00a0Apesar da reabertura, os voos que vinham sendo operados temporariamente pela Base A\u00e9rea de Canoas n\u00e3o ser\u00e3o interrompidos de imediato. A transi\u00e7\u00e3o completa para o Salgado Filho ocorrer\u00e1 de forma gradual nos pr\u00f3ximos tr\u00eas meses.\n<\/p>\n<p style=\"text-align:justify\">Durante as Reuni\u00f5es Extraordin\u00e1rias da Comiss\u00e3o de Seguran\u00e7a Operacional da Fraport Brasil, realizadas no \u00faltimo dia 8, foram discutidos os protocolos de seguran\u00e7a e opera\u00e7\u00e3o para garantir a reabertura segura. \u201cO compromisso com a Seguran\u00e7a Operacional de todos os elos da comunidade aeroportu\u00e1ria \u00e9 fundamental para a retomada segura\u201d, afirmou Jos\u00e9 Carlos Saraiva, coordenador de seguran\u00e7a operacional do aeroporto.\n<\/p>\n<p style=\"text-align:justify\">As opera\u00e7\u00f5es dom\u00e9sticas ocorrer\u00e3o entre 8h e 22h, com funcionamento parcial da infraestrutura at\u00e9 o dia 16 de dezembro, quando a pista ser\u00e1 ampliada para 1.500 metros adicionais. O comandante do Destacamento de Controle do Espa\u00e7o A\u00e9reo de Canoas (DTCEA-CO), Capit\u00e3o Aviador Carlos Emili\u00e3o Pinto, destacou a import\u00e2ncia da retomada para a popula\u00e7\u00e3o ga\u00facha e assegurou que o foco na seguran\u00e7a est\u00e1 garantido.\n<\/p>\n<p style=\"text-align:justify\">\u00a0<\/p>\n<\/div>\n<\/div>\n<p><script data-cfasync=\"false\">\n    !function (f, b, e, v, n, t, s) {\n        if (f.fbq) return; n = f.fbq = function () {\n            n.callMethod ?\n                n.callMethod.apply(n, arguments) : n.queue.push(arguments)\n        };\n        if (!f._fbq) f._fbq = n; n.push = n; n.loaded = !0; n.version = '2.0';\n        n.queue = []; t = b.createElement(e); t.async = !0;\n        t.src = v; s = b.getElementsByTagName(e)[0];\n        s.parentNode.insertBefore(t, s)\n    }(window, document, 'script',\n        'https:\/\/connect.facebook.net\/en_US\/fbevents.js');\n    fbq('init', '522546078623747');\n    fbq('track', 'PageView');\n<\/script><br \/>\n<br \/><br \/>\n<br \/><a href=\"https:\/\/www.agrolink.com.br\/noticias\/aeroporto-salgado-filho-retoma-operacoes-na-segunda--21-_495892.html\">Source link <\/a><\/p>\n","protected":false},"excerpt":{"rendered":"<p>Voos ocorrer\u00e3o entre 8h e 22h Agrolink &#8211; Aline Merladete Publicado em 16\/10\/2024 \u00e0s 10:50h. Estimado usu\u00e1rio.Preencha o formul\u00e1rio abaixo<\/p>\n","protected":false},"author":1,"featured_media":3493,"comment_status":"open","ping_status":"open","sticky":false,"template":"","format":"standard","meta":{"_monsterinsights_skip_tracking":false,"_monsterinsights_sitenote_active":false,"_monsterinsights_sitenote_note":"","_monsterinsights_sitenote_category":0,"_uf_show_specific_survey":0,"_uf_disable_surveys":false,"footnotes":""},"categories":[8,1,14],"tags":[],"class_list":["post-3492","post","type-post","status-publish","format-standard","has-post-thumbnail","hentry","category-agro","category-news","category-politica-agro"],"_links":{"self":[{"href":"https:\/\/agromt.news\/index.php?rest_route=\/wp\/v2\/posts\/3492"}],"collection":[{"href":"https:\/\/agromt.news\/index.php?rest_route=\/wp\/v2\/posts"}],"about":[{"href":"https:\/\/agromt.news\/index.php?rest_route=\/wp\/v2\/types\/post"}],"author":[{"embeddable":true,"href":"https:\/\/agromt.news\/index.php?rest_route=\/wp\/v2\/users\/1"}],"replies":[{"embeddable":true,"href":"https:\/\/agromt.news\/index.php?rest_route=%2Fwp%2Fv2%2Fcomments&post=3492"}],"version-history":[{"count":0,"href":"https:\/\/agromt.news\/index.php?rest_route=\/wp\/v2\/posts\/3492\/revisions"}],"wp:featuredmedia":[{"embeddable":true,"href":"https:\/\/agromt.news\/index.php?rest_route=\/wp\/v2\/media\/3493"}],"wp:attachment":[{"href":"https:\/\/agromt.news\/index.php?rest_route=%2Fwp%2Fv2%2Fmedia&parent=3492"}],"wp:term":[{"taxonomy":"category","embeddable":true,"href":"https:\/\/agromt.news\/index.php?rest_route=%2Fwp%2Fv2%2Fcategories&post=3492"},{"taxonomy":"post_tag","embeddable":true,"href":"https:\/\/agromt.news\/index.php?rest_route=%2Fwp%2Fv2%2Ftags&post=3492"}],"curies":[{"name":"wp","href":"https:\/\/api.w.org\/{rel}","templated":true}]}}