{"id":3481,"date":"2024-10-16T22:07:46","date_gmt":"2024-10-17T02:07:46","guid":{"rendered":"https:\/\/agromt.news\/?p=3481"},"modified":"2024-10-16T22:07:46","modified_gmt":"2024-10-17T02:07:46","slug":"frente-fria-e-chuva-de-200-mm-geram-alerta-para-apagao","status":"publish","type":"post","link":"https:\/\/agromt.news\/?p=3481","title":{"rendered":"Frente fria e chuva de 200 mm geram alerta para &#8216;apag\u00e3o&#8217;"},"content":{"rendered":"<p> <br \/>\n<br \/><img decoding=\"async\" src=\"https:\/\/agromt.news\/wp-content\/uploads\/2024\/10\/Frente-fria-e-chuva-de-200-mm-geram-alerta-para.jpg\" \/><\/p>\n<div>\n<p>A Defesa Civil do Estado de S\u00e3o Paulo emitiu um alerta para pancadas de chuva e rajadas de vento entre sexta-feira (18) e domingo (20). <\/p>\n<p>O aviso est\u00e1 relacionado \u00e0 passagem de uma frente fria, que deve trazer tempestades acompanhadas de raios, ventos de at\u00e9 <strong>60 km\/h<\/strong> e possibilidade de <strong><a href=\"https:\/\/www.canalrural.com.br\/tag\/granizo\/\">queda de granizo<\/a><\/strong> em \u00e1reas isoladas do territ\u00f3rio paulista. <\/p>\n<p>A medida de precau\u00e7\u00e3o vem na esteira da \u00faltima passagem de tempo severo na capital paulista, na sexta-feira (11). \u00c1rvores despencaram sobre fios de postes e deixaram centenas de milhares de pessoas sem luz.<\/p>\n<p>O acumulado de chuvas pode atingir <strong>200 mil\u00edmetros<\/strong> em v\u00e1rias regi\u00f5es do estado ao longo do final de semana.<\/p>\n<h2 class=\"wp-block-heading\" id=\"h-atencao-para-os-riscos\">Aten\u00e7\u00e3o para os riscos<\/h2>\n<p>O Secret\u00e1rio-Chefe da Casa Militar e Coordenador Estadual de Prote\u00e7\u00e3o e Defesa Civil, coronel Henguel Ricardo Pereira, destacou a import\u00e2ncia de seguir os alertas emitidos. <\/p>\n<\/div>\n<div>\n<p>\u201c\u00c9 fundamental que as pessoas fiquem atentas aos riscos de chuvas e ventos fortes, evitando \u00e1reas abertas, encostas e tomando cuidado com quedas de \u00e1rvores. Busquem abrigo em locais seguros\u201d, orientou.<\/p>\n<h2 class=\"wp-block-heading\" id=\"h-previsao-de-temporais\">Previs\u00e3o de temporais<\/h2>\n<p>A previs\u00e3o indica pancadas de chuva fortes e condi\u00e7\u00f5es para temporais com raios e rajadas de vento em todas as regi\u00f5es do estado, com destaque especial para a Serra da Mantiqueira, onde as tempestades podem ser mais intensas.<\/p>\n<p>Previs\u00e3o de acumulados de chuva:<\/p>\n<ul class=\"wp-block-list\">\n<li>Regi\u00e3o Metropolitana: <strong>95 mm<\/strong><\/li>\n<li>Vale do Ribeira e Itapeva:<strong> 60 mm<\/strong><\/li>\n<li>Presidente Prudente: <strong>90 mm<\/strong><\/li>\n<li>Baixada Santista e Vale do Para\u00edba: <strong>100 mm<\/strong><\/li>\n<li>Litoral Norte: <strong>150 mm<\/strong><\/li>\n<li>Ara\u00e7atuba, Bauru, Campinas, Franca, Barretos, Ribeir\u00e3o Preto, S\u00e3o Jos\u00e9 do Rio Preto, Sorocaba, Serra da Mantiqueira: <strong>200 mm<\/strong><\/li>\n<\/ul>\n<h2 class=\"wp-block-heading\" id=\"h-orientacoes-de-seguranca\">Orienta\u00e7\u00f5es de seguran\u00e7a<\/h2>\n<p>A Defesa Civil de S\u00e3o Paulo elenca oito medidas de seguran\u00e7a \u00e0s pessoas durante o per\u00edodo de clima severo:<\/p>\n<ul class=\"wp-block-list\">\n<li>Evite lugares abertos, como praias, campos de futebol e estacionamentos<\/li>\n<li>Evite ficar perto de objetos altos e isolados, como \u00e1rvores, postes, caixas d\u2019\u00e1gua e quiosques<\/li>\n<li>No momento da chuva mantenha dist\u00e2ncia de aparelhos e objetos ligados \u00e0 rede el\u00e9trica, como geladeiras, fog\u00f5es e TVs<\/li>\n<li>Evite tomar banho durante a tempestade<\/li>\n<li>Em caso de ventos fortes, tenha cuidado com a queda de \u00e1rvores, postes, fios e sem\u00e1foros<\/li>\n<li>N\u00e3o desafie a for\u00e7a das \u00e1guas, n\u00e3o tente transpor uma enxurrada ou andar em \u00e1reas de alagadas<\/li>\n<li>Se estiver em uma \u00e1rea de encosta, observe sinais de movimenta\u00e7\u00e3o do solo, como rachaduras nas paredes, \u00e1rvores e postes inclinados, e \u00e1gua lamacenta<\/li>\n<li>Se um fio energizado cair sobre o ve\u00edculo, permane\u00e7a dentro do carro e ligue para o servi\u00e7o de emerg\u00eancia<\/li>\n<\/ul>\n<\/div>\n<p><br \/>\n<br \/><a href=\"https:\/\/www.canalrural.com.br\/tempo\/frente-fria-e-chuva-de-200-mm-geram-alerta-para-apagao\/\">Source link <\/a><\/p>\n","protected":false},"excerpt":{"rendered":"<p>A Defesa Civil do Estado de S\u00e3o Paulo emitiu um alerta para pancadas de chuva e rajadas de vento entre<\/p>\n","protected":false},"author":1,"featured_media":3482,"comment_status":"open","ping_status":"open","sticky":false,"template":"","format":"standard","meta":{"_monsterinsights_skip_tracking":false,"_monsterinsights_sitenote_active":false,"_monsterinsights_sitenote_note":"","_monsterinsights_sitenote_category":0,"_uf_show_specific_survey":0,"_uf_disable_surveys":false,"footnotes":""},"categories":[1],"tags":[],"class_list":["post-3481","post","type-post","status-publish","format-standard","has-post-thumbnail","hentry","category-news"],"_links":{"self":[{"href":"https:\/\/agromt.news\/index.php?rest_route=\/wp\/v2\/posts\/3481"}],"collection":[{"href":"https:\/\/agromt.news\/index.php?rest_route=\/wp\/v2\/posts"}],"about":[{"href":"https:\/\/agromt.news\/index.php?rest_route=\/wp\/v2\/types\/post"}],"author":[{"embeddable":true,"href":"https:\/\/agromt.news\/index.php?rest_route=\/wp\/v2\/users\/1"}],"replies":[{"embeddable":true,"href":"https:\/\/agromt.news\/index.php?rest_route=%2Fwp%2Fv2%2Fcomments&post=3481"}],"version-history":[{"count":0,"href":"https:\/\/agromt.news\/index.php?rest_route=\/wp\/v2\/posts\/3481\/revisions"}],"wp:featuredmedia":[{"embeddable":true,"href":"https:\/\/agromt.news\/index.php?rest_route=\/wp\/v2\/media\/3482"}],"wp:attachment":[{"href":"https:\/\/agromt.news\/index.php?rest_route=%2Fwp%2Fv2%2Fmedia&parent=3481"}],"wp:term":[{"taxonomy":"category","embeddable":true,"href":"https:\/\/agromt.news\/index.php?rest_route=%2Fwp%2Fv2%2Fcategories&post=3481"},{"taxonomy":"post_tag","embeddable":true,"href":"https:\/\/agromt.news\/index.php?rest_route=%2Fwp%2Fv2%2Ftags&post=3481"}],"curies":[{"name":"wp","href":"https:\/\/api.w.org\/{rel}","templated":true}]}}