{"id":3477,"date":"2024-10-16T21:03:14","date_gmt":"2024-10-17T01:03:14","guid":{"rendered":"https:\/\/agromt.news\/?p=3477"},"modified":"2024-10-16T21:03:14","modified_gmt":"2024-10-17T01:03:14","slug":"mercado-de-maca-espera-safra-promissora-para-2024-25","status":"publish","type":"post","link":"https:\/\/agromt.news\/?p=3477","title":{"rendered":"mercado de ma\u00e7\u00e3 espera safra promissora para 2024\/25"},"content":{"rendered":"<p> <br \/>\n<\/p>\n<div>\n<p style=\"text-align:justify\">De acordo com o Boletim Agropecu\u00e1rio de outubro, divulgado pela Empresa de Pesquisa Agropecu\u00e1ria e Extens\u00e3o Rural de Santa Catarina (Epagri) e pelo Observat\u00f3rio Agro Catarinense, o\u00a0mercado de <a href=\"https:\/\/www.agrolink.com.br\/culturas\/maca?utm_source=agrolink-detalhe-noticia&amp;utm_medium=detalhe-noticia&amp;utm_campaign=links-internos\" target=\"_blank\" rel=\"noopener\">ma\u00e7\u00e3s<\/a>\u00a0em Santa Catarina e no Brasil enfrenta estoques reduzidos nas classificadoras e a expectativa de recupera\u00e7\u00e3o na produ\u00e7\u00e3o para a safra 2024\/25. Entre agosto e setembro de 2024, houve uma valoriza\u00e7\u00e3o nos pre\u00e7os das ma\u00e7\u00e3s no atacado catarinense, embora a expectativa seja de queda em outubro, devido \u00e0 concorr\u00eancia com frutas importadas e \u00e0 qualidade do produto nacional.\n<\/p>\n<p style=\"text-align:justify\">Na Ceasa\/SC, o pre\u00e7o m\u00e9dio das ma\u00e7\u00e3s subiu 4,4% entre agosto e setembro deste ano, registrando um aumento de 30,8% em compara\u00e7\u00e3o com setembro de 2023. A variedade Gala teve alta de 1,2% nas cota\u00e7\u00f5es no per\u00edodo, e um crescimento de 34,9% em rela\u00e7\u00e3o ao ano anterior. J\u00e1 a ma\u00e7\u00e3 Fuji apresentou uma valoriza\u00e7\u00e3o de 8,1% entre agosto e setembro, al\u00e9m de um aumento de 26,7% em compara\u00e7\u00e3o a setembro de 2023. No terceiro trimestre de 2024, as cota\u00e7\u00f5es m\u00e9dias aumentaram 29,4% em compara\u00e7\u00e3o ao mesmo per\u00edodo de 2023 e 50,9% em rela\u00e7\u00e3o a 2022. A Gala valorizou 37,8%, e a Fuji, 20,9% no mesmo per\u00edodo.<\/p>\n<p style=\"text-align:justify\"><img decoding=\"async\" class=\"img-fluid\" src=\"https:\/\/www.agrolink.com.br\/Upload\/noticias\/82e7a2a160674dd49fa5c7d1370dde40.jpg\"\/><\/p>\n<p style=\"text-align:justify\">Em setembro de 2024, as cota\u00e7\u00f5es da categoria 1 subiram 2,1% em rela\u00e7\u00e3o ao m\u00eas anterior, enquanto as categorias 2 e 3 apresentaram altas de 5,4% e 6,2%, respectivamente. No entanto, os estoques continuam baixos nas classificadoras, especialmente em Fraiburgo\/SC, onde as frutas com menor resist\u00eancia ao armazenamento est\u00e3o sendo comercializadas. O escoamento das ma\u00e7\u00e3s remanescentes da safra atual gera expectativa de redu\u00e7\u00e3o nos pre\u00e7os, sobretudo em outubro.\n<\/p>\n<p style=\"text-align:justify\">Na Ceagesp, a valoriza\u00e7\u00e3o das ma\u00e7\u00e3s catarinenses foi de 1,8% entre agosto e setembro deste ano. Embora a demanda tenha sido menor, as cota\u00e7\u00f5es ficaram 24,8% acima dos valores registrados em setembro de 2023. Na Ceasaminas, os pre\u00e7os da ma\u00e7\u00e3 subiram 20% em rela\u00e7\u00e3o ao m\u00eas anterior e ficaram 17,7% mais elevados em compara\u00e7\u00e3o com setembro do ano passado. A fruta catarinense representou 17,2% do volume comercializado e 15,4% do valor total na central mineira.<\/p>\n<p style=\"text-align:justify\">Nas regi\u00f5es produtoras de Santa Catarina, como Fraiburgo e S\u00e3o Joaquim, as variedades Gala e Fuji j\u00e1 est\u00e3o em flora\u00e7\u00e3o, com percentual variando entre 25% e 75%, dependendo da fase de cultivo. A recupera\u00e7\u00e3o da produ\u00e7\u00e3o \u00e9 aguardada para a safra 2024\/25, com aumento previsto de 55,5% em rela\u00e7\u00e3o ao ciclo anterior no estado. Entre os munic\u00edpios com maior participa\u00e7\u00e3o na \u00e1rea plantada est\u00e3o S\u00e3o Joaquim, Fraiburgo e Bom Jardim da Serra. A produ\u00e7\u00e3o da ma\u00e7\u00e3 Fuji, que representa 53,9% do total, deve crescer 59,6% em rela\u00e7\u00e3o \u00e0 safra anterior, enquanto a variedade Gala, com 46,2%, tem expectativa de aumento de 54,0%.\n<\/p>\n<\/div>\n<p><script data-cfasync=\"false\">\n    !function (f, b, e, v, n, t, s) {\n        if (f.fbq) return; n = f.fbq = function () {\n            n.callMethod ?\n                n.callMethod.apply(n, arguments) : n.queue.push(arguments)\n        };\n        if (!f._fbq) f._fbq = n; n.push = n; n.loaded = !0; n.version = '2.0';\n        n.queue = []; t = b.createElement(e); t.async = !0;\n        t.src = v; s = b.getElementsByTagName(e)[0];\n        s.parentNode.insertBefore(t, s)\n    }(window, document, 'script',\n        'https:\/\/connect.facebook.net\/en_US\/fbevents.js');\n    fbq('init', '522546078623747');\n    fbq('track', 'PageView');\n<\/script><br \/>\n<br \/><br \/>\n<br \/><a href=\"https:\/\/www.agrolink.com.br\/noticias\/sc--mercado-de-maca-espera-safra-promissora-para-2024-25_495896.html\">Source link <\/a><\/p>\n","protected":false},"excerpt":{"rendered":"<p>De acordo com o Boletim Agropecu\u00e1rio de outubro, divulgado pela Empresa de Pesquisa Agropecu\u00e1ria e Extens\u00e3o Rural de Santa Catarina<\/p>\n","protected":false},"author":1,"featured_media":3478,"comment_status":"open","ping_status":"open","sticky":false,"template":"","format":"standard","meta":{"_monsterinsights_skip_tracking":false,"_monsterinsights_sitenote_active":false,"_monsterinsights_sitenote_note":"","_monsterinsights_sitenote_category":0,"_uf_show_specific_survey":0,"_uf_disable_surveys":false,"footnotes":""},"categories":[8,1,14],"tags":[],"class_list":["post-3477","post","type-post","status-publish","format-standard","has-post-thumbnail","hentry","category-agro","category-news","category-politica-agro"],"_links":{"self":[{"href":"https:\/\/agromt.news\/index.php?rest_route=\/wp\/v2\/posts\/3477"}],"collection":[{"href":"https:\/\/agromt.news\/index.php?rest_route=\/wp\/v2\/posts"}],"about":[{"href":"https:\/\/agromt.news\/index.php?rest_route=\/wp\/v2\/types\/post"}],"author":[{"embeddable":true,"href":"https:\/\/agromt.news\/index.php?rest_route=\/wp\/v2\/users\/1"}],"replies":[{"embeddable":true,"href":"https:\/\/agromt.news\/index.php?rest_route=%2Fwp%2Fv2%2Fcomments&post=3477"}],"version-history":[{"count":0,"href":"https:\/\/agromt.news\/index.php?rest_route=\/wp\/v2\/posts\/3477\/revisions"}],"wp:featuredmedia":[{"embeddable":true,"href":"https:\/\/agromt.news\/index.php?rest_route=\/wp\/v2\/media\/3478"}],"wp:attachment":[{"href":"https:\/\/agromt.news\/index.php?rest_route=%2Fwp%2Fv2%2Fmedia&parent=3477"}],"wp:term":[{"taxonomy":"category","embeddable":true,"href":"https:\/\/agromt.news\/index.php?rest_route=%2Fwp%2Fv2%2Fcategories&post=3477"},{"taxonomy":"post_tag","embeddable":true,"href":"https:\/\/agromt.news\/index.php?rest_route=%2Fwp%2Fv2%2Ftags&post=3477"}],"curies":[{"name":"wp","href":"https:\/\/api.w.org\/{rel}","templated":true}]}}