{"id":3430,"date":"2024-10-16T07:08:54","date_gmt":"2024-10-16T11:08:54","guid":{"rendered":"https:\/\/agromt.news\/?p=3430"},"modified":"2024-10-16T07:08:54","modified_gmt":"2024-10-16T11:08:54","slug":"moinhos-ajustam-precos-no-sul","status":"publish","type":"post","link":"https:\/\/agromt.news\/?p=3430","title":{"rendered":"moinhos ajustam pre\u00e7os no Sul"},"content":{"rendered":"<p> <br \/>\n<\/p>\n<div>\n<div class=\"row\">\n<div class=\"col-lg col-infos mt-3 mt-lg-0\">\n<div class=\"section-sub-title\">\n<p itemprop=\"description\">\nOs vendedores reduziram os pre\u00e7os do trigo j\u00e1 colhido para R$ 1.250,00\n<\/p>\n<\/div>\n<div class=\"container\">\n<div class=\"row\">\n<div class=\"col-lg p-0\">\n<div>\n<div class=\"block-news-main-infos mt-3 text-start\">\n<strong class=\"fn\" itemprop=\"author\" style=\"color: rgb(112, 112, 112); \"><br \/>\n<a href=\"https:\/\/www.agrolink.com.br\/noticias\/javascript:;\" class=\"text-uppercase\" target=\"_blank\" style=\"color: rgb(112, 112, 112); \" rel=\"noopener\">Agrolink<\/a><br \/>\n&#8211; Leonardo Gottems<br \/>\n<\/strong><br \/>\n<br \/>\n<abbr><time datetime=\"2024-10-15T08:32\" itemprop=\"datePublished dateModified\">Publicado em 15\/10\/2024 \u00e0s 08:32h.<\/time><\/abbr><br \/>\n\n<\/div>\n<\/div>\n<\/div>\n<div class=\"col-lg p-0 text-lg-end\">\n<div>\n<div id=\"mdEnviarPagina\" class=\"modal fade\" role=\"dialog\">\n<div class=\"modal-dialog\">\n<div class=\"modal-content\">\n<div class=\"modal-body\">\n<p><strong>Estimado usu\u00e1rio.<\/strong><br \/>Preencha o formul\u00e1rio abaixo para remeter a p\u00e1gina.<\/p>\n<\/div>\n<\/div>\n<\/div>\n<\/div>\n<\/div>\n<\/div>\n<\/div>\n<\/div>\n<\/div>\n<\/div>\n<div class=\"row justify-content-md-center mt-3\">\n<div class=\"col-lg-auto col-image  block-news-main-image d-none d-md-block\">\n<img decoding=\"async\" src=\"https:\/\/www.agrolink.com.br\/upload\/imagens-resizes\/d1ee56e2341042699afd1eef6f0de8a7_858x483.jpg\" class=\"lazyload \" alt=\"Os vendedores reduziram os pre\u00e7os do trigo j\u00e1 colhido para R$ 1.250,00\"\/><br \/>\n<span class=\"d-block mt-1\">Os vendedores reduziram os pre\u00e7os do trigo j\u00e1 colhido para R$ 1.250,00 &#8211; Foto: Canva<\/span>\n<\/div>\n<\/div>\n<div class=\"section-description section-description-noticias mt-3\">\n<p>Conforme informa\u00e7\u00f5es da TF Agroecon\u00f4mica, o mercado de <a href=\"https:\/\/www.agrolink.com.br\/culturas\/trigo\/?utm_source=agrolink-detalhe-noticia&amp;utm_medium=detalhe-noticia&amp;utm_campaign=links-internos\" target=\"_blank\" rel=\"noopener\">trigo<\/a> no Rio Grande do Sul enfrenta pequenos problemas de qualidade, com vendedores ajustando os pre\u00e7os para atrair compradores. No caso da safra velha, n\u00e3o h\u00e1 mais interessados, pois o foco j\u00e1 est\u00e1 na safra nova, que retomou suas atividades com a colheita alcan\u00e7ando 4% das \u00e1reas. Houve registro de quedas de PH em cerca de 5% das \u00e1reas, com valores abaixo de 77, direcionando pequenos volumes para ra\u00e7\u00e3o. A maior parte do <a href=\"https:\/\/www.agrolink.com.br\/culturas\/trigo\/?utm_source=agrolink-detalhe-noticia&amp;utm_medium=detalhe-noticia&amp;utm_campaign=links-internos\" target=\"_blank\" rel=\"noopener\">trigo<\/a>, no entanto, continua sendo adequado para a ind\u00fastria.\n<\/p>\n<p>Os vendedores reduziram os pre\u00e7os do trigo j\u00e1 colhido para R$ 1.250,00, enquanto os moinhos locais indicaram valores entre R$ 1.150,00 e R$ 1.170,00 para trigos de fora do estado. Em rela\u00e7\u00e3o \u00e0s vendas futuras, o pre\u00e7o pedido para trigo com PH m\u00ednimo de 77 e qualidade panific\u00e1vel \u00e9 de R$ 1.200,00 FOB, mas esse valor n\u00e3o est\u00e1 sendo alcan\u00e7ado no mercado, com moinhos locais preferindo n\u00e3o fazer indica\u00e7\u00f5es e os de fora sugerindo entre R$ 1.150,00 e R$ 1.170,00, sem gerar neg\u00f3cios. No mercado de exporta\u00e7\u00e3o, os pre\u00e7os chegaram a R$ 1.320,00 para entrega em dezembro, no melhor momento do c\u00e2mbio futuro.\n<\/p>\n<p>Em Santa Catarina, moinhos est\u00e3o atentos \u00e0 safra ga\u00facha e ao in\u00edcio da pr\u00f3pria colheita. Muitos continuam a se abastecer no sudoeste do Paran\u00e1, onde os pre\u00e7os est\u00e3o em torno de R$ 1.400 FOB, e o frete \u00e9 mais vantajoso. A preocupa\u00e7\u00e3o principal \u00e9 com as chuvas que podem afetar o trigo quase pronto para colheita. No Paran\u00e1, o mercado segue firme, com alguns trigos locais apresentando escurecimento, o que aumenta a procura por trigo ga\u00facho e paraguaio. Os pre\u00e7os do trigo paraguaio subiram para R$ 1.430 CIF em Cascavel e R$ 1.460 CIF em Ponta Grossa, mantendo-se competitivos.<br \/>\u00a0\n<\/p>\n<\/div>\n<\/div>\n<p><script data-cfasync=\"false\">\n    !function (f, b, e, v, n, t, s) {\n        if (f.fbq) return; n = f.fbq = function () {\n            n.callMethod ?\n                n.callMethod.apply(n, arguments) : n.queue.push(arguments)\n        };\n        if (!f._fbq) f._fbq = n; n.push = n; n.loaded = !0; n.version = '2.0';\n        n.queue = []; t = b.createElement(e); t.async = !0;\n        t.src = v; s = b.getElementsByTagName(e)[0];\n        s.parentNode.insertBefore(t, s)\n    }(window, document, 'script',\n        'https:\/\/connect.facebook.net\/en_US\/fbevents.js');\n    fbq('init', '522546078623747');\n    fbq('track', 'PageView');\n<\/script><br \/>\n<br \/><br \/>\n<br \/><a href=\"https:\/\/www.agrolink.com.br\/noticias\/trigo--moinhos-ajustam-precos-no-sul_495841.html\">Source link <\/a><\/p>\n","protected":false},"excerpt":{"rendered":"<p>Os vendedores reduziram os pre\u00e7os do trigo j\u00e1 colhido para R$ 1.250,00 Agrolink &#8211; Leonardo Gottems Publicado em 15\/10\/2024 \u00e0s<\/p>\n","protected":false},"author":1,"featured_media":3431,"comment_status":"open","ping_status":"open","sticky":false,"template":"","format":"standard","meta":{"_monsterinsights_skip_tracking":false,"_monsterinsights_sitenote_active":false,"_monsterinsights_sitenote_note":"","_monsterinsights_sitenote_category":0,"_uf_show_specific_survey":0,"_uf_disable_surveys":false,"footnotes":""},"categories":[8,1,14],"tags":[],"class_list":["post-3430","post","type-post","status-publish","format-standard","has-post-thumbnail","hentry","category-agro","category-news","category-politica-agro"],"_links":{"self":[{"href":"https:\/\/agromt.news\/index.php?rest_route=\/wp\/v2\/posts\/3430"}],"collection":[{"href":"https:\/\/agromt.news\/index.php?rest_route=\/wp\/v2\/posts"}],"about":[{"href":"https:\/\/agromt.news\/index.php?rest_route=\/wp\/v2\/types\/post"}],"author":[{"embeddable":true,"href":"https:\/\/agromt.news\/index.php?rest_route=\/wp\/v2\/users\/1"}],"replies":[{"embeddable":true,"href":"https:\/\/agromt.news\/index.php?rest_route=%2Fwp%2Fv2%2Fcomments&post=3430"}],"version-history":[{"count":0,"href":"https:\/\/agromt.news\/index.php?rest_route=\/wp\/v2\/posts\/3430\/revisions"}],"wp:featuredmedia":[{"embeddable":true,"href":"https:\/\/agromt.news\/index.php?rest_route=\/wp\/v2\/media\/3431"}],"wp:attachment":[{"href":"https:\/\/agromt.news\/index.php?rest_route=%2Fwp%2Fv2%2Fmedia&parent=3430"}],"wp:term":[{"taxonomy":"category","embeddable":true,"href":"https:\/\/agromt.news\/index.php?rest_route=%2Fwp%2Fv2%2Fcategories&post=3430"},{"taxonomy":"post_tag","embeddable":true,"href":"https:\/\/agromt.news\/index.php?rest_route=%2Fwp%2Fv2%2Ftags&post=3430"}],"curies":[{"name":"wp","href":"https:\/\/api.w.org\/{rel}","templated":true}]}}