{"id":3425,"date":"2024-10-16T05:13:07","date_gmt":"2024-10-16T09:13:07","guid":{"rendered":"https:\/\/agromt.news\/?p=3425"},"modified":"2024-10-16T05:13:07","modified_gmt":"2024-10-16T09:13:07","slug":"remuneracoes-em-alta-tesouro-e-agro","status":"publish","type":"post","link":"https:\/\/agromt.news\/?p=3425","title":{"rendered":"Remunera\u00e7\u00f5es em alta: Tesouro e Agro"},"content":{"rendered":"<p> <br \/>\n<\/p>\n<div>\n<div class=\"row\">\n<div class=\"col-lg col-infos mt-3 mt-lg-0\">\n<div class=\"section-sub-title\">\n<p itemprop=\"description\">\nEssa diminui\u00e7\u00e3o no pr\u00eamio de risco de cr\u00e9dito levanta questionamentos\n<\/p>\n<\/div>\n<div class=\"container\">\n<div class=\"row\">\n<div class=\"col-lg p-0\">\n<div>\n<div class=\"block-news-main-infos mt-3 text-start\">\n<strong class=\"fn\" itemprop=\"author\" style=\"color: rgb(112, 112, 112); \"><br \/>\n<a href=\"https:\/\/www.agrolink.com.br\/noticias\/javascript:;\" class=\"text-uppercase\" target=\"_blank\" style=\"color: rgb(112, 112, 112); \" rel=\"noopener\">Agrolink<\/a><br \/>\n&#8211; Leonardo Gottems<br \/>\n<\/strong><br \/>\n<br \/>\n<abbr><time datetime=\"2024-10-15T09:04\" itemprop=\"datePublished dateModified\">Publicado em 15\/10\/2024 \u00e0s 09:04h.<\/time><\/abbr><br \/>\n\n<\/div>\n<\/div>\n<\/div>\n<div class=\"col-lg p-0 text-lg-end\">\n<div>\n<div id=\"mdEnviarPagina\" class=\"modal fade\" role=\"dialog\">\n<div class=\"modal-dialog\">\n<div class=\"modal-content\">\n<div class=\"modal-body\">\n<p><strong>Estimado usu\u00e1rio.<\/strong><br \/>Preencha o formul\u00e1rio abaixo para remeter a p\u00e1gina.<\/p>\n<\/div>\n<\/div>\n<\/div>\n<\/div>\n<\/div>\n<\/div>\n<\/div>\n<\/div>\n<\/div>\n<\/div>\n<div class=\"row justify-content-md-center mt-3\">\n<div class=\"col-lg-auto col-image  block-news-main-image d-none d-md-block\">\n<img decoding=\"async\" src=\"https:\/\/www.agrolink.com.br\/upload\/imagens-resizes\/9e3c72699fdd44248ab9776e41745856_858x483.jpg\" class=\"lazyload \" alt=\"Essa diminui\u00e7\u00e3o no pr\u00eamio de risco de cr\u00e9dito levanta questionamentos para os investidores\"\/><br \/>\n<span class=\"d-block mt-1\">Essa diminui\u00e7\u00e3o no pr\u00eamio de risco de cr\u00e9dito levanta questionamentos para os investidores &#8211; Foto: Pixabay<\/span>\n<\/div>\n<\/div>\n<div class=\"section-description section-description-noticias mt-3\">\n<p>As remunera\u00e7\u00f5es dos t\u00edtulos do Tesouro vinculados \u00e0 infla\u00e7\u00e3o (Tesouro IPCA\/NTN-B) t\u00eam aumentado ao longo de 2024, conforme publicado por Thiago Gil, Managing Director na Cordiant Capital, em sua rede social LinkedIn. Esse aumento \u00e9 influenciado pela expectativa de infla\u00e7\u00e3o futura, que pode ser analisada pela diferen\u00e7a entre a remunera\u00e7\u00e3o dos t\u00edtulos pr\u00e9-fixados e os atrelados \u00e0 infla\u00e7\u00e3o de mesmo prazo. Essa tend\u00eancia n\u00e3o apenas impacta a liquidez, mas tamb\u00e9m a demanda por t\u00edtulos do agroneg\u00f3cio, como os Certificados de Receb\u00edveis do Agroneg\u00f3cio (CRAs), que t\u00eam remunera\u00e7\u00e3o atrelada ao IPCA.\n<\/p>\n<p>Um gr\u00e1fico apresentado por Gil compara a evolu\u00e7\u00e3o da remunera\u00e7\u00e3o dos t\u00edtulos do Tesouro atrelados \u00e0 infla\u00e7\u00e3o (NTN-B 2026) com o pr\u00eamio sobre o IPCA das emiss\u00f5es de CRAs. Observa-se que, ao longo do tempo, ambas as remunera\u00e7\u00f5es seguem uma trajet\u00f3ria similar. O autor tamb\u00e9m calcula uma proxy do pr\u00eamio de risco de cr\u00e9dito, representada pela diferen\u00e7a entre os cupons dos CRAs e da NTN-B. Essa proxy, embora n\u00e3o ajuste por duration, indica que, com o aumento na remunera\u00e7\u00e3o das NTN-B, o pr\u00eamio de risco de cr\u00e9dito est\u00e1 se achatando.\n<\/p>\n<p>Essa diminui\u00e7\u00e3o no pr\u00eamio de risco de cr\u00e9dito levanta questionamentos para os investidores: o benef\u00edcio fiscal do CRA compensa o risco de cr\u00e9dito do setor, especialmente diante da redu\u00e7\u00e3o da diferen\u00e7a de remunera\u00e7\u00e3o entre as emiss\u00f5es privadas e o Tesouro IPCA? Se a demanda por remunera\u00e7\u00f5es maiores para as emiss\u00f5es privadas aumentar, isso poder\u00e1 significar um custo maior da d\u00edvida para as empresas do agro ou uma migra\u00e7\u00e3o para indexadores como CDI+ ou d\u00f3lar. Em um cen\u00e1rio de recupera\u00e7\u00e3o judicial (RJ) e risco de cr\u00e9dito elevado, essa discuss\u00e3o torna-se crucial para o financiamento do setor.\n<\/p>\n<\/div>\n<\/div>\n<p><script data-cfasync=\"false\">\n    !function (f, b, e, v, n, t, s) {\n        if (f.fbq) return; n = f.fbq = function () {\n            n.callMethod ?\n                n.callMethod.apply(n, arguments) : n.queue.push(arguments)\n        };\n        if (!f._fbq) f._fbq = n; n.push = n; n.loaded = !0; n.version = '2.0';\n        n.queue = []; t = b.createElement(e); t.async = !0;\n        t.src = v; s = b.getElementsByTagName(e)[0];\n        s.parentNode.insertBefore(t, s)\n    }(window, document, 'script',\n        'https:\/\/connect.facebook.net\/en_US\/fbevents.js');\n    fbq('init', '522546078623747');\n    fbq('track', 'PageView');\n<\/script><br \/>\n<br \/><br \/>\n<br \/><a href=\"https:\/\/www.agrolink.com.br\/noticias\/remuneracoes-em-alta--tesouro-e-agro_495842.html\">Source link <\/a><\/p>\n","protected":false},"excerpt":{"rendered":"<p>Essa diminui\u00e7\u00e3o no pr\u00eamio de risco de cr\u00e9dito levanta questionamentos Agrolink &#8211; Leonardo Gottems Publicado em 15\/10\/2024 \u00e0s 09:04h. Estimado<\/p>\n","protected":false},"author":1,"featured_media":1082,"comment_status":"open","ping_status":"open","sticky":false,"template":"","format":"standard","meta":{"_monsterinsights_skip_tracking":false,"_monsterinsights_sitenote_active":false,"_monsterinsights_sitenote_note":"","_monsterinsights_sitenote_category":0,"_uf_show_specific_survey":0,"_uf_disable_surveys":false,"footnotes":""},"categories":[8,1,14],"tags":[],"class_list":["post-3425","post","type-post","status-publish","format-standard","has-post-thumbnail","hentry","category-agro","category-news","category-politica-agro"],"_links":{"self":[{"href":"https:\/\/agromt.news\/index.php?rest_route=\/wp\/v2\/posts\/3425"}],"collection":[{"href":"https:\/\/agromt.news\/index.php?rest_route=\/wp\/v2\/posts"}],"about":[{"href":"https:\/\/agromt.news\/index.php?rest_route=\/wp\/v2\/types\/post"}],"author":[{"embeddable":true,"href":"https:\/\/agromt.news\/index.php?rest_route=\/wp\/v2\/users\/1"}],"replies":[{"embeddable":true,"href":"https:\/\/agromt.news\/index.php?rest_route=%2Fwp%2Fv2%2Fcomments&post=3425"}],"version-history":[{"count":0,"href":"https:\/\/agromt.news\/index.php?rest_route=\/wp\/v2\/posts\/3425\/revisions"}],"wp:featuredmedia":[{"embeddable":true,"href":"https:\/\/agromt.news\/index.php?rest_route=\/wp\/v2\/media\/1082"}],"wp:attachment":[{"href":"https:\/\/agromt.news\/index.php?rest_route=%2Fwp%2Fv2%2Fmedia&parent=3425"}],"wp:term":[{"taxonomy":"category","embeddable":true,"href":"https:\/\/agromt.news\/index.php?rest_route=%2Fwp%2Fv2%2Fcategories&post=3425"},{"taxonomy":"post_tag","embeddable":true,"href":"https:\/\/agromt.news\/index.php?rest_route=%2Fwp%2Fv2%2Ftags&post=3425"}],"curies":[{"name":"wp","href":"https:\/\/api.w.org\/{rel}","templated":true}]}}