{"id":3423,"date":"2024-10-16T02:01:24","date_gmt":"2024-10-16T06:01:24","guid":{"rendered":"https:\/\/agromt.news\/?p=3423"},"modified":"2024-10-16T02:01:24","modified_gmt":"2024-10-16T06:01:24","slug":"tarifas-de-fertilizantes-o-que-esperar","status":"publish","type":"post","link":"https:\/\/agromt.news\/?p=3423","title":{"rendered":"Tarifas de fertilizantes: O que esperar?"},"content":{"rendered":"<p> <br \/>\n<\/p>\n<div>\n<div class=\"row\">\n<div class=\"col-lg col-infos mt-3 mt-lg-0\">\n<div class=\"section-sub-title\">\n<p itemprop=\"description\">\nCaso a tarifa seja aprovada, espera-se que o pre\u00e7o do nitrato de am\u00f4nio aumente\n<\/p>\n<\/div>\n<div class=\"container\">\n<div class=\"row\">\n<div class=\"col-lg p-0\">\n<div>\n<div class=\"block-news-main-infos mt-3 text-start\">\n<strong class=\"fn\" itemprop=\"author\" style=\"color: rgb(112, 112, 112); \"><br \/>\n<a href=\"https:\/\/www.agrolink.com.br\/noticias\/javascript:;\" class=\"text-uppercase\" target=\"_blank\" style=\"color: rgb(112, 112, 112); \" rel=\"noopener\">Agrolink<\/a><br \/>\n&#8211; Leonardo Gottems<br \/>\n<\/strong><br \/>\n<br \/>\n<abbr><time datetime=\"2024-10-15T09:30\" itemprop=\"datePublished dateModified\">Publicado em 15\/10\/2024 \u00e0s 09:30h.<\/time><\/abbr><br \/>\n\n<\/div>\n<\/div>\n<\/div>\n<div class=\"col-lg p-0 text-lg-end\">\n<div>\n<div id=\"mdEnviarPagina\" class=\"modal fade\" role=\"dialog\">\n<div class=\"modal-dialog\">\n<div class=\"modal-content\">\n<div class=\"modal-body\">\n<p><strong>Estimado usu\u00e1rio.<\/strong><br \/>Preencha o formul\u00e1rio abaixo para remeter a p\u00e1gina.<\/p>\n<\/div>\n<\/div>\n<\/div>\n<\/div>\n<\/div>\n<\/div>\n<\/div>\n<\/div>\n<\/div>\n<\/div>\n<div class=\"row justify-content-md-center mt-3\">\n<div class=\"col-lg-auto col-image  block-news-main-image d-none d-md-block\">\n<img decoding=\"async\" src=\"https:\/\/www.agrolink.com.br\/upload\/imagens-resizes\/45629810003f4861a6925ab7b48949a7_858x483.jpg\" class=\"lazyload \" alt=\"Essa quest\u00e3o \u00e9 crucial para o setor agr\u00edcola\"\/><br \/>\n<span class=\"d-block mt-1\">Essa quest\u00e3o \u00e9 crucial para o setor agr\u00edcola &#8211; Foto: Divulga\u00e7\u00e3o<\/span>\n<\/div>\n<\/div>\n<div class=\"section-description section-description-noticias mt-3\">\n<p>Recentemente, a possibilidade de impor uma tarifa sobre as importa\u00e7\u00f5es de <a href=\"https:\/\/www.agrolink.com.br\/fertilizantes\/adubacao-mineral\/nitrato-de-amonio_464690.html?utm_source=agrolink-detalhe-noticia&amp;utm_medium=detalhe-noticia&amp;utm_campaign=links-internos\" target=\"_blank\" rel=\"noopener\">Nitrato de am\u00f4nio<\/a> no Brasil ganhou destaque nas discuss\u00f5es do setor. Segundo Jeferson Souza, analista de intelig\u00eancia de mercado, a depend\u00eancia brasileira em rela\u00e7\u00e3o \u00e0s importa\u00e7\u00f5es de fertilizantes <a href=\"https:\/\/www.agrolink.com.br\/fertilizantes\/adubacao-mineral\/fertilizantes---tipos-e-calculo-da-formula-npk_455162.html?utm_source=agrolink-detalhe-noticia&amp;utm_medium=detalhe-noticia&amp;utm_campaign=links-internos\" target=\"_blank\" rel=\"noopener\">NPK<\/a> \u00e9 alarmante, uma vez que a produ\u00e7\u00e3o interna de <a href=\"https:\/\/www.agrolink.com.br\/fertilizantes\/adubacao-mineral\/nitrato-de-amonio_464690.html?utm_source=agrolink-detalhe-noticia&amp;utm_medium=detalhe-noticia&amp;utm_campaign=links-internos\" target=\"_blank\" rel=\"noopener\">Nitrato de am\u00f4nio<\/a> caiu de 216 mil toneladas em 2017 para 156 mil toneladas em 2023. Isso indica um aumento na depend\u00eancia do mercado externo, o que \u00e9 preocupante para o agroneg\u00f3cio nacional.\n<\/p>\n<p>Atualmente, mais de 95% do nitrato de am\u00f4nio importado pelo Brasil prov\u00e9m da R\u00fassia. As culturas que mais consomem esse fertilizante incluem a cana-de-a\u00e7\u00facar, o caf\u00e9 e os citros, essenciais para a produ\u00e7\u00e3o agr\u00edcola no pa\u00eds. Em um cen\u00e1rio em que a C\u00e2mara de Com\u00e9rcio Exterior (Camex) votar\u00e1 no dia 17 de outubro sobre a implementa\u00e7\u00e3o de uma tarifa de 15%, as poss\u00edveis consequ\u00eancias para o mercado de nitrogenados s\u00e3o significativas.<\/p>\n<p>Caso a tarifa seja aprovada, espera-se que o pre\u00e7o do nitrato de am\u00f4nio aumente, impactando diretamente os produtores rurais. Com um aumento nos custos, pode haver uma migra\u00e7\u00e3o para outras fontes de nitrog\u00eanio, o que influenciar\u00e1 o pre\u00e7o dos fertilizantes nitrogenados de maneira geral. Embora os efeitos n\u00e3o sejam imediatos, h\u00e1 uma probabilidade consider\u00e1vel de um aumento de pre\u00e7os no m\u00e9dio prazo.\n<\/p>\n<p>Essa quest\u00e3o \u00e9 crucial para o setor agr\u00edcola. Jeferson Souza pondera se a implementa\u00e7\u00e3o dessa tarifa realmente fomentar\u00e1 a produ\u00e7\u00e3o nacional. Embora exista a possibilidade de competitividade interna, a realidade \u00e9 que os produtores rurais acabar\u00e3o arcando com os custos dessa medida. A depend\u00eancia excessiva do mercado externo \u00e9 preocupante, mas solu\u00e7\u00f5es como tarifas podem n\u00e3o ser o caminho ideal para o fortalecimento do setor. A longo prazo, a competitividade do produtor rural brasileiro pode ser comprometida, o que requer uma reflex\u00e3o mais profunda sobre as pol\u00edticas a serem adotadas para garantir a sustentabilidade da produ\u00e7\u00e3o agr\u00edcola no Brasil.<br \/>\u00a0<\/p>\n<\/div>\n<\/div>\n<p><script data-cfasync=\"false\">\n    !function (f, b, e, v, n, t, s) {\n        if (f.fbq) return; n = f.fbq = function () {\n            n.callMethod ?\n                n.callMethod.apply(n, arguments) : n.queue.push(arguments)\n        };\n        if (!f._fbq) f._fbq = n; n.push = n; n.loaded = !0; n.version = '2.0';\n        n.queue = []; t = b.createElement(e); t.async = !0;\n        t.src = v; s = b.getElementsByTagName(e)[0];\n        s.parentNode.insertBefore(t, s)\n    }(window, document, 'script',\n        'https:\/\/connect.facebook.net\/en_US\/fbevents.js');\n    fbq('init', '522546078623747');\n    fbq('track', 'PageView');\n<\/script><br \/>\n<br \/><br \/>\n<br \/><a href=\"https:\/\/www.agrolink.com.br\/noticias\/tarifas-de-fertilizantes--o-que-esperar-_495843.html\">Source link <\/a><\/p>\n","protected":false},"excerpt":{"rendered":"<p>Caso a tarifa seja aprovada, espera-se que o pre\u00e7o do nitrato de am\u00f4nio aumente Agrolink &#8211; Leonardo Gottems Publicado em<\/p>\n","protected":false},"author":1,"featured_media":3424,"comment_status":"open","ping_status":"open","sticky":false,"template":"","format":"standard","meta":{"_monsterinsights_skip_tracking":false,"_monsterinsights_sitenote_active":false,"_monsterinsights_sitenote_note":"","_monsterinsights_sitenote_category":0,"_uf_show_specific_survey":0,"_uf_disable_surveys":false,"footnotes":""},"categories":[8,1,14],"tags":[],"class_list":["post-3423","post","type-post","status-publish","format-standard","has-post-thumbnail","hentry","category-agro","category-news","category-politica-agro"],"_links":{"self":[{"href":"https:\/\/agromt.news\/index.php?rest_route=\/wp\/v2\/posts\/3423"}],"collection":[{"href":"https:\/\/agromt.news\/index.php?rest_route=\/wp\/v2\/posts"}],"about":[{"href":"https:\/\/agromt.news\/index.php?rest_route=\/wp\/v2\/types\/post"}],"author":[{"embeddable":true,"href":"https:\/\/agromt.news\/index.php?rest_route=\/wp\/v2\/users\/1"}],"replies":[{"embeddable":true,"href":"https:\/\/agromt.news\/index.php?rest_route=%2Fwp%2Fv2%2Fcomments&post=3423"}],"version-history":[{"count":0,"href":"https:\/\/agromt.news\/index.php?rest_route=\/wp\/v2\/posts\/3423\/revisions"}],"wp:featuredmedia":[{"embeddable":true,"href":"https:\/\/agromt.news\/index.php?rest_route=\/wp\/v2\/media\/3424"}],"wp:attachment":[{"href":"https:\/\/agromt.news\/index.php?rest_route=%2Fwp%2Fv2%2Fmedia&parent=3423"}],"wp:term":[{"taxonomy":"category","embeddable":true,"href":"https:\/\/agromt.news\/index.php?rest_route=%2Fwp%2Fv2%2Fcategories&post=3423"},{"taxonomy":"post_tag","embeddable":true,"href":"https:\/\/agromt.news\/index.php?rest_route=%2Fwp%2Fv2%2Ftags&post=3423"}],"curies":[{"name":"wp","href":"https:\/\/api.w.org\/{rel}","templated":true}]}}