{"id":3331,"date":"2024-10-14T15:16:40","date_gmt":"2024-10-14T19:16:40","guid":{"rendered":"https:\/\/agromt.news\/?p=3331"},"modified":"2024-10-14T15:16:40","modified_gmt":"2024-10-14T19:16:40","slug":"confira-a-atualizacao-sobre-o-plantio-da-soja-no-brasil-parana-avanca-e-lidera-a-semeadura","status":"publish","type":"post","link":"https:\/\/agromt.news\/?p=3331","title":{"rendered":"Confira a atualiza\u00e7\u00e3o sobre o plantio da soja no Brasil: Paran\u00e1 avan\u00e7a e lidera a semeadura"},"content":{"rendered":"<p> <br \/>\n<\/p>\n<div>\n<p>O plantio da safra da <a href=\"https:\/\/www.canalrural.com.br\/agricultura\/soja\/\">soja <\/a>2024\/25 no Brasil alcan\u00e7ou 8,2% da \u00e1rea total prevista at\u00e9 o dia 11 de outubro, conforme levantamento da <a href=\"https:\/\/safras.com.br\/\">Safras &amp; Mercado<\/a>. O n\u00famero representa um avan\u00e7o em rela\u00e7\u00e3o \u00e0 semana anterior, quando apenas 4,1% da \u00e1rea havia sido semeada.<\/p>\n<p>Entretanto, o ritmo de plantio est\u00e1 abaixo do registrado no mesmo per\u00edodo do ano passado, que foi de 15,8% e tamb\u00e9m inferior \u00e0 m\u00e9dia dos \u00faltimos cinco anos, que \u00e9 de 11,3%. Essa situa\u00e7\u00e3o levanta preocupa\u00e7\u00f5es sobre o impacto nas colheitas futuras e na oferta do gr\u00e3o.<\/p>\n<p class=\"has-text-align-center\"><em>Confira na palma da m\u00e3o informa\u00e7\u00f5es quentes sobre agricultura, pecu\u00e1ria, economia e previs\u00e3o do tempo:<\/em><a href=\"https:\/\/www.whatsapp.com\/channel\/0029Va9VnZxGk1FplZjiW43k\"><em>\u00a0<\/em><strong>siga o Canal Rural no WhatsApp<\/strong><\/a>!<\/p>\n<h2 class=\"wp-block-heading\" id=\"h-como-esta-a-situacao-pelo-pais\">Como est\u00e1 a situa\u00e7\u00e3o pelo pa\u00eds?<\/h2>\n<figure class=\"wp-block-image size-large\"><img fetchpriority=\"high\" decoding=\"async\" width=\"1024\" height=\"576\" alt=\"\" class=\"wp-image-4071481\"  data-lazy- src=\"https:\/\/agromt.news\/wp-content\/uploads\/2024\/10\/Confira-a-atualizacao-sobre-o-plantio-da-soja-no-Brasil.png\"\/><img decoding=\"async\" width=\"1024\" height=\"576\" src=\"https:\/\/agromt.news\/wp-content\/uploads\/2024\/10\/Confira-a-atualizacao-sobre-o-plantio-da-soja-no-Brasil.png\" alt=\"\" class=\"wp-image-4071481\"  \/><\/figure>\n<p>No Paran\u00e1, o plantio avan\u00e7a, com 36% da \u00e1rea j\u00e1 semeada, um leve aumento em rela\u00e7\u00e3o aos 34% do ano anterior. A m\u00e9dia hist\u00f3rica para o estado \u00e9 de 23,4%, evidenciando um desempenho s\u00f3lido nesta safra.<\/p>\n<\/div>\n<div>\n<p>Em contrapartida, o Mato Grosso, tradicional l\u00edder de produ\u00e7\u00e3o, apresenta apenas 9% da \u00e1rea semeada, uma queda significativa em rela\u00e7\u00e3o aos 35% do ano passado e \u00e0 m\u00e9dia de 23,2%. O Mato Grosso do Sul mostra um cen\u00e1rio semelhante, tamb\u00e9m com 9% plantados, mantendo-se est\u00e1vel em rela\u00e7\u00e3o ao ano anterior, mas abaixo da m\u00e9dia de 7,9% dos \u00faltimos cinco anos.<\/p>\n<p>Goi\u00e1s est\u00e1 ainda mais atr\u00e1s, com apenas 3% da \u00e1rea plantada, em compara\u00e7\u00e3o aos 7% do ano passado e abaixo da m\u00e9dia de 6,9%. Em S\u00e3o Paulo, o cen\u00e1rio \u00e9 desanimador, com 5% da \u00e1rea semeada, contra 7% em 2023 e 6,2% da m\u00e9dia hist\u00f3rica.<\/p>\n<p>As condi\u00e7\u00f5es clim\u00e1ticas e o atraso no plantio s\u00e3o fatores que os produtores precisam monitorar atentamente nas pr\u00f3ximas semanas. Estar ciente dessas vari\u00e1veis \u00e9 importante para antecipar e mitigar poss\u00edveis impactos negativos na safra, garantindo uma produ\u00e7\u00e3o mais eficiente.<\/p>\n<\/div>\n<p><br \/>\n<br \/><a href=\"https:\/\/www.canalrural.com.br\/agricultura\/projeto-soja-brasil\/confira-a-atualizacao-sobre-o-plantio-da-soja-no-brasil-parana-avanca-e-lidera-a-semeadura\/\">Source link <\/a><\/p>\n","protected":false},"excerpt":{"rendered":"<p>O plantio da safra da soja 2024\/25 no Brasil alcan\u00e7ou 8,2% da \u00e1rea total prevista at\u00e9 o dia 11 de<\/p>\n","protected":false},"author":1,"featured_media":3332,"comment_status":"open","ping_status":"open","sticky":false,"template":"","format":"standard","meta":{"_monsterinsights_skip_tracking":false,"_monsterinsights_sitenote_active":false,"_monsterinsights_sitenote_note":"","_monsterinsights_sitenote_category":0,"_uf_show_specific_survey":0,"_uf_disable_surveys":false,"footnotes":""},"categories":[1],"tags":[],"class_list":["post-3331","post","type-post","status-publish","format-standard","has-post-thumbnail","hentry","category-news"],"_links":{"self":[{"href":"https:\/\/agromt.news\/index.php?rest_route=\/wp\/v2\/posts\/3331"}],"collection":[{"href":"https:\/\/agromt.news\/index.php?rest_route=\/wp\/v2\/posts"}],"about":[{"href":"https:\/\/agromt.news\/index.php?rest_route=\/wp\/v2\/types\/post"}],"author":[{"embeddable":true,"href":"https:\/\/agromt.news\/index.php?rest_route=\/wp\/v2\/users\/1"}],"replies":[{"embeddable":true,"href":"https:\/\/agromt.news\/index.php?rest_route=%2Fwp%2Fv2%2Fcomments&post=3331"}],"version-history":[{"count":0,"href":"https:\/\/agromt.news\/index.php?rest_route=\/wp\/v2\/posts\/3331\/revisions"}],"wp:featuredmedia":[{"embeddable":true,"href":"https:\/\/agromt.news\/index.php?rest_route=\/wp\/v2\/media\/3332"}],"wp:attachment":[{"href":"https:\/\/agromt.news\/index.php?rest_route=%2Fwp%2Fv2%2Fmedia&parent=3331"}],"wp:term":[{"taxonomy":"category","embeddable":true,"href":"https:\/\/agromt.news\/index.php?rest_route=%2Fwp%2Fv2%2Fcategories&post=3331"},{"taxonomy":"post_tag","embeddable":true,"href":"https:\/\/agromt.news\/index.php?rest_route=%2Fwp%2Fv2%2Ftags&post=3331"}],"curies":[{"name":"wp","href":"https:\/\/api.w.org\/{rel}","templated":true}]}}