{"id":3324,"date":"2024-10-14T12:41:25","date_gmt":"2024-10-14T16:41:25","guid":{"rendered":"https:\/\/agromt.news\/?p=3324"},"modified":"2024-10-14T12:41:25","modified_gmt":"2024-10-14T16:41:25","slug":"clima-desafia-safra-de-trigo-com-incertezas-na-qualidade-da-producao-nacional","status":"publish","type":"post","link":"https:\/\/agromt.news\/?p=3324","title":{"rendered":"Clima desafia safra de trigo com incertezas na qualidade da produ\u00e7\u00e3o nacional"},"content":{"rendered":"<p> <br \/>\n<\/p>\n<div>\n<p>Os atrasos no plantio e as incertezas quanto ao desenvolvimento das lavouras s\u00e3o a base das preocupa\u00e7\u00f5es quanto ao impacto das condi\u00e7\u00f5es clim\u00e1ticas na safra de trigo de 2024. As chuvas fora de \u00e9poca, em maio, bagun\u00e7aram o calend\u00e1rio agr\u00edcola em regi\u00f5es como o Rio Grande do Sul, resultando em um plantio tardio; enquanto geadas e precipita\u00e7\u00f5es irregulares impactaram a qualidade do trigo em diferentes est\u00e1gios de desenvolvimento.<\/p>\n<p>Esse panorama de incertezas clim\u00e1ticas e seus efeitos sobre a safra no Brasil foi um dos principais t\u00f3picos abordados no Webinar \u201cSafra de Trigo Nacional 2024\u201d, realizado pela Associa\u00e7\u00e3o Brasileira da Ind\u00fastria do Trigo \u2013 Abitrigo, no dia 8 de outubro.<\/p>\n<p><strong>Setor moageiro sulista alimenta incertezas<\/strong><\/p>\n<p>&#8220;As chuvas em maio empurraram nosso plantio para a segunda quinzena de junho, resultando em uma colheita mais lenta&#8221;, explicou o operador de Mercados da Solo Corretora de Cereais, Indio Brasil dos Santos, que falou sobre o cen\u00e1rio do trigo no Rio Grande do Sul. Apesar das adversidades, o especialista pontuou que o estado apresenta boas condi\u00e7\u00f5es de lavoura, com 85% delas classificadas como boas ou excelentes. No entanto, ele contou que h\u00e1 uma preocupa\u00e7\u00e3o crescente com as chuvas excessivas, especialmente na regi\u00e3o sul ga\u00facha, onde 2% das \u00e1reas j\u00e1 apresentam problemas.<\/p>\n<p>Santos tamb\u00e9m evidenciou que o produtor enfrentou desafios financeiros e muitos n\u00e3o conseguir\u00e3o segurar suas produ\u00e7\u00f5es por muito tempo, o que pode gerar press\u00e3o no mercado. \u201cIsso pode levar a uma queda nos pre\u00e7os, especialmente se houver um grande volume de vendas concentradas ap\u00f3s o pico de safra, previsto para o fim de outubro\u201d, pontuou.<\/p>\n<p>Assim como no Rio Grande do Sul, Santa Catarina tamb\u00e9m enfrentou desafios relacionados ao clima e \u00e0 qualidade do trigo nas safras anteriores. O diretor-executivo da Copercampos, Rosnei Soder, evidenciou que apesar da redu\u00e7\u00e3o da \u00e1rea plantada para a safra de 2024, as condi\u00e7\u00f5es das lavouras s\u00e3o promissoras, embora o clima continue a ser uma apreens\u00e3o constante. &#8220;As planta\u00e7\u00f5es est\u00e3o muito bonitas, mas temos preocupa\u00e7\u00e3o com as chuvas que est\u00e3o por vir&#8221;, disse o diretor da Copercampos.<\/p>\n<p>Soder tamb\u00e9m destacou uma expectativa de produ\u00e7\u00e3o superior \u00e0 do ano passado, projetando uma colheita de at\u00e9 400 mil toneladas, caso as condi\u00e7\u00f5es clim\u00e1ticas permane\u00e7am favor\u00e1veis. No entanto, refor\u00e7ou que a colheita ainda est\u00e1 sujeita a vari\u00e1veis com o volume e a dura\u00e7\u00e3o das chuvas.<\/p>\n<p>O coordenador da Divis\u00e3o de Conjuntura do Departamento de Economia Rural do Paran\u00e1 (DERAL \u2013 PR), Carlos Hugo Godinho, apresentou um contexto semelhante no estado, destacando mudan\u00e7as significativas nas pr\u00e1ticas de plantio. Ele explicou que, enquanto o sudoeste paranaense recebeu chuvas fortes em maio, a metade norte do estado enfrentou um severo d\u00e9ficit h\u00eddrico, ficando entre 40 e 45 dias sem precipita\u00e7\u00f5es durante junho. \u201cEsse cen\u00e1rio resultou em produtividades alarmantemente baixas, com algumas regi\u00f5es colhendo menos de 2 mil quilos por hectare\u201d, resumiu.<\/p>\n<p>Al\u00e9m disso, Godinho revelou que a previs\u00e3o inicial de produ\u00e7\u00e3o de 3,6 milh\u00f5es de toneladas foi revisada para 2,6 milh\u00f5es de toneladas em setembro, uma queda de 32% em rela\u00e7\u00e3o \u00e0s expectativas iniciais. \u201cMesmo com os pre\u00e7os reagindo, a maioria dos produtores deve ter preju\u00edzo ou, no m\u00e1ximo, empatar os custos do trigo\u201d, destacou. O coordenador tamb\u00e9m expressou preocupa\u00e7\u00f5es futuras, especialmente relacionadas ao ciclo da soja e \u00e0 incid\u00eancia de pragas no milho, sugerindo que algumas \u00e1reas poderiam ser revertidas para o plantio de trigo, dependendo das condi\u00e7\u00f5es clim\u00e1ticas e econ\u00f4micas.<\/p>\n<p><strong>Estabilidade e otimismo no Cerrado<\/strong><\/p>\n<p>O presidente da Associa\u00e7\u00e3o dos Triticultores do Estado de Minas Gerais (Atriemg), Eduardo Ellas Abrahim, abordou a situa\u00e7\u00e3o cr\u00edtica da produ\u00e7\u00e3o no Cerrado. Ele destacou que, com 180 dias sem chuvas e temperaturas noturnas elevadas, a produ\u00e7\u00e3o de trigo em Minas Gerais deve cair para cerca de 250 mil toneladas, uma redu\u00e7\u00e3o de 50% em rela\u00e7\u00e3o ao ano anterior, que alcan\u00e7ou 470 mil toneladas. \u201cTivemos lavouras que n\u00e3o se estabeleceram no trigo sequeiro, inclusive no Sul de Minas, que normalmente tem uma temperatura melhor, mas esse ano foi diferente\u201d, afirmou.<\/p>\n<p>Apesar da queda na produ\u00e7\u00e3o, o pre\u00e7o do trigo em Minas Gerais se manteve est\u00e1vel, e algumas variedades, como o trigo branqueador, chegaram a ser negociadas por at\u00e9 R$ 1.600, impulsionadas pela demanda de moinhos espec\u00edficos. O presidente da Atriemg expressou otimismo em rela\u00e7\u00e3o ao pr\u00f3ximo ciclo de plantio, com produtores j\u00e1 buscando informa\u00e7\u00f5es sobre pre\u00e7os de sementes para a pr\u00f3xima safra.<\/p>\n<p>Abrahim tamb\u00e9m tra\u00e7ou um comparativo com Goi\u00e1s, que est\u00e1 vivenciando um crescimento expressivo na produ\u00e7\u00e3o de trigo, superando a casa das 300 mil toneladas pela primeira vez. Ele destacou que essa expans\u00e3o se deve, em grande parte, ao aumento das \u00e1reas irrigadas, enquanto Minas Gerais ainda depende predominantemente do trigo de sequeiro. \u201cEmbora o Distrito Federal e a Bahia apresentem produ\u00e7\u00f5es menores, de 12 mil e 60 mil toneladas, respectivamente, a qualidade do trigo proveniente dessas regi\u00f5es \u00e9 not\u00e1vel\u201d, informou.<\/p>\n<p><strong>Perspectiva de crescimento na safra paulista<\/strong><\/p>\n<p>O gerente de Suprimentos da Anaconda S.A., Nelson Montagna, apresentou um panorama positivo para a safra de trigo em S\u00e3o Paulo, com uma produ\u00e7\u00e3o estimada em torno de 360 mil toneladas. Ele destacou que, at\u00e9 o momento, 80% a 90% da colheita j\u00e1 foi realizada, o que indica que a safra est\u00e1 praticamente conclu\u00edda.\u201d Apesar de enfrentar dificuldades clim\u00e1ticas no in\u00edcio do plantio, como a seca entre abril e maio, o clima se estabilizou, sem geadas ou excessos de chuva, resultando em uma safra normalizada\u201d, definiu.<\/p>\n<p>Montagna mencionou a tend\u00eancia de crescimento na produ\u00e7\u00e3o do estado ao longo dos anos, com n\u00fameros subindo de 140 mil toneladas em 2013 para uma estimativa de 320 mil neste ano, com potencial para alcan\u00e7ar meio milh\u00e3o de toneladas no futuro. \u201cEmbora a chegada do trigo da R\u00fassia em nossos portos apresente um desafio, a baixa qualidade do produto russo limita seu impacto no mercado\u201d, finalizou.<\/p>\n<\/div>\n<p><script async defer src=\"https:\/\/connect.facebook.net\/en_US\/sdk.js\" type=\"672625da38bc4d107f99e1fb-text\/javascript\"><\/script><script type=\"672625da38bc4d107f99e1fb-text\/javascript\">\n  !function(f,b,e,v,n,t,s)\n  {if(f.fbq)return;n=f.fbq=function(){n.callMethod?\n    n.callMethod.apply(n,arguments):n.queue.push(arguments)};\n    if(!f._fbq)f._fbq=n;n.push=n;n.loaded=!0;n.version='2.0';\n    n.queue=[];t=b.createElement(e);t.async=!0;\n    t.src=v;s=b.getElementsByTagName(e)[0];\n    s.parentNode.insertBefore(t,s)}(window, document,'script',\n    'https:\/\/connect.facebook.net\/en_US\/fbevents.js');\n  fbq('init', '153495679422335');\n  fbq('track', 'PageView');\n<\/script><br \/>\n<br \/><br \/>\n<br \/><a href=\"https:\/\/www.noticiasagricolas.com.br\/noticias\/trigo\/386433-clima-desafia-safra-de-trigo-com-incertezas-na-qualidade-da-producao-nacional.html\">Source link <\/a><\/p>\n","protected":false},"excerpt":{"rendered":"<p>Os atrasos no plantio e as incertezas quanto ao desenvolvimento das lavouras s\u00e3o a base das preocupa\u00e7\u00f5es quanto ao impacto<\/p>\n","protected":false},"author":1,"featured_media":3325,"comment_status":"open","ping_status":"open","sticky":false,"template":"","format":"standard","meta":{"_monsterinsights_skip_tracking":false,"_monsterinsights_sitenote_active":false,"_monsterinsights_sitenote_note":"","_monsterinsights_sitenote_category":0,"_uf_show_specific_survey":0,"_uf_disable_surveys":false,"footnotes":""},"categories":[8,1,14,16],"tags":[],"class_list":["post-3324","post","type-post","status-publish","format-standard","has-post-thumbnail","hentry","category-agro","category-news","category-politica-agro","category-safra"],"_links":{"self":[{"href":"https:\/\/agromt.news\/index.php?rest_route=\/wp\/v2\/posts\/3324"}],"collection":[{"href":"https:\/\/agromt.news\/index.php?rest_route=\/wp\/v2\/posts"}],"about":[{"href":"https:\/\/agromt.news\/index.php?rest_route=\/wp\/v2\/types\/post"}],"author":[{"embeddable":true,"href":"https:\/\/agromt.news\/index.php?rest_route=\/wp\/v2\/users\/1"}],"replies":[{"embeddable":true,"href":"https:\/\/agromt.news\/index.php?rest_route=%2Fwp%2Fv2%2Fcomments&post=3324"}],"version-history":[{"count":0,"href":"https:\/\/agromt.news\/index.php?rest_route=\/wp\/v2\/posts\/3324\/revisions"}],"wp:featuredmedia":[{"embeddable":true,"href":"https:\/\/agromt.news\/index.php?rest_route=\/wp\/v2\/media\/3325"}],"wp:attachment":[{"href":"https:\/\/agromt.news\/index.php?rest_route=%2Fwp%2Fv2%2Fmedia&parent=3324"}],"wp:term":[{"taxonomy":"category","embeddable":true,"href":"https:\/\/agromt.news\/index.php?rest_route=%2Fwp%2Fv2%2Fcategories&post=3324"},{"taxonomy":"post_tag","embeddable":true,"href":"https:\/\/agromt.news\/index.php?rest_route=%2Fwp%2Fv2%2Ftags&post=3324"}],"curies":[{"name":"wp","href":"https:\/\/api.w.org\/{rel}","templated":true}]}}