{"id":3321,"date":"2024-10-14T12:16:57","date_gmt":"2024-10-14T16:16:57","guid":{"rendered":"https:\/\/agromt.news\/?p=3321"},"modified":"2024-10-14T12:16:57","modified_gmt":"2024-10-14T16:16:57","slug":"solucoes-para-o-solo-compactado","status":"publish","type":"post","link":"https:\/\/agromt.news\/?p=3321","title":{"rendered":"Solu\u00e7\u00f5es para o solo compactado"},"content":{"rendered":"<p> <br \/>\n<\/p>\n<div>\n<div class=\"row\">\n<div class=\"col-lg col-infos mt-3 mt-lg-0\">\n<div class=\"section-sub-title\">\n<p itemprop=\"description\">\nO setor agr\u00edcola enfrenta o dilema de perder seu principal ativo: o solo vivo\n<\/p>\n<\/div>\n<div class=\"container\">\n<div class=\"row\">\n<div class=\"col-lg p-0\">\n<div>\n<div class=\"block-news-main-infos mt-3 text-start\">\n<strong class=\"fn\" itemprop=\"author\" style=\"color: rgb(112, 112, 112); \"><br \/>\n<a href=\"https:\/\/www.agrolink.com.br\/noticias\/javascript:;\" class=\"text-uppercase\" target=\"_blank\" style=\"color: rgb(112, 112, 112); \" rel=\"noopener\">Agrolink<\/a><br \/>\n&#8211; Leonardo Gottems<br \/>\n<\/strong><br \/>\n<br \/>\n<abbr><time datetime=\"2024-10-14T10:06\" itemprop=\"datePublished dateModified\">Publicado em 14\/10\/2024 \u00e0s 10:06h.<\/time><\/abbr><br \/>\n\n<\/div>\n<\/div>\n<\/div>\n<div class=\"col-lg p-0 text-lg-end\">\n<div>\n<div id=\"mdEnviarPagina\" class=\"modal fade\" role=\"dialog\">\n<div class=\"modal-dialog\">\n<div class=\"modal-content\">\n<div class=\"modal-body\">\n<p><strong>Estimado usu\u00e1rio.<\/strong><br \/>Preencha o formul\u00e1rio abaixo para remeter a p\u00e1gina.<\/p>\n<\/div>\n<\/div>\n<\/div>\n<\/div>\n<\/div>\n<\/div>\n<\/div>\n<\/div>\n<\/div>\n<\/div>\n<div class=\"row justify-content-md-center mt-3\">\n<div class=\"col-lg-auto col-image  block-news-main-image d-none d-md-block\">\n<img decoding=\"async\" src=\"https:\/\/www.agrolink.com.br\/upload\/imagens-resizes\/800c588fd57e4ecb9937399d641ca35a_858x483.jpg\" class=\"lazyload \" alt=\"Solu\u00e7\u00f5es que promovam a regenera\u00e7\u00e3o do solo s\u00e3o cruciais\"\/><br \/>\n<span class=\"d-block mt-1\">Solu\u00e7\u00f5es que promovam a regenera\u00e7\u00e3o do solo s\u00e3o cruciais &#8211; Foto: Nadia Borges<\/span>\n<\/div>\n<\/div>\n<div class=\"section-description section-description-noticias mt-3\">\n<p>As mudan\u00e7as clim\u00e1ticas e o manejo inadequado das terras t\u00eam causado impactos severos no Cerrado brasileiro e no Norte do Paran\u00e1, regi\u00f5es que enfrentam chuvas irregulares e riscos de estiagens prolongadas. A desestrutura\u00e7\u00e3o do solo e a perda de mat\u00e9ria org\u00e2nica comprometem a sustentabilidade das atividades agr\u00edcolas, amea\u00e7ando a produtividade a longo prazo.\n<\/p>\n<p>A eros\u00e3o do solo \u00e9 uma das consequ\u00eancias mais graves da degrada\u00e7\u00e3o ambiental. A remo\u00e7\u00e3o da cobertura vegetal, por desmatamento e queimadas, torna o solo vulner\u00e1vel \u00e0 a\u00e7\u00e3o da chuva e do vento, resultando na perda da camada superficial rica em nutrientes. Sem essa camada, a fertilidade do solo diminui, tornando-o menos produtivo e mais dif\u00edcil de manejar.<\/p>\n<p>O setor agr\u00edcola enfrenta o dilema de perder seu principal ativo: o solo vivo. Queimadas, altas temperaturas e a falta de chuvas prejudicam a estrutura do solo e sua capacidade produtiva. Um solo saud\u00e1vel \u00e9 essencial para fornecer os nutrientes necess\u00e1rios ao desenvolvimento das plantas, assegurando a safra atual e as futuras.\n<\/p>\n<p>Solu\u00e7\u00f5es que promovam a regenera\u00e7\u00e3o do solo s\u00e3o cruciais. A biotecnologia oferecida pelo Microgeo\u00a0se destaca, com o Composto L\u00edquido produzido pela Bioesta\u00e7\u00e3o Microgeo (BEM), que reconstitui a estrutura do solo, recuperando a mat\u00e9ria org\u00e2nica e melhorando a reten\u00e7\u00e3o de \u00e1gua e nutrientes. O uso cont\u00ednuo do Microgeo\u00a0reestabelece o equil\u00edbrio do microbioma do solo, aumentando sua resili\u00eancia contra adversidades clim\u00e1ticas.<\/p>\n<p>Essa abordagem promove um ambiente saud\u00e1vel que sustenta a produ\u00e7\u00e3o agr\u00edcola a longo prazo. Restaurar a biodiversidade do solo assegura a sustentabilidade das opera\u00e7\u00f5es, preservando a produtividade e minimizando impactos ambientais negativos. A combina\u00e7\u00e3o de regenera\u00e7\u00e3o do solo e fortalecimento de sua estrutura \u00e9 fundamental para enfrentar os desafios clim\u00e1ticos e garantir a viabilidade econ\u00f4mica das propriedades agr\u00edcolas.\n<\/p>\n<\/div>\n<\/div>\n<p><script data-cfasync=\"false\">\n    !function (f, b, e, v, n, t, s) {\n        if (f.fbq) return; n = f.fbq = function () {\n            n.callMethod ?\n                n.callMethod.apply(n, arguments) : n.queue.push(arguments)\n        };\n        if (!f._fbq) f._fbq = n; n.push = n; n.loaded = !0; n.version = '2.0';\n        n.queue = []; t = b.createElement(e); t.async = !0;\n        t.src = v; s = b.getElementsByTagName(e)[0];\n        s.parentNode.insertBefore(t, s)\n    }(window, document, 'script',\n        'https:\/\/connect.facebook.net\/en_US\/fbevents.js');\n    fbq('init', '522546078623747');\n    fbq('track', 'PageView');\n<\/script><br \/>\n<br \/><br \/>\n<br \/><a href=\"https:\/\/www.agrolink.com.br\/noticias\/solucoes-para-o-solo-compactado_495807.html\">Source link <\/a><\/p>\n","protected":false},"excerpt":{"rendered":"<p>O setor agr\u00edcola enfrenta o dilema de perder seu principal ativo: o solo vivo Agrolink &#8211; Leonardo Gottems Publicado em<\/p>\n","protected":false},"author":1,"featured_media":1679,"comment_status":"open","ping_status":"open","sticky":false,"template":"","format":"standard","meta":{"_monsterinsights_skip_tracking":false,"_monsterinsights_sitenote_active":false,"_monsterinsights_sitenote_note":"","_monsterinsights_sitenote_category":0,"_uf_show_specific_survey":0,"_uf_disable_surveys":false,"footnotes":""},"categories":[8,1,14],"tags":[],"class_list":["post-3321","post","type-post","status-publish","format-standard","has-post-thumbnail","hentry","category-agro","category-news","category-politica-agro"],"_links":{"self":[{"href":"https:\/\/agromt.news\/index.php?rest_route=\/wp\/v2\/posts\/3321"}],"collection":[{"href":"https:\/\/agromt.news\/index.php?rest_route=\/wp\/v2\/posts"}],"about":[{"href":"https:\/\/agromt.news\/index.php?rest_route=\/wp\/v2\/types\/post"}],"author":[{"embeddable":true,"href":"https:\/\/agromt.news\/index.php?rest_route=\/wp\/v2\/users\/1"}],"replies":[{"embeddable":true,"href":"https:\/\/agromt.news\/index.php?rest_route=%2Fwp%2Fv2%2Fcomments&post=3321"}],"version-history":[{"count":0,"href":"https:\/\/agromt.news\/index.php?rest_route=\/wp\/v2\/posts\/3321\/revisions"}],"wp:featuredmedia":[{"embeddable":true,"href":"https:\/\/agromt.news\/index.php?rest_route=\/wp\/v2\/media\/1679"}],"wp:attachment":[{"href":"https:\/\/agromt.news\/index.php?rest_route=%2Fwp%2Fv2%2Fmedia&parent=3321"}],"wp:term":[{"taxonomy":"category","embeddable":true,"href":"https:\/\/agromt.news\/index.php?rest_route=%2Fwp%2Fv2%2Fcategories&post=3321"},{"taxonomy":"post_tag","embeddable":true,"href":"https:\/\/agromt.news\/index.php?rest_route=%2Fwp%2Fv2%2Ftags&post=3321"}],"curies":[{"name":"wp","href":"https:\/\/api.w.org\/{rel}","templated":true}]}}