{"id":3319,"date":"2024-10-14T11:25:06","date_gmt":"2024-10-14T15:25:06","guid":{"rendered":"https:\/\/agromt.news\/?p=3319"},"modified":"2024-10-14T11:25:06","modified_gmt":"2024-10-14T15:25:06","slug":"morre-washington-olivetto-icone-da-publicidade-brasileira-aos-73-anos","status":"publish","type":"post","link":"https:\/\/agromt.news\/?p=3319","title":{"rendered":"Morre Washington Olivetto, \u00edcone da publicidade brasileira, aos 73 anos"},"content":{"rendered":"<p> <br \/>\n<br \/><img decoding=\"async\" src=\"https:\/\/agromt.news\/wp-content\/uploads\/2024\/10\/Morre-Washington-Olivetto-icone-da-publicidade-brasileira-aos-73-anos.jpg\" \/><\/p>\n<div>\n<p>O publicit\u00e1rio <strong>Washington Olivetto<\/strong>, um dos maiores nomes da publicidade brasileira, faleceu ontem, domingo (13), aos 73 anos. Ele estava internado no Hospital Copa Star, no Rio de Janeiro, h\u00e1 quase cinco meses. O hospital divulgou uma nota lamentando a perda, mas n\u00e3o forneceu mais detalhes a pedido da fam\u00edlia.<\/p>\n<p><em>Confira na palma da m\u00e3o informa\u00e7\u00f5es quentes sobre agricultura, pecu\u00e1ria, economia e previs\u00e3o do tempo:<\/em><a href=\"https:\/\/www.whatsapp.com\/channel\/0029Va9VnZxGk1FplZjiW43k\"><em> <\/em><strong>siga o Canal Rural no WhatsApp<\/strong><\/a>!<\/p>\n<p>Reconhecido internacionalmente por sua criatividade e inova\u00e7\u00f5es no setor, Olivetto foi respons\u00e1vel por criar campanhas antol\u00f3gicas que marcaram a cultura popular brasileira, como \u201cO Primeiro Suti\u00e3 a Gente Nunca Esquece\u201d, da Valis\u00e8re, e o ic\u00f4nico \u201cGaroto Bombril\u201d, estrelado por Carlos Moreno, que o colocou no Guinness Book como o garoto-propaganda mais longevo da hist\u00f3ria.<\/p>\n<p>Al\u00e9m de seus feitos na publicidade, Olivetto teve um envolvimento significativo no futebol, sendo vice-presidente do Corinthians e um dos idealizadores da Democracia Corinthiana nos anos 1980.<\/p>\n<h2 class=\"wp-block-heading\" id=\"h-uma-carreira-brilhante-e-cheia-de-premios\"><strong>Uma carreira brilhante e cheia de pr\u00eamios<\/strong><\/h2>\n<p>Washington Olivetto nasceu em 29 de setembro de 1951, no bairro da Lapa, em S\u00e3o Paulo, e construiu uma carreira de enorme prest\u00edgio. Aos 19 anos, conquistou seu primeiro pr\u00eamio em Cannes, abrindo caminho para uma trajet\u00f3ria repleta de reconhecimento. Ao longo dos anos, Olivetto acumulou centenas de pr\u00eamios em festivais internacionais, consolidando-se como o principal rosto da publicidade brasileira no mundo.<\/p>\n<\/div>\n<div>\n<p>Entre suas campanhas de maior sucesso, al\u00e9m de Valis\u00e8re e Bombril, est\u00e3o \u201cHitler\u201d, para a Folha de S. Paulo, e o cachorro da Cofap, ambas destacadas como marcos da publicidade nacional.<\/p>\n<h2 class=\"wp-block-heading\" id=\"h-uma-vida-de-historias-e-desafios\"><strong>Uma vida de hist\u00f3rias e desafios<\/strong><\/h2>\n<p>Al\u00e9m de seus sucessos profissionais, Olivetto tamb\u00e9m viveu momentos dram\u00e1ticos. Em 2001, foi v\u00edtima de um sequestro que durou 53 dias. O publicit\u00e1rio sempre evitou comentar o ocorrido, referindo-se ao epis\u00f3dio como \u201caquele evento\u201d em entrevistas. Ele foi resgatado em 2002, ap\u00f3s a a\u00e7\u00e3o de investigadores da Pol\u00edcia Federal.<\/p>\n<p>Nos \u00faltimos anos, Olivetto se mudou para Londres e mantinha um papel ativo na publicidade internacional. Em sua \u00faltima entrevista, dada em janeiro de 2024, ele expressou preocupa\u00e7\u00e3o com o estado atual da publicidade no Brasil, lamentando a falta de brilho nas campanhas recentes.<\/p>\n<p>Washington Olivetto deixa um legado inestim\u00e1vel para o mundo da propaganda e para a cultura brasileira. Ele tamb\u00e9m deixa sua esposa Patr\u00edcia Viotti e tr\u00eas filhos, Homero, Ant\u00f4nia e Theo.<\/p>\n<\/div>\n<p><br \/>\n<br \/><a href=\"https:\/\/www.canalrural.com.br\/diversos\/morre-washington-olivetto-icone-da-publicidade-brasileira-aos-73-anos\/\">Source link <\/a><\/p>\n","protected":false},"excerpt":{"rendered":"<p>O publicit\u00e1rio Washington Olivetto, um dos maiores nomes da publicidade brasileira, faleceu ontem, domingo (13), aos 73 anos. Ele estava<\/p>\n","protected":false},"author":1,"featured_media":3320,"comment_status":"open","ping_status":"open","sticky":false,"template":"","format":"standard","meta":{"_monsterinsights_skip_tracking":false,"_monsterinsights_sitenote_active":false,"_monsterinsights_sitenote_note":"","_monsterinsights_sitenote_category":0,"_uf_show_specific_survey":0,"_uf_disable_surveys":false,"footnotes":""},"categories":[1],"tags":[],"class_list":["post-3319","post","type-post","status-publish","format-standard","has-post-thumbnail","hentry","category-news"],"_links":{"self":[{"href":"https:\/\/agromt.news\/index.php?rest_route=\/wp\/v2\/posts\/3319"}],"collection":[{"href":"https:\/\/agromt.news\/index.php?rest_route=\/wp\/v2\/posts"}],"about":[{"href":"https:\/\/agromt.news\/index.php?rest_route=\/wp\/v2\/types\/post"}],"author":[{"embeddable":true,"href":"https:\/\/agromt.news\/index.php?rest_route=\/wp\/v2\/users\/1"}],"replies":[{"embeddable":true,"href":"https:\/\/agromt.news\/index.php?rest_route=%2Fwp%2Fv2%2Fcomments&post=3319"}],"version-history":[{"count":0,"href":"https:\/\/agromt.news\/index.php?rest_route=\/wp\/v2\/posts\/3319\/revisions"}],"wp:featuredmedia":[{"embeddable":true,"href":"https:\/\/agromt.news\/index.php?rest_route=\/wp\/v2\/media\/3320"}],"wp:attachment":[{"href":"https:\/\/agromt.news\/index.php?rest_route=%2Fwp%2Fv2%2Fmedia&parent=3319"}],"wp:term":[{"taxonomy":"category","embeddable":true,"href":"https:\/\/agromt.news\/index.php?rest_route=%2Fwp%2Fv2%2Fcategories&post=3319"},{"taxonomy":"post_tag","embeddable":true,"href":"https:\/\/agromt.news\/index.php?rest_route=%2Fwp%2Fv2%2Ftags&post=3319"}],"curies":[{"name":"wp","href":"https:\/\/api.w.org\/{rel}","templated":true}]}}