{"id":3292,"date":"2024-10-13T09:04:21","date_gmt":"2024-10-13T13:04:21","guid":{"rendered":"https:\/\/agromt.news\/?p=3292"},"modified":"2024-10-13T09:04:21","modified_gmt":"2024-10-13T13:04:21","slug":"comeca-periodo-de-defeso-de-10-especies-de-peixe-entidade-orienta-pescadores","status":"publish","type":"post","link":"https:\/\/agromt.news\/?p=3292","title":{"rendered":"Come\u00e7a per\u00edodo de defeso de 10 esp\u00e9cies de peixe; entidade orienta pescadores"},"content":{"rendered":"<p> <br \/>\n<br \/><img decoding=\"async\" src=\"https:\/\/agromt.news\/wp-content\/uploads\/2024\/10\/Comeca-periodo-de-defeso-de-10-especies-de-peixe-entidade.jpeg\" \/><\/p>\n<div>\n<p>O Instituto de Desenvolvimento Agropecu\u00e1rio e Florestal Sustent\u00e1vel do estado do Amazonas (Idam) alerta os pescadores artesanais do Amazonas sobre o in\u00edcio do per\u00edodo de defeso de dez esp\u00e9cies de peixes amaz\u00f4nicos: tambaqui, capari, surubim, pirapitinga, mapar\u00e1, sardinha, pacu, aruan\u00e3, aruan\u00e3-preta e matrinx\u00e3. <\/p>\n<p>A iniciativa visa resguardar a reprodu\u00e7\u00e3o das esp\u00e9cies nos rios da Bacia Amaz\u00f4nica.<\/p>\n<p>A primeira esp\u00e9cie a entrar no per\u00edodo de defeso foi o <a href=\"https:\/\/www.canalrural.com.br\/tag\/tambaqui\/\">tambaqui<\/a>, no in\u00edcio de outubro, com restri\u00e7\u00f5es que seguem at\u00e9 31 de mar\u00e7o de 2025. J\u00e1 as demais esp\u00e9cies ter\u00e3o a pesca proibida entre 15 de novembro deste ano e 15 de mar\u00e7o de 2025.<\/p>\n<p>A gerente de Aquicultura e Pesca (Geape) do Idam, Karen Alves, lembra que o defeso tem como objetivo a manuten\u00e7\u00e3o dos estoques pesqueiros, al\u00e9m de evitar a extin\u00e7\u00e3o de esp\u00e9cies. <\/p>\n<\/div>\n<div>\n<p>A gerente tamb\u00e9m informa que durante o per\u00edodo, tanto pescadores artesanais quanto aqueles que trabalham com a venda do produto, precisam estar atentos \u00e0 legisla\u00e7\u00e3o.<\/p>\n<p>\u201cOrientamos que os pescadores usem os apetrechos adequados e n\u00e3o capturem as esp\u00e9cies protegidas pelo defeso para reprodu\u00e7\u00e3o, como garantia \u00e0s pr\u00f3ximas safras. No que diz respeito \u00e0 comercializa\u00e7\u00e3o desses pescados, refor\u00e7amos que os vendedores adquiram somente os peixes oriundos da piscicultura e estejam atentos, tamb\u00e9m, em rela\u00e7\u00e3o \u00e0 documenta\u00e7\u00e3o do produto\u201d, alerta a gerente.<\/p>\n<p>Al\u00e9m de chamar aten\u00e7\u00e3o do pescador para o per\u00edodo de defeso, o instituto orienta, ainda, que, no per\u00edodo, os trabalhadores busquem a Superintend\u00eancia Federal de Pesca e Aquicultura (SFA) para regularizar o Registro Geral da Atividade Pesqueira (RGP). <\/p>\n<p>J\u00e1 em rela\u00e7\u00e3o ao seguro defeso, o instituto refor\u00e7a que a solicita\u00e7\u00e3o pode ser realizada nas pr\u00f3prias col\u00f4nias de pescadores.<\/p>\n<hr class=\"wp-block-separator has-alpha-channel-opacity\"\/>\n<em>Saiba em primeira m\u00e3o informa\u00e7\u00f5es sobre agricultura, pecu\u00e1ria, economia e previs\u00e3o do tempo. <a href=\"https:\/\/news.google.com\/publications\/CAAqBwgKMPKZlQswq_mqAw?ceid=BR:pt-419&amp;oc=3&amp;hl=pt-BR&amp;gl=BR\"><strong>Siga o Canal Rural no Google News<\/strong><\/a>.<\/em>\n<\/div>\n<p><br \/>\n<br \/><a href=\"https:\/\/www.canalrural.com.br\/nacional\/comeca-o-periodo-de-defeso-de-10-especies-de-peixe-entidade-orienta-pescadores\/\">Source link <\/a><\/p>\n","protected":false},"excerpt":{"rendered":"<p>O Instituto de Desenvolvimento Agropecu\u00e1rio e Florestal Sustent\u00e1vel do estado do Amazonas (Idam) alerta os pescadores artesanais do Amazonas sobre<\/p>\n","protected":false},"author":1,"featured_media":3293,"comment_status":"open","ping_status":"open","sticky":false,"template":"","format":"standard","meta":{"_monsterinsights_skip_tracking":false,"_monsterinsights_sitenote_active":false,"_monsterinsights_sitenote_note":"","_monsterinsights_sitenote_category":0,"_uf_show_specific_survey":0,"_uf_disable_surveys":false,"footnotes":""},"categories":[1],"tags":[],"class_list":["post-3292","post","type-post","status-publish","format-standard","has-post-thumbnail","hentry","category-news"],"_links":{"self":[{"href":"https:\/\/agromt.news\/index.php?rest_route=\/wp\/v2\/posts\/3292"}],"collection":[{"href":"https:\/\/agromt.news\/index.php?rest_route=\/wp\/v2\/posts"}],"about":[{"href":"https:\/\/agromt.news\/index.php?rest_route=\/wp\/v2\/types\/post"}],"author":[{"embeddable":true,"href":"https:\/\/agromt.news\/index.php?rest_route=\/wp\/v2\/users\/1"}],"replies":[{"embeddable":true,"href":"https:\/\/agromt.news\/index.php?rest_route=%2Fwp%2Fv2%2Fcomments&post=3292"}],"version-history":[{"count":0,"href":"https:\/\/agromt.news\/index.php?rest_route=\/wp\/v2\/posts\/3292\/revisions"}],"wp:featuredmedia":[{"embeddable":true,"href":"https:\/\/agromt.news\/index.php?rest_route=\/wp\/v2\/media\/3293"}],"wp:attachment":[{"href":"https:\/\/agromt.news\/index.php?rest_route=%2Fwp%2Fv2%2Fmedia&parent=3292"}],"wp:term":[{"taxonomy":"category","embeddable":true,"href":"https:\/\/agromt.news\/index.php?rest_route=%2Fwp%2Fv2%2Fcategories&post=3292"},{"taxonomy":"post_tag","embeddable":true,"href":"https:\/\/agromt.news\/index.php?rest_route=%2Fwp%2Fv2%2Ftags&post=3292"}],"curies":[{"name":"wp","href":"https:\/\/api.w.org\/{rel}","templated":true}]}}