{"id":3282,"date":"2024-10-12T16:03:12","date_gmt":"2024-10-12T20:03:12","guid":{"rendered":"https:\/\/agromt.news\/?p=3282"},"modified":"2024-10-12T16:03:12","modified_gmt":"2024-10-12T20:03:12","slug":"mapa-e-fazenda-unem-forcas-para-impulsionar-produtores-rurais","status":"publish","type":"post","link":"https:\/\/agromt.news\/?p=3282","title":{"rendered":"Mapa e Fazenda unem for\u00e7as para impulsionar produtores rurais"},"content":{"rendered":"<p> <br \/>\n<br \/><img decoding=\"async\" src=\"https:\/\/agromt.news\/wp-content\/uploads\/2024\/10\/Mapa-e-Fazenda-unem-forcas-para-impulsionar-produtores-rurais.jpg\" \/><\/p>\n<div>\n<p>Os ministros da Agricultura, Carlos F\u00e1varo, e da Fazenda, Fernando Haddad, se reuniram na \u00faltima semana para debater estrat\u00e9gias de incentivo aos <a href=\"https:\/\/www.canalrural.com.br\/?s=produtores+rurais+\">produtores rurais brasileiros.<\/a> Segundo o <a href=\"https:\/\/www.gov.br\/agricultura\/pt-br\">Minist\u00e9rio da Agricultura e Pecu\u00e1ria<\/a>, o encontro teve como foco a melhoria do setor, incluindo a aquisi\u00e7\u00e3o de maquin\u00e1rio para agricultura de precis\u00e3o, destinado a auxiliar pequenos agricultores na recupera\u00e7\u00e3o de solos degradados.<\/p>\n<p>\u201cFoi uma reuni\u00e3o muito produtiva, com avan\u00e7os significativos para o agro. Estou confiante de que, com as equipes t\u00e9cnicas do Mapa e da Fazenda trabalhando juntas, teremos boas not\u00edcias em breve para nossos produtores\u201d, afirmou F\u00e1varo.<\/p>\n<p class=\"has-text-align-center\"><em>Confira na palma da m\u00e3o informa\u00e7\u00f5es quentes sobre agricultura, pecu\u00e1ria, economia e previs\u00e3o do tempo:<\/em><a href=\"https:\/\/www.whatsapp.com\/channel\/0029Va9VnZxGk1FplZjiW43k\"><em>\u00a0<\/em><strong>siga o Canal Rural no WhatsApp<\/strong><\/a>!<\/p>\n<\/div>\n<div>\n<p>Os ministros tamb\u00e9m discutiram a flexibiliza\u00e7\u00e3o das restri\u00e7\u00f5es ao cr\u00e9dito rural, com base na resolu\u00e7\u00e3o do Conselho Monet\u00e1rio Nacional (CMN) n\u00ba. 5.081 de 2023, que estabelece novas condi\u00e7\u00f5es para a concess\u00e3o de financiamento agr\u00edcola.<\/p>\n<p>Em rela\u00e7\u00e3o ao <a href=\"https:\/\/www.canalrural.com.br\/?s=Rio+Grande+do+Sul\">Rio Grande do Sul,<\/a> as medidas de apoio aos produtores, que enfrentam a situa\u00e7\u00e3o de emerg\u00eancia reconhecida pelo governo federal, foram uma prioridade na conversa. A altera\u00e7\u00e3o na Resolu\u00e7\u00e3o n\u00ba. 5.140\/2024 foi mencionada, permitindo a renegocia\u00e7\u00e3o de d\u00edvidas para cooperativas e pequenos produtores, sem a aplica\u00e7\u00e3o de limita\u00e7\u00f5es geogr\u00e1ficas em opera\u00e7\u00f5es de capital de giro.<\/p>\n<p>\u201cEstamos focados em proporcionar mais tranquilidade para que os produtores executem a safra de ver\u00e3o, que j\u00e1 est\u00e1 em andamento\u201d, concluiu o ministro.<\/p>\n<\/div>\n<p><br \/>\n<br \/><a href=\"https:\/\/www.canalrural.com.br\/agricultura\/mapa-e-fazenda-unem-forcas-para-impulsionar-produtores-rurais\/\">Source link <\/a><\/p>\n","protected":false},"excerpt":{"rendered":"<p>Os ministros da Agricultura, Carlos F\u00e1varo, e da Fazenda, Fernando Haddad, se reuniram na \u00faltima semana para debater estrat\u00e9gias de<\/p>\n","protected":false},"author":1,"featured_media":3283,"comment_status":"open","ping_status":"open","sticky":false,"template":"","format":"standard","meta":{"_monsterinsights_skip_tracking":false,"_monsterinsights_sitenote_active":false,"_monsterinsights_sitenote_note":"","_monsterinsights_sitenote_category":0,"_uf_show_specific_survey":0,"_uf_disable_surveys":false,"footnotes":""},"categories":[1],"tags":[],"class_list":["post-3282","post","type-post","status-publish","format-standard","has-post-thumbnail","hentry","category-news"],"_links":{"self":[{"href":"https:\/\/agromt.news\/index.php?rest_route=\/wp\/v2\/posts\/3282"}],"collection":[{"href":"https:\/\/agromt.news\/index.php?rest_route=\/wp\/v2\/posts"}],"about":[{"href":"https:\/\/agromt.news\/index.php?rest_route=\/wp\/v2\/types\/post"}],"author":[{"embeddable":true,"href":"https:\/\/agromt.news\/index.php?rest_route=\/wp\/v2\/users\/1"}],"replies":[{"embeddable":true,"href":"https:\/\/agromt.news\/index.php?rest_route=%2Fwp%2Fv2%2Fcomments&post=3282"}],"version-history":[{"count":0,"href":"https:\/\/agromt.news\/index.php?rest_route=\/wp\/v2\/posts\/3282\/revisions"}],"wp:featuredmedia":[{"embeddable":true,"href":"https:\/\/agromt.news\/index.php?rest_route=\/wp\/v2\/media\/3283"}],"wp:attachment":[{"href":"https:\/\/agromt.news\/index.php?rest_route=%2Fwp%2Fv2%2Fmedia&parent=3282"}],"wp:term":[{"taxonomy":"category","embeddable":true,"href":"https:\/\/agromt.news\/index.php?rest_route=%2Fwp%2Fv2%2Fcategories&post=3282"},{"taxonomy":"post_tag","embeddable":true,"href":"https:\/\/agromt.news\/index.php?rest_route=%2Fwp%2Fv2%2Ftags&post=3282"}],"curies":[{"name":"wp","href":"https:\/\/api.w.org\/{rel}","templated":true}]}}