{"id":3200,"date":"2024-10-11T04:57:16","date_gmt":"2024-10-11T08:57:16","guid":{"rendered":"https:\/\/agromt.news\/?p=3200"},"modified":"2024-10-11T04:57:16","modified_gmt":"2024-10-11T08:57:16","slug":"flutuacoes-nos-precos-das-fruta-em-minas-gerais","status":"publish","type":"post","link":"https:\/\/agromt.news\/?p=3200","title":{"rendered":"Flutua\u00e7\u00f5es nos pre\u00e7os das fruta em Minas Gerais"},"content":{"rendered":"<p> <br \/>\n<\/p>\n<div>\n<p style=\"text-align:justify\">O Balan\u00e7o Semanal de Pre\u00e7os das Frutas, divulgado pela Secretaria de Estado de Agricultura, Pecu\u00e1ria e Abastecimento (SEAPA), revela importantes flutua\u00e7\u00f5es nos pre\u00e7os das principais frutas comercializadas no CeasaMinas, localizado em Contagem, entre os dias 23 de setembro e 4 de outubro de 2024. O levantamento, realizado em conjunto com as institui\u00e7\u00f5es vinculadas Emater-MG, Epamig e IMA, tem como objetivo monitorar o abastecimento alimentar no estado de Minas Gerais.\n<\/p>\n<p style=\"text-align:justify\">A metodologia adotada considera a compara\u00e7\u00e3o dos pre\u00e7os m\u00e9dios praticados no Ceasa-MG, unidade Grande BH. O estudo abrangeu as dez frutas mais comercializadas em volume, incluindo abacaxi, banana, coco verde, laranja, lim\u00e3o, ma\u00e7\u00e3, manga, mam\u00e3o, melancia e uva.<\/p>\n<p style=\"text-align:justify\">Entre os destaques, o abacaxi apresentou um aumento inicial de 6,3%, seguido por uma queda de 5,9%, mantendo-se est\u00e1vel a R$ 80,00 a d\u00fazia. A varia\u00e7\u00e3o m\u00e9dia da fruta foi de -2%, passando de R$ 81,67 para R$ 80,00. Por outro lado, o pre\u00e7o da banana prata permaneceu inalterado ao longo do per\u00edodo analisado.<\/p>\n<p style=\"text-align:justify\">O coco verde teve um aumento de 12% no final do per\u00edodo, enquanto o pre\u00e7o da laranja pera subiu 10% na segunda semana, alcan\u00e7ando R$ 5,50\/kg. O lim\u00e3o tahiti extra tamb\u00e9m registrou altas significativas, com varia\u00e7\u00f5es de 8,3% e 7,7%, fechando a R$ 7,00\/kg.\n<\/p>\n<p style=\"text-align:justify\">A ma\u00e7\u00e3 gala, por sua vez, teve uma queda acumulada de 4,7%, chegando a R$ 9,53\/kg. O mam\u00e3o formosa caiu 15,4% no pre\u00e7o, encerrando o per\u00edodo a R$ 2,50\/kg, enquanto a manga tommy viu seu pre\u00e7o cair 11,5%, atingindo R$ 2,86\/kg. A melancia gra\u00fada teve uma queda de 3,6%, passando para R$ 1,80\/kg.<\/p>\n<p style=\"text-align:justify\">No caso da uva it\u00e1lia, as varia\u00e7\u00f5es foram mais complexas, com uma alta de 11,1% na primeira semana, seguida por uma queda de 5% e uma nova alta de 5,3%, mantendo-se em R$ 12,50\/kg. Ao comparar os pre\u00e7os m\u00e9dios entre as semanas de 23 a 27 de setembro e de 30 de setembro a 4 de outubro, apenas a banana se destacou pela estabilidade.<\/p>\n<p style=\"text-align:justify\">A an\u00e1lise dos resultados aponta que o aumento dos pre\u00e7os da laranja e do lim\u00e3o pode ser atribu\u00eddo ao calor, que afeta a produ\u00e7\u00e3o e reduz a oferta, ao mesmo tempo em que eleva o consumo. J\u00e1 os viticultores t\u00eam priorizado o mercado externo devido a boas remunera\u00e7\u00f5es.\n<\/p>\n<p style=\"text-align:justify\">As frutas que apresentaram queda nos pre\u00e7os foram: abacaxi, ma\u00e7\u00e3, mam\u00e3o, manga e melancia. O aumento da oferta de ma\u00e7\u00e3s importadas, que possuem calibres e colora\u00e7\u00f5es mais atrativas, resultou na diminui\u00e7\u00e3o da demanda pelas ma\u00e7\u00e3s brasileiras, impactando seus pre\u00e7os. No caso do mam\u00e3o, a alta oferta e um mercado lento foram fatores decisivos para a desvaloriza\u00e7\u00e3o. A manga enfrentou dificuldades log\u00edsticas nas exporta\u00e7\u00f5es, intensificando a oferta no mercado interno. A melancia tamb\u00e9m foi afetada pela alta oferta, levando \u00e0 press\u00e3o nas cota\u00e7\u00f5es.<\/p>\n<\/div>\n<p><script data-cfasync=\"false\">\n    !function (f, b, e, v, n, t, s) {\n        if (f.fbq) return; n = f.fbq = function () {\n            n.callMethod ?\n                n.callMethod.apply(n, arguments) : n.queue.push(arguments)\n        };\n        if (!f._fbq) f._fbq = n; n.push = n; n.loaded = !0; n.version = '2.0';\n        n.queue = []; t = b.createElement(e); t.async = !0;\n        t.src = v; s = b.getElementsByTagName(e)[0];\n        s.parentNode.insertBefore(t, s)\n    }(window, document, 'script',\n        'https:\/\/connect.facebook.net\/en_US\/fbevents.js');\n    fbq('init', '522546078623747');\n    fbq('track', 'PageView');\n<\/script><br \/>\n<br \/><br \/>\n<br \/><a href=\"https:\/\/www.agrolink.com.br\/noticias\/flutuacoes-nos-precos-das-fruta-em-minas-gerais_495747.html\">Source link <\/a><\/p>\n","protected":false},"excerpt":{"rendered":"<p>O Balan\u00e7o Semanal de Pre\u00e7os das Frutas, divulgado pela Secretaria de Estado de Agricultura, Pecu\u00e1ria e Abastecimento (SEAPA), revela importantes<\/p>\n","protected":false},"author":1,"featured_media":1134,"comment_status":"open","ping_status":"open","sticky":false,"template":"","format":"standard","meta":{"_monsterinsights_skip_tracking":false,"_monsterinsights_sitenote_active":false,"_monsterinsights_sitenote_note":"","_monsterinsights_sitenote_category":0,"_uf_show_specific_survey":0,"_uf_disable_surveys":false,"footnotes":""},"categories":[8,1,14],"tags":[],"class_list":["post-3200","post","type-post","status-publish","format-standard","has-post-thumbnail","hentry","category-agro","category-news","category-politica-agro"],"_links":{"self":[{"href":"https:\/\/agromt.news\/index.php?rest_route=\/wp\/v2\/posts\/3200"}],"collection":[{"href":"https:\/\/agromt.news\/index.php?rest_route=\/wp\/v2\/posts"}],"about":[{"href":"https:\/\/agromt.news\/index.php?rest_route=\/wp\/v2\/types\/post"}],"author":[{"embeddable":true,"href":"https:\/\/agromt.news\/index.php?rest_route=\/wp\/v2\/users\/1"}],"replies":[{"embeddable":true,"href":"https:\/\/agromt.news\/index.php?rest_route=%2Fwp%2Fv2%2Fcomments&post=3200"}],"version-history":[{"count":0,"href":"https:\/\/agromt.news\/index.php?rest_route=\/wp\/v2\/posts\/3200\/revisions"}],"wp:featuredmedia":[{"embeddable":true,"href":"https:\/\/agromt.news\/index.php?rest_route=\/wp\/v2\/media\/1134"}],"wp:attachment":[{"href":"https:\/\/agromt.news\/index.php?rest_route=%2Fwp%2Fv2%2Fmedia&parent=3200"}],"wp:term":[{"taxonomy":"category","embeddable":true,"href":"https:\/\/agromt.news\/index.php?rest_route=%2Fwp%2Fv2%2Fcategories&post=3200"},{"taxonomy":"post_tag","embeddable":true,"href":"https:\/\/agromt.news\/index.php?rest_route=%2Fwp%2Fv2%2Ftags&post=3200"}],"curies":[{"name":"wp","href":"https:\/\/api.w.org\/{rel}","templated":true}]}}