{"id":3199,"date":"2024-10-11T04:22:23","date_gmt":"2024-10-11T08:22:23","guid":{"rendered":"https:\/\/agromt.news\/?p=3199"},"modified":"2024-10-11T04:22:23","modified_gmt":"2024-10-11T08:22:23","slug":"sexta-feira-repleta-de-pancadas-de-chuva-e-ventania-confira-e-prepare-se","status":"publish","type":"post","link":"https:\/\/agromt.news\/?p=3199","title":{"rendered":"Sexta-feira repleta de pancadas de chuva e ventania; confira e prepare-se"},"content":{"rendered":"<p> <br \/>\n<br \/><img decoding=\"async\" src=\"https:\/\/agromt.news\/wp-content\/uploads\/2024\/09\/Semana-comeca-com-chuva-em-algumas-areas-tem-ate-chance.jpg\" \/><\/p>\n<div>\n<p>O \u00faltimo dia \u00fatil da semana \u00e9 marcado por pancadas intensas de chuva e ventos de at\u00e9 70 km\/h em algumas \u00e1reas. Veja a <strong><a href=\"https:\/\/tempo.canalrural.com.br\/\">previs\u00e3o do tempo<\/a><\/strong> para as cinco regi\u00f5es brasileiras:<\/p>\n<h2 class=\"wp-block-heading\" id=\"h-sul\">Sul<\/h2>\n<p>Os maiores volumes de chuva continuam concentrados no extremo sul, leste e na serra do <strong><a href=\"https:\/\/www.canalrural.com.br\/nacional\/rio-grande-do-sul\/\">Rio Grande do Sul<\/a><\/strong>, al\u00e9m do centro-leste e litoral de Santa Catarina e do Paran\u00e1. O sol aparece no interior da Regi\u00e3o, mas pode chover em forma de pancadas com raios e ventos de moderados a fortes.<\/p>\n<h2 class=\"wp-block-heading\" id=\"h-sudeste\">Sudeste<\/h2>\n<p>Tempo inst\u00e1vel com c\u00e9u mais encoberto, chuva forte no centro-leste e litoral de S\u00e3o Paulo, centro-sul e leste de Minas Gerais, no Rio de Janeiro e no Esp\u00edrito Santo. A condi\u00e7\u00e3o de chuva forte continua em quase todas as \u00e1reas da Regi\u00e3o, aumentando no Rio de Janeiro e em Vit\u00f3ria, Esp\u00edrito Santo. O sol aparece um pouco mais e chove com potencial para pancadas no noroeste paulista e no norte de Minas Gerais.<\/p>\n<\/div>\n<div>\n<h2 class=\"wp-block-heading\" id=\"h-centro-oeste\">Centro-Oeste<\/h2>\n<p>Dia abafado e com chance de pancadas de chuva em quase todas as \u00e1reas da Regi\u00e3o. A chuva pode vir em forma de temporais isolados no sul de Goi\u00e1s e no oeste de Mato Grosso com risco de trovoadas. O sol aparece ainda em todas as demais \u00e1reas e pode chover com moderada a forte intensidade no Distrito Federal, em Goi\u00e2nia, Campo Grande e Cuiab\u00e1.<\/p>\n<h2 class=\"wp-block-heading\" id=\"h-nordeste\">Nordeste<\/h2>\n<p>A chuva aumenta no oeste e sul da <strong><a href=\"https:\/\/www.canalrural.com.br\/nacional\/bahia\/\">Bahia<\/a><\/strong>, podendo vir em forma de pancadas mais fortes, com raios e ventos de at\u00e9 <strong>70 km\/h<\/strong>. Chove de maneira moderada em Salvador. Enquanto isso, a previs\u00e3o ainda \u00e9 de tempo firme e seco na maior parte do interior do Nordeste.<\/p>\n<h2 class=\"wp-block-heading\" id=\"h-norte\">Norte<\/h2>\n<p>Dia mais inst\u00e1vel no Acre, sudoeste e sul do Amazonas e no estado de Rond\u00f4nia. Nessas \u00e1res, o tempo fica mais encoberto e com risco de alguns temporais. Chove com moderada a forte intensidade no sul do Tocantins. Tempo firme em Manaus (AM), Boa Vista (RR), Bel\u00e9m (PA) e Macap\u00e1 (AP).<\/p>\n<\/div>\n<p><br \/>\n<br \/><a href=\"https:\/\/www.canalrural.com.br\/tempo\/sexta-feira-repleta-de-pancadas-de-chuva-e-ventania-confira-e-prepare-se\/\">Source link <\/a><\/p>\n","protected":false},"excerpt":{"rendered":"<p>O \u00faltimo dia \u00fatil da semana \u00e9 marcado por pancadas intensas de chuva e ventos de at\u00e9 70 km\/h em<\/p>\n","protected":false},"author":1,"featured_media":2073,"comment_status":"open","ping_status":"open","sticky":false,"template":"","format":"standard","meta":{"_monsterinsights_skip_tracking":false,"_monsterinsights_sitenote_active":false,"_monsterinsights_sitenote_note":"","_monsterinsights_sitenote_category":0,"_uf_show_specific_survey":0,"_uf_disable_surveys":false,"footnotes":""},"categories":[1],"tags":[],"class_list":["post-3199","post","type-post","status-publish","format-standard","has-post-thumbnail","hentry","category-news"],"_links":{"self":[{"href":"https:\/\/agromt.news\/index.php?rest_route=\/wp\/v2\/posts\/3199"}],"collection":[{"href":"https:\/\/agromt.news\/index.php?rest_route=\/wp\/v2\/posts"}],"about":[{"href":"https:\/\/agromt.news\/index.php?rest_route=\/wp\/v2\/types\/post"}],"author":[{"embeddable":true,"href":"https:\/\/agromt.news\/index.php?rest_route=\/wp\/v2\/users\/1"}],"replies":[{"embeddable":true,"href":"https:\/\/agromt.news\/index.php?rest_route=%2Fwp%2Fv2%2Fcomments&post=3199"}],"version-history":[{"count":0,"href":"https:\/\/agromt.news\/index.php?rest_route=\/wp\/v2\/posts\/3199\/revisions"}],"wp:featuredmedia":[{"embeddable":true,"href":"https:\/\/agromt.news\/index.php?rest_route=\/wp\/v2\/media\/2073"}],"wp:attachment":[{"href":"https:\/\/agromt.news\/index.php?rest_route=%2Fwp%2Fv2%2Fmedia&parent=3199"}],"wp:term":[{"taxonomy":"category","embeddable":true,"href":"https:\/\/agromt.news\/index.php?rest_route=%2Fwp%2Fv2%2Fcategories&post=3199"},{"taxonomy":"post_tag","embeddable":true,"href":"https:\/\/agromt.news\/index.php?rest_route=%2Fwp%2Fv2%2Ftags&post=3199"}],"curies":[{"name":"wp","href":"https:\/\/api.w.org\/{rel}","templated":true}]}}