{"id":3077,"date":"2024-10-09T11:45:17","date_gmt":"2024-10-09T15:45:17","guid":{"rendered":"https:\/\/agromt.news\/?p=3077"},"modified":"2024-10-09T11:45:17","modified_gmt":"2024-10-09T15:45:17","slug":"o-que-diz-o-setor-sobre-as-queimadas-que-impactam-producao-agropecuaria","status":"publish","type":"post","link":"https:\/\/agromt.news\/?p=3077","title":{"rendered":"O que diz o setor sobre as queimadas que impactam produ\u00e7\u00e3o agropecu\u00e1ria"},"content":{"rendered":"<p> <br \/>\n<\/p>\n<div>\n<p>Em todo o <strong>Matopiba<\/strong>, os esfor\u00e7os do setor s\u00e3o para <strong>preven\u00e7\u00e3o e enfrentamento ao fogo<\/strong>. O quarto e \u00faltimo epis\u00f3dio do especial \u2018<strong>Cerrado Sem Fogo<\/strong>\u2018, traz a mensagem e pr\u00e1ticas do setor agropecu\u00e1rio sobre o assunto. <\/p>\n<p>Assim como abordado nos epis\u00f3dios anteriores, as queimadas s\u00e3o prejudiciais aos sistemas agroecol\u00f3gicos e todas as pr\u00e1ticas sustent\u00e1veis debatidas e difundidas com estudos cient\u00edficos na agricultura.\u00a0<\/p>\n<p>Uma das imagens que chamam aten\u00e7\u00e3o, \u00e9 a do Julio Takahashi, produtor rural, de Balsas (MA). No v\u00eddeo ele mostra os esfor\u00e7os para combater um inc\u00eandio florestal em uma de suas propriedades.<\/p>\n<p>\u201cJ\u00e1 temos \u00e1rea de plantio queimada aqui, palhada. Ontem quase tivemos um acidente com graves propor\u00e7\u00f5es aqui, ent\u00e3o \u00e9 muito perigoso o fogo nessa \u00e9poca\u201d, disse Takahashi.<\/p>\n<h2 class=\"wp-block-heading\" id=\"h-impacto-da-seca-e-o-fogo\">Impacto da seca e o fogo<\/h2>\n<p>Um relat\u00f3rio do Centro Nacional de Monitoramento e Alertas de Desastres Naturais (Cemaden), divulgado em setembro, destaca os preju\u00edzos para o setor agropecu\u00e1rio, com a seca que afeta o pa\u00eds, condi\u00e7\u00e3o em que ocorre maior risco de propaga\u00e7\u00e3o do fogo.<\/p>\n<p>Em agosto, <strong>963 munic\u00edpios <\/strong>apresentaram pelo menos, <strong>80%<\/strong> de suas \u00e1reas agroprodutivas potencialmente impactadas pela seca.<\/p>\n<p>De acordo com o monitor do fogo, do Mapbiomas, o Cerrado foi o bioma com a maior \u00e1rea queimada em agosto de 2024, com <strong>2,4 milh\u00f5es de hectares<\/strong>, ou <strong>43%<\/strong> de toda a \u00e1rea queimada no Brasil. <\/p>\n<figure class=\"wp-block-image size-large\"><img fetchpriority=\"high\" decoding=\"async\" width=\"1024\" height=\"573\" alt=\"Alta frequ\u00eancia de queimadas podem alterar a fitofisionomia do bioma; matopiba, Cerrado\" class=\"wp-image-4068550\"  data-lazy- src=\"https:\/\/agromt.news\/wp-content\/uploads\/2024\/09\/Recorrencia-de-queimadas-ameaca-fitofisionomia-do-Cerrado.jpg\"\/><img decoding=\"async\" width=\"1024\" height=\"573\" src=\"https:\/\/agromt.news\/wp-content\/uploads\/2024\/09\/Recorrencia-de-queimadas-ameaca-fitofisionomia-do-Cerrado.jpg\" alt=\"Alta frequ\u00eancia de queimadas podem alterar a fitofisionomia do bioma; matopiba, Cerrado\" class=\"wp-image-4068550\"  \/><figcaption class=\"wp-element-caption\">Foto: Guilherme Soares\/Canal Rural BA<\/figcaption><\/figure>\n<p>Nesse sentido, Jos\u00e9 Cl\u00e1udio de Oliveira, s\u00f3cio-propriet\u00e1rio da JCO Bioprodutos tamb\u00e9m destaca os preju\u00edzos que o fogo provoca para os produtores.<\/p>\n<p>\u201cAgricultor nenhum, quer botar fogo, ent\u00e3o, \u00e0s vezes, h\u00e1 um coment\u00e1rio, da sociedade urbana \u00e0s vezes pensa que \u00e9 o agricultor que p\u00f5e fogo. O fogo \u00e9 delet\u00e9rio, ele \u00e9 prejudicial\u201d, destacou Oliveira.<\/p>\n<p>Wellson de Castro, coordenador de gestal ambiental do Grupo Progresso, destaca que nas fazendas do grupo, todos os anos sofrem com incid\u00eancia de focos de inc\u00eandios florestais.<\/p>\n<p>\u201cMuitas vezes a ca\u00e7a predat\u00f3ria em \u00e1rea de reserva legal, ca\u00e7adores acabam ateando fogo ali para fazer limpeza de \u00e1rea ou para afugentar os animais e conseguir fazer abate desses animais\u201d, explica de Castro.<\/p>\n<h2 class=\"wp-block-heading\" id=\"h-o-que-diz-o-setor\">O que diz o setor<\/h2>\n<p>No \u00e2mbito de todo o contexto as entidades assumem um papel crucial diante de um assunto t\u00e3o sens\u00edvel.<\/p>\n<\/div>\n<div>\n<p>Greice Fontana Klein, presidente do Sindicato\u00a0dos Produtores Rurais de Lu\u00eds Eduardo Magalh\u00e3es, destaca o papel importante das instituil\u00e7\u00f5es. \u201cUma das fun\u00e7\u00f5es das institui\u00e7\u00f5es mais importantes \u00e9 levar a informa\u00e7\u00e3o correta ao produtor\u201d, enfatiza.<\/p>\n<p>Para Alessandra Zanotto, vice-presidente da Associa\u00e7\u00e3o Baiana dos Produtores de Algod\u00e3o (Abapa) \u201catrelar a queimada ao agroneg\u00f3cio \u00e9 realmente mensurar um grande preju\u00edzo, inclusive, na verdade, imensur\u00e1vel preju\u00edzo sobre o que pode acontecer a partir dessas queimadas\u201d.<\/p>\n<p>Gustavo Prado, diretor-executivo da Abapa disse que \u201c\u00e9 uma inverdade muito grande falar que o produtor ocasiona isso. ele sofre muitas vezes h\u00e1 cometimentos e de maneira respons\u00e1vel ele tem que, de maneira \u00e1gil, responder a isso\u201d.<\/p>\n<p>\u201c\u00c9 inadmiss\u00edvel fogo em propriedade rural, n\u00f3s combatemos com unhas e dentes, assim que surge a primeira chama de fogo, ent\u00e3o, n\u00e3o d\u00e1 pra acreditar. \u00c9 uma balela imensur\u00e1vel jogar essa culpa em cima do agro. O agro protege o meio ambiente\u201d, ressalta o presidente da Associa\u00e7\u00e3o de Agricultores e Irrigantes da Bahia (Aiba). <\/p>\n<p>As estat\u00edsticas preocupam, e as futuras gera\u00e7\u00f5es, aguardam um futuro incerto no planeta, que est\u00e1 sob constante amea\u00e7a. <\/p>\n<p>\u201cA mensagem que fica \u00e9 que \u00e9 uma preocupa\u00e7\u00e3o de todos n\u00f3s, produtores, associa\u00e7\u00f5es, governo, sociedade, estudantes, jovens, crian\u00e7as, para que todos entendam que existe uma responsabilidade em comum de todos sobre essa grande causa, sobre esse grande impacto que est\u00e1 acontecendo no nosso pa\u00eds,\u201d disse Alessandra Zanotto, vice-presidente da Abapa.<\/p>\n<p>Enquanto isso, a natureza tenta resistir em meio \u00e0s cinzas. S\u00f3 h\u00e1 vida no Cerrado, sem fogo.<\/p>\n<p>Assista ao epis\u00f3dio:<\/p>\n<figure class=\"wp-block-embed is-type-video is-provider-youtube wp-block-embed-youtube wp-embed-aspect-16-9 wp-has-aspect-ratio\">\n<p>\n<iframe title=\"Os impactos dos inc\u00eandios florestais na produ\u00e7\u00e3o agr\u00edcola | Cerrado Sem Fogo 2024 ep. 4\" width=\"800\" height=\"450\" src=\"https:\/\/www.youtube.com\/embed\/se6wHqODc8Y?feature=oembed\" frameborder=\"0\" allow=\"accelerometer; autoplay; clipboard-write; encrypted-media; gyroscope; picture-in-picture; web-share\" referrerpolicy=\"strict-origin-when-cross-origin\" allowfullscreen><\/iframe><noscript><iframe title=\"Os impactos dos inc\u00eandios florestais na produ\u00e7\u00e3o agr\u00edcola | Cerrado Sem Fogo 2024 ep. 4\" width=\"800\" height=\"450\" src=\"https:\/\/www.youtube.com\/embed\/se6wHqODc8Y?feature=oembed\" frameborder=\"0\" allow=\"accelerometer; autoplay; clipboard-write; encrypted-media; gyroscope; picture-in-picture; web-share\" referrerpolicy=\"strict-origin-when-cross-origin\" allowfullscreen><\/iframe><\/noscript>\n<\/p>\n<\/figure>\n<h2 class=\"wp-block-heading\" id=\"h-apoio\">Apoio<\/h2>\n<p>O projeto\u00a0<a href=\"http:\/\/canalrural.com.br\/tag\/cerrado-sem-fogo\">Cerrado Sem Fogo<\/a>\u00a0\u00e9 uma campanha do\u00a0<strong>Canal Rural Bahia<\/strong>\u00a0com apoio da Associa\u00e7\u00e3o de Agricultores e Irrigantes da Bahia (Aiba), Associa\u00e7\u00e3o Baiana dos Produtores de Algod\u00e3o (Abapa), JCO Bioprodutos, Grupo Progresso e Sindicato dos Produtores Rurais de Lu\u00eds Eduardo Magalh\u00e3es.<\/p>\n<hr class=\"wp-block-separator has-alpha-channel-opacity\"\/>\n<p><em>Siga o\u00a0<a href=\"https:\/\/www.instagram.com\/canalruralbahia\/\">Canal Rural Bahia no Instagram<\/a>! Voc\u00ea tamb\u00e9m pode participar deixando uma sugest\u00e3o de pauta. Clique\u00a0<a href=\"https:\/\/wa.me\/5577999455066\"><strong>aqui<\/strong><\/a>\u00a0e envie uma mensagem para o nosso WhatsApp<\/em>!<\/p>\n<\/div>\n<p><script async src=\"\/\/www.instagram.com\/embed.js\"><\/script><br \/>\n<br \/><br \/>\n<br \/><a href=\"https:\/\/www.canalrural.com.br\/nacional\/bahia\/o-que-diz-o-setor-sobre-as-queimadas-que-impactam-producao-agropecuaria\/\">Source link <\/a><\/p>\n","protected":false},"excerpt":{"rendered":"<p>Em todo o Matopiba, os esfor\u00e7os do setor s\u00e3o para preven\u00e7\u00e3o e enfrentamento ao fogo. O quarto e \u00faltimo epis\u00f3dio<\/p>\n","protected":false},"author":1,"featured_media":3078,"comment_status":"open","ping_status":"open","sticky":false,"template":"","format":"standard","meta":{"_monsterinsights_skip_tracking":false,"_monsterinsights_sitenote_active":false,"_monsterinsights_sitenote_note":"","_monsterinsights_sitenote_category":0,"_uf_show_specific_survey":0,"_uf_disable_surveys":false,"footnotes":""},"categories":[1],"tags":[],"class_list":["post-3077","post","type-post","status-publish","format-standard","has-post-thumbnail","hentry","category-news"],"_links":{"self":[{"href":"https:\/\/agromt.news\/index.php?rest_route=\/wp\/v2\/posts\/3077"}],"collection":[{"href":"https:\/\/agromt.news\/index.php?rest_route=\/wp\/v2\/posts"}],"about":[{"href":"https:\/\/agromt.news\/index.php?rest_route=\/wp\/v2\/types\/post"}],"author":[{"embeddable":true,"href":"https:\/\/agromt.news\/index.php?rest_route=\/wp\/v2\/users\/1"}],"replies":[{"embeddable":true,"href":"https:\/\/agromt.news\/index.php?rest_route=%2Fwp%2Fv2%2Fcomments&post=3077"}],"version-history":[{"count":0,"href":"https:\/\/agromt.news\/index.php?rest_route=\/wp\/v2\/posts\/3077\/revisions"}],"wp:featuredmedia":[{"embeddable":true,"href":"https:\/\/agromt.news\/index.php?rest_route=\/wp\/v2\/media\/3078"}],"wp:attachment":[{"href":"https:\/\/agromt.news\/index.php?rest_route=%2Fwp%2Fv2%2Fmedia&parent=3077"}],"wp:term":[{"taxonomy":"category","embeddable":true,"href":"https:\/\/agromt.news\/index.php?rest_route=%2Fwp%2Fv2%2Fcategories&post=3077"},{"taxonomy":"post_tag","embeddable":true,"href":"https:\/\/agromt.news\/index.php?rest_route=%2Fwp%2Fv2%2Ftags&post=3077"}],"curies":[{"name":"wp","href":"https:\/\/api.w.org\/{rel}","templated":true}]}}