{"id":3075,"date":"2024-10-09T11:34:58","date_gmt":"2024-10-09T15:34:58","guid":{"rendered":"https:\/\/agromt.news\/?p=3075"},"modified":"2024-10-09T11:34:58","modified_gmt":"2024-10-09T15:34:58","slug":"precos-do-acucar-caem-mais-de-2-em-nova-york-e-londres-na-tarde-desta-4a","status":"publish","type":"post","link":"https:\/\/agromt.news\/?p=3075","title":{"rendered":"Pre\u00e7os do a\u00e7\u00facar caem mais de 2% em Nova York e Londres na tarde desta 4\u00aa&#8230;"},"content":{"rendered":"<p> <br \/>\n<\/p>\n<div>\n<p>Valoriza\u00e7\u00e3o do d\u00f3lar incentiva vendas brasileiras para exporta\u00e7\u00e3o<\/p>\n<div class=\"materia\">\n<p><img decoding=\"async\" alt=\"Logotipo Not&#xED;cias Agr&#xED;colas\" height=\"21\" src=\"https:\/\/cdn.noticiasagricolas.com.br\/dbimagens\/e12363a00741f9cc7caf23469101a4aa.png\" width=\"106\"\/><\/p>\n<p>Os pre\u00e7os futuros do a\u00e7\u00facar ampliaram as perdas registradas pela manh\u00e3 e passaram a cair mais de 2% nas bolsa de Nova York e Londres no in\u00edcio da tarde desta quarta-feira (09). Segundo informa\u00e7\u00f5es do Barchart, as cota\u00e7\u00f5es s\u00e3o pressionadas pela redu\u00e7\u00e3o nos valores do petr\u00f3leo, que chegou a perder em torno de 2% nesta quarta-feira e, por volta das 12h, ca\u00eda pr\u00f3ximo a 1%. Al\u00e9m disso, a alta do d\u00f3lar em rela\u00e7\u00e3o ao real incentiva vendas para exporta\u00e7\u00e3o pelos produtores brasileiros.<\/p>\n<p>Pr\u00f3ximo \u00e0s 12h15 (hor\u00e1rio de Bras\u00edlia), em Nova York o contrato mar\u00e7o\/25 tinha queda de 0,58 cents, cotado em US$ 21,91 cents\/lbp. O maio\/25 perdia 0,56 cents, com valor de 20,38 cents\/lbp. O julho\/25 ca\u00eda 0,54 cents, negociado em 19,45 cents\/lbp. O outubro\/25 passava a valer 19,28 cents\/lbp, com redu\u00e7\u00e3o de 0,48 cents.<\/p>\n<p>Em Londres, o contrato dezembro\/24 tinha baixa de US$ 13,70, cotado em US$ 561,40\/tonelada. O mar\u00e7o\/25 estava precificado em US$ 567,20\/tonelada, queda de US$ 13,20. O maio\/25 valia US$ 562,80\/tonelada, diminui\u00e7\u00e3o de US$ 13,10. O agosto\/25 era negociado em US$ 545,50\/tonelada, redu\u00e7\u00e3o de US$ 14,60.<\/p>\n<\/div>\n<div class=\"grupo-whatsapp\">\nJ\u00e1 segue nosso Canal oficial no WhatsApp? <a href=\"https:\/\/bit.ly\/Canal_NA\" target=\"_blank\" rel=\"noopener\"><strong>Clique Aqui<\/strong><\/a> para receber em primeira m\u00e3o as principais not\u00edcias do agroneg\u00f3cio\n<\/div>\n<div class=\"fonte\">\n<p>Fonte:<\/p>\n<p><span>Not\u00edcias Agr\u00edcolas<\/span>\n<\/div>\n<\/div>\n<p><script async defer src=\"https:\/\/connect.facebook.net\/en_US\/sdk.js\" type=\"b2b1a7bc55d0a896db1f73ac-text\/javascript\"><\/script><script type=\"b2b1a7bc55d0a896db1f73ac-text\/javascript\">\n  !function(f,b,e,v,n,t,s)\n  {if(f.fbq)return;n=f.fbq=function(){n.callMethod?\n    n.callMethod.apply(n,arguments):n.queue.push(arguments)};\n    if(!f._fbq)f._fbq=n;n.push=n;n.loaded=!0;n.version='2.0';\n    n.queue=[];t=b.createElement(e);t.async=!0;\n    t.src=v;s=b.getElementsByTagName(e)[0];\n    s.parentNode.insertBefore(t,s)}(window, document,'script',\n    'https:\/\/connect.facebook.net\/en_US\/fbevents.js');\n  fbq('init', '153495679422335');\n  fbq('track', 'PageView');\n<\/script><br \/>\n<br \/><br \/>\n<br \/><a href=\"https:\/\/www.noticiasagricolas.com.br\/noticias\/sucroenergetico\/386439-precos-do-acucar-caem-mais-de-2-em-nova-york-e-londres-na-tarde-desta-4-feira-09.html\">Source link <\/a><\/p>\n","protected":false},"excerpt":{"rendered":"<p>Valoriza\u00e7\u00e3o do d\u00f3lar incentiva vendas brasileiras para exporta\u00e7\u00e3o Os pre\u00e7os futuros do a\u00e7\u00facar ampliaram as perdas registradas pela manh\u00e3 e<\/p>\n","protected":false},"author":1,"featured_media":3076,"comment_status":"open","ping_status":"open","sticky":false,"template":"","format":"standard","meta":{"_monsterinsights_skip_tracking":false,"_monsterinsights_sitenote_active":false,"_monsterinsights_sitenote_note":"","_monsterinsights_sitenote_category":0,"_uf_show_specific_survey":0,"_uf_disable_surveys":false,"footnotes":""},"categories":[8,1,14,16],"tags":[],"class_list":["post-3075","post","type-post","status-publish","format-standard","has-post-thumbnail","hentry","category-agro","category-news","category-politica-agro","category-safra"],"_links":{"self":[{"href":"https:\/\/agromt.news\/index.php?rest_route=\/wp\/v2\/posts\/3075"}],"collection":[{"href":"https:\/\/agromt.news\/index.php?rest_route=\/wp\/v2\/posts"}],"about":[{"href":"https:\/\/agromt.news\/index.php?rest_route=\/wp\/v2\/types\/post"}],"author":[{"embeddable":true,"href":"https:\/\/agromt.news\/index.php?rest_route=\/wp\/v2\/users\/1"}],"replies":[{"embeddable":true,"href":"https:\/\/agromt.news\/index.php?rest_route=%2Fwp%2Fv2%2Fcomments&post=3075"}],"version-history":[{"count":0,"href":"https:\/\/agromt.news\/index.php?rest_route=\/wp\/v2\/posts\/3075\/revisions"}],"wp:featuredmedia":[{"embeddable":true,"href":"https:\/\/agromt.news\/index.php?rest_route=\/wp\/v2\/media\/3076"}],"wp:attachment":[{"href":"https:\/\/agromt.news\/index.php?rest_route=%2Fwp%2Fv2%2Fmedia&parent=3075"}],"wp:term":[{"taxonomy":"category","embeddable":true,"href":"https:\/\/agromt.news\/index.php?rest_route=%2Fwp%2Fv2%2Fcategories&post=3075"},{"taxonomy":"post_tag","embeddable":true,"href":"https:\/\/agromt.news\/index.php?rest_route=%2Fwp%2Fv2%2Ftags&post=3075"}],"curies":[{"name":"wp","href":"https:\/\/api.w.org\/{rel}","templated":true}]}}