{"id":30598,"date":"2026-05-03T09:13:03","date_gmt":"2026-05-03T13:13:03","guid":{"rendered":"https:\/\/agromt.news\/?p=30598"},"modified":"2026-05-03T09:13:03","modified_gmt":"2026-05-03T13:13:03","slug":"el-nino-pode-afetar-producao-global-de-cafe","status":"publish","type":"post","link":"https:\/\/agromt.news\/?p=30598","title":{"rendered":"El Ni\u00f1o pode afetar produ\u00e7\u00e3o global de caf\u00e9"},"content":{"rendered":"<p> <br \/>\n<\/p>\n<div>\n<p style=\"text-align:justify\">O avan\u00e7o das condi\u00e7\u00f5es para forma\u00e7\u00e3o do fen\u00f4meno El Ni\u00f1o j\u00e1 influencia as proje\u00e7\u00f5es para o mercado de commodities agr\u00edcolas. Segundo a National Oceanic and Atmospheric Administration, h\u00e1 cerca de 60% de probabilidade de ocorr\u00eancia entre maio e julho. Modelos do International Research Institute for Climate and Society indicam cen\u00e1rio semelhante no curto prazo e apontam para a continuidade do evento at\u00e9 o fim de 2026 e in\u00edcio de 2027.&#13;\n<\/p>\n<p style=\"text-align:justify\">As proje\u00e7\u00f5es sugerem aquecimento das \u00e1guas do Oceano Pac\u00edfico, sem indica\u00e7\u00e3o de eleva\u00e7\u00e3o direta da temperatura global, mas com potencial de intensificar o fen\u00f4meno. Esse padr\u00e3o pode alterar condi\u00e7\u00f5es clim\u00e1ticas em regi\u00f5es produtoras e elevar riscos para a agricultura, especialmente em culturas como o caf\u00e9.<\/p>\n<p style=\"text-align:justify\">De acordo com a analista de intelig\u00eancia de mercado da Hedgepoint Global Markets, Laleska Moda, o cen\u00e1rio exige aten\u00e7\u00e3o. \u201cAs commodities agr\u00edcolas poder\u00e3o enfrentar riscos clim\u00e1ticos mais elevados\u201d, afirma.<\/p>\n<p style=\"text-align:justify\">Os modelos clim\u00e1ticos indicam aumento das anomalias de temperatura da superf\u00edcie do mar na regi\u00e3o Ni\u00f1o 3.4, com possibilidade de superar 1,5\u00b0C entre outubro e novembro de 2026. Caso esse patamar se confirme por per\u00edodos consecutivos acima de +0,5\u00b0C, haver\u00e1 caracteriza\u00e7\u00e3o oficial do fen\u00f4meno, com indicativos de maior intensidade.<\/p>\n<p style=\"text-align:justify\">No mercado agr\u00edcola, os impactos potenciais j\u00e1 s\u00e3o considerados. \u201cNo caso do caf\u00e9, isso poderia representar um desafio potencial para o desenvolvimento da safra 26\/27 em \u00e1reas produtoras importantes, como a Am\u00e9rica Central e do Sul, o Sudeste Asi\u00e1tico e a \u00c1frica Oriental\u201d, afirma Laleska Moda. \u201cPer\u00edodos prolongados de calor tamb\u00e9m podem prejudicar o desenvolvimento da planta\u201d, completa.&#13;\n<\/p>\n<p style=\"text-align:justify\">Na Am\u00e9rica Central, o fen\u00f4meno tende a provocar temperaturas mais altas e redu\u00e7\u00e3o das chuvas, especialmente entre julho e agosto, per\u00edodo relevante para o desenvolvimento dos frutos. Na Col\u00f4mbia, h\u00e1 risco de altera\u00e7\u00f5es no regime de precipita\u00e7\u00e3o, com impacto tanto na safra principal quanto na intermedi\u00e1ria.<\/p>\n<p style=\"text-align:justify\">Na \u00c1frica Oriental, os efeitos variam conforme a regi\u00e3o. Na Eti\u00f3pia, h\u00e1 possibilidade de redu\u00e7\u00e3o das chuvas em parte do ciclo, seguida por excesso h\u00eddrico na colheita. Em Uganda, o padr\u00e3o costuma ser de precipita\u00e7\u00f5es acima da m\u00e9dia, elevando o risco de eventos extremos. J\u00e1 no Sudeste Asi\u00e1tico e na \u00cdndia, o fen\u00f4meno pode provocar condi\u00e7\u00f5es mais quentes e secas, com impacto sobre as safras futuras.<\/p>\n<p style=\"text-align:justify\">No Brasil, a expectativa inicial \u00e9 de redu\u00e7\u00e3o do risco de geadas no inverno de 2026. Por outro lado, aumentam as preocupa\u00e7\u00f5es com o desenvolvimento da safra 2027\/28, diante de temperaturas mais elevadas durante fases como flora\u00e7\u00e3o e enchimento dos gr\u00e3os, al\u00e9m de poss\u00edveis mudan\u00e7as no regime de chuvas.&#13;\n<\/p>\n<p style=\"text-align:justify\">Apesar da previs\u00e3o de uma safra elevada no ciclo 2026\/27, o cen\u00e1rio clim\u00e1tico pode influenciar o comportamento dos pre\u00e7os. \u201cOs poss\u00edveis impactos do El Ni\u00f1o poderiam limitar corre\u00e7\u00f5es mais profundas do mercado no final do ano\u201d, afirma Laleska Moda.<\/p>\n<\/p><\/div>\n<p><script data-cfasync=\"false\">\n    !function (f, b, e, v, n, t, s) {\n        if (f.fbq) return; n = f.fbq = function () {\n            n.callMethod ?\n                n.callMethod.apply(n, arguments) : n.queue.push(arguments)\n        };\n        if (!f._fbq) f._fbq = n; n.push = n; n.loaded = !0; n.version = '2.0';\n        n.queue = []; t = b.createElement(e); t.async = !0;\n        t.src = v; s = b.getElementsByTagName(e)[0];\n        s.parentNode.insertBefore(t, s)\n    }(window, document, 'script',\n        'https:\/\/connect.facebook.net\/en_US\/fbevents.js');\n    fbq('init', '522546078623747');\n    fbq('track', 'PageView');\n<\/script><br \/>\n<br \/><br \/>\n<br \/><a href=\"https:\/\/www.agrolink.com.br\/noticias\/el-nino-pode-afetar-producao-global-de-cafe_513801.html\">Source link <\/a><\/p>\n","protected":false},"excerpt":{"rendered":"<p>O avan\u00e7o das condi\u00e7\u00f5es para forma\u00e7\u00e3o do fen\u00f4meno El Ni\u00f1o j\u00e1 influencia as proje\u00e7\u00f5es para o mercado de commodities agr\u00edcolas.<\/p>\n","protected":false},"author":1,"featured_media":1736,"comment_status":"open","ping_status":"open","sticky":false,"template":"","format":"standard","meta":{"_monsterinsights_skip_tracking":false,"_monsterinsights_sitenote_active":false,"_monsterinsights_sitenote_note":"","_monsterinsights_sitenote_category":0,"_uf_show_specific_survey":0,"_uf_disable_surveys":false,"footnotes":""},"categories":[8,1,14],"tags":[],"class_list":["post-30598","post","type-post","status-publish","format-standard","has-post-thumbnail","hentry","category-agro","category-news","category-politica-agro"],"_links":{"self":[{"href":"https:\/\/agromt.news\/index.php?rest_route=\/wp\/v2\/posts\/30598"}],"collection":[{"href":"https:\/\/agromt.news\/index.php?rest_route=\/wp\/v2\/posts"}],"about":[{"href":"https:\/\/agromt.news\/index.php?rest_route=\/wp\/v2\/types\/post"}],"author":[{"embeddable":true,"href":"https:\/\/agromt.news\/index.php?rest_route=\/wp\/v2\/users\/1"}],"replies":[{"embeddable":true,"href":"https:\/\/agromt.news\/index.php?rest_route=%2Fwp%2Fv2%2Fcomments&post=30598"}],"version-history":[{"count":0,"href":"https:\/\/agromt.news\/index.php?rest_route=\/wp\/v2\/posts\/30598\/revisions"}],"wp:featuredmedia":[{"embeddable":true,"href":"https:\/\/agromt.news\/index.php?rest_route=\/wp\/v2\/media\/1736"}],"wp:attachment":[{"href":"https:\/\/agromt.news\/index.php?rest_route=%2Fwp%2Fv2%2Fmedia&parent=30598"}],"wp:term":[{"taxonomy":"category","embeddable":true,"href":"https:\/\/agromt.news\/index.php?rest_route=%2Fwp%2Fv2%2Fcategories&post=30598"},{"taxonomy":"post_tag","embeddable":true,"href":"https:\/\/agromt.news\/index.php?rest_route=%2Fwp%2Fv2%2Ftags&post=30598"}],"curies":[{"name":"wp","href":"https:\/\/api.w.org\/{rel}","templated":true}]}}