{"id":30593,"date":"2026-05-03T07:17:26","date_gmt":"2026-05-03T11:17:26","guid":{"rendered":"https:\/\/agromt.news\/?p=30593"},"modified":"2026-05-03T07:17:26","modified_gmt":"2026-05-03T11:17:26","slug":"descarbonizacao-e-combustiveis-verdes-pautam-o-maior-debate","status":"publish","type":"post","link":"https:\/\/agromt.news\/?p=30593","title":{"rendered":"descarboniza\u00e7\u00e3o e combust\u00edveis verdes pautam o maior debate"},"content":{"rendered":"<p> <br \/>\n<\/p>\n<div>\n<p style=\"text-align:justify\">Na pr\u00f3xima quinta-feira (30\/), Santa Rosa (RS) recebe o Fenasoja Soy Summit \u2014 Carbono Zero, evento que antecede a abertura da Feira Nacional da Soja e prop\u00f5e, em um \u00fanico dia, conectar a soja brasileira ao mundo. O Soy Summit j\u00e1 surge como refer\u00eancia em grandes debates. O evento ocorre no Centro C\u00edvico Cultural de Santa Rosa, das 8h \u00e0s 17h, e re\u00fane autoridades, cientistas e executivos para debater os rumos da cadeia produtiva em cinco eixos: vis\u00e3o internacional, clima e gest\u00e3o, ambiente de neg\u00f3cios, ci\u00eancia e produ\u00e7\u00e3o e mercados.&#13;\n<\/p>\n<p style=\"text-align:justify\">Entre as presen\u00e7as confirmadas est\u00e3o Paulo Herrmann, Luiz Carlos Molion, Erasmo Battistella (B&amp;8), Daniel Carnio Costa, Renato Buranello, Luciano Schwerz (Emater\/RS-Ascar), J\u00fanior Rosa de Almeida (Camera), Tiago Maique (Bayer), Tiago Carpenedo (IEE \u2014 Instituto de Estudos Empresariais do Rio Grande do Sul) e Jer\u00f4nimo Georgen, embaixador do Soy Summit.<\/p>\n<p style=\"text-align:justify\">O recorte \u201cCarbono Zero\u201d no t\u00edtulo do evento n\u00e3o \u00e9 apenas uma escolha tem\u00e1tica, \u00e9 um posicionamento. Em 2026, a descarboniza\u00e7\u00e3o deixou de ser pauta ambiental para se tornar condi\u00e7\u00e3o de acesso a mercados. Regula\u00e7\u00f5es como o CBAM europeu e as crescentes exig\u00eancias de rastreabilidade nas cadeias globais de alimentos colocam produtores e exportadores diante de uma realidade sem retorno: quem n\u00e3o souber medir, reduzir e comunicar sua pegada de carbono ficar\u00e1 fora das melhores rotas comerciais. O Brasil chega a essa conversa com vantagens reais \u2014 e o Soy Summit \u00e9 o espa\u00e7o para torn\u00e1-las estrat\u00e9gia.<\/p>\n<p style=\"text-align:justify\">A agricultura \u00e9, ao mesmo tempo, um dos setores mais vulner\u00e1veis \u00e0s mudan\u00e7as clim\u00e1ticas e um dos que mais t\u00eam a ganhar com a transi\u00e7\u00e3o energ\u00e9tica. Os combust\u00edveis verdes, a exemplo do etanol de cana e de milho, biodiesel de soja, SAF (Sustainable Aviation Fuel) e o biog\u00e1s gerado a partir de res\u00edduos agr\u00edcolas, representam hoje uma das fronteiras mais promissoras dessa transforma\u00e7\u00e3o. Para a soja brasileira, esse cen\u00e1rio \u00e9 especialmente relevante: o gr\u00e3o que alimenta o mundo tamb\u00e9m pode mover o mundo, e a cadeia produtiva j\u00e1 come\u00e7a a capturar esse valor.&#13;\n<\/p>\n<p style=\"text-align:justify\">\u00c9 nesse contexto que ganha centralidade a participa\u00e7\u00e3o de Erasmo Battistella (B&amp;8), que apresentar\u00e1 \u201cSoja Al\u00e9m do Gr\u00e3o: Desenvolvimento, Energia e Agrega\u00e7\u00e3o de Valor\u201d. A proposta \u00e9 direta: mostrar como a soja pode ser vetor de descarboniza\u00e7\u00e3o do transporte, da ind\u00fastria e da pr\u00f3pria agricultura, conectando o campo brasileiro \u00e0 demanda global por energia limpa. O uso de m\u00e1quinas agr\u00edcolas movidas a combust\u00edveis renov\u00e1veis, a eletrifica\u00e7\u00e3o progressiva das opera\u00e7\u00f5es de campo e a gera\u00e7\u00e3o de energia a partir de res\u00edduos da produ\u00e7\u00e3o s\u00e3o caminhos que deixaram de ser experimentais para se tornarem economicamente vi\u00e1veis e competitivos.<\/p>\n<p style=\"text-align:justify\">A agenda inclui ainda a participa\u00e7\u00e3o de Tiago Maique (Bayer) e Tiago Carpenedo (IEE \u2014 Instituto de Estudos Empresariais do Rio Grande do Sul), que integrar\u00e3o os pain\u00e9is tem\u00e1ticos do evento, refor\u00e7ando a converg\u00eancia entre inova\u00e7\u00e3o agr\u00edcola, tecnologia e transi\u00e7\u00e3o energ\u00e9tica. A presen\u00e7a de perfis t\u00e3o diversos \u2014 do direito ambiental \u00e0 meteorologia, da agronomia \u00e0s finan\u00e7as \u2014 reflete a complexidade do desafio: descarbonizar a produ\u00e7\u00e3o de soja exige respostas que nenhuma \u00e1rea isolada consegue dar.<\/p>\n<p style=\"text-align:justify\">Na mesma data, Santa Rosa entrega o Trof\u00e9u Ber\u00e7o Nacional da Soja a personalidades ligadas \u00e0 expans\u00e3o da cultura no Pa\u00eds. \u201cA Fenasoja \u00e9, acima de tudo, a feira que representa o gr\u00e3o que transformou o Rio Grande do Sul e o Brasil \u2014 s\u00edmbolo de desenvolvimento e prosperidade\u201d, disse Marcos Eduardo Servat, presidente da Fenasoja 2026.&#13;\n<\/p>\n<p style=\"text-align:justify\">O Brasil \u00e9 o maior produtor e exportador mundial de soja, com embarques superiores a 100 milh\u00f5es de toneladas na safra 2024\/25, segundo a Conab. Os mais de 350 mil visitantes esperados na Fenasoja, de 1\u00ba a 10 de maio, ter\u00e3o acesso a mais de 600 expositores, eventos t\u00e9cnicos, palestras, shows e programa\u00e7\u00e3o cultural ao longo de 10 dias. A entrada \u00e9 gratuita para pedestres, viabilizada por parceria com o Sicredi Uni\u00e3o RS\/ES. A programa\u00e7\u00e3o completa da feira acontece no Parque de Exposi\u00e7\u00f5es Alfredo Leandro Carlson, em Santa Rosa (RS).<\/p>\n<\/p><\/div>\n<p><script data-cfasync=\"false\">\n    !function (f, b, e, v, n, t, s) {\n        if (f.fbq) return; n = f.fbq = function () {\n            n.callMethod ?\n                n.callMethod.apply(n, arguments) : n.queue.push(arguments)\n        };\n        if (!f._fbq) f._fbq = n; n.push = n; n.loaded = !0; n.version = '2.0';\n        n.queue = []; t = b.createElement(e); t.async = !0;\n        t.src = v; s = b.getElementsByTagName(e)[0];\n        s.parentNode.insertBefore(t, s)\n    }(window, document, 'script',\n        'https:\/\/connect.facebook.net\/en_US\/fbevents.js');\n    fbq('init', '522546078623747');\n    fbq('track', 'PageView');\n<\/script><br \/>\n<br \/><br \/>\n<br \/><a href=\"https:\/\/www.agrolink.com.br\/noticias\/fenasoja-soy-summit--descarbonizacao-e-combustiveis-verdes-pautam-o-maior-debate_513802.html\">Source link <\/a><\/p>\n","protected":false},"excerpt":{"rendered":"<p>Na pr\u00f3xima quinta-feira (30\/), Santa Rosa (RS) recebe o Fenasoja Soy Summit \u2014 Carbono Zero, evento que antecede a abertura<\/p>\n","protected":false},"author":1,"featured_media":30594,"comment_status":"open","ping_status":"open","sticky":false,"template":"","format":"standard","meta":{"_monsterinsights_skip_tracking":false,"_monsterinsights_sitenote_active":false,"_monsterinsights_sitenote_note":"","_monsterinsights_sitenote_category":0,"_uf_show_specific_survey":0,"_uf_disable_surveys":false,"footnotes":""},"categories":[8,1,14],"tags":[],"class_list":["post-30593","post","type-post","status-publish","format-standard","has-post-thumbnail","hentry","category-agro","category-news","category-politica-agro"],"_links":{"self":[{"href":"https:\/\/agromt.news\/index.php?rest_route=\/wp\/v2\/posts\/30593"}],"collection":[{"href":"https:\/\/agromt.news\/index.php?rest_route=\/wp\/v2\/posts"}],"about":[{"href":"https:\/\/agromt.news\/index.php?rest_route=\/wp\/v2\/types\/post"}],"author":[{"embeddable":true,"href":"https:\/\/agromt.news\/index.php?rest_route=\/wp\/v2\/users\/1"}],"replies":[{"embeddable":true,"href":"https:\/\/agromt.news\/index.php?rest_route=%2Fwp%2Fv2%2Fcomments&post=30593"}],"version-history":[{"count":0,"href":"https:\/\/agromt.news\/index.php?rest_route=\/wp\/v2\/posts\/30593\/revisions"}],"wp:featuredmedia":[{"embeddable":true,"href":"https:\/\/agromt.news\/index.php?rest_route=\/wp\/v2\/media\/30594"}],"wp:attachment":[{"href":"https:\/\/agromt.news\/index.php?rest_route=%2Fwp%2Fv2%2Fmedia&parent=30593"}],"wp:term":[{"taxonomy":"category","embeddable":true,"href":"https:\/\/agromt.news\/index.php?rest_route=%2Fwp%2Fv2%2Fcategories&post=30593"},{"taxonomy":"post_tag","embeddable":true,"href":"https:\/\/agromt.news\/index.php?rest_route=%2Fwp%2Fv2%2Ftags&post=30593"}],"curies":[{"name":"wp","href":"https:\/\/api.w.org\/{rel}","templated":true}]}}