{"id":30590,"date":"2026-05-03T04:37:23","date_gmt":"2026-05-03T08:37:23","guid":{"rendered":"https:\/\/agromt.news\/?p=30590"},"modified":"2026-05-03T04:37:23","modified_gmt":"2026-05-03T08:37:23","slug":"cafe-despenca-no-fechamento-e-mercado-reage-a-safra-brasileira-e-alivio-na","status":"publish","type":"post","link":"https:\/\/agromt.news\/?p=30590","title":{"rendered":"Caf\u00e9 despenca no fechamento e mercado reage \u00e0 safra brasileira e al\u00edvio na&#8230;"},"content":{"rendered":"<p> <br \/>\n<\/p>\n<p>Queda do petr\u00f3leo e avan\u00e7o da colheita no Brasil pressionam cota\u00e7\u00f5es e travam comercializa\u00e7\u00e3o no campo<\/p>\n<div>\n<p><img decoding=\"async\" alt=\"Logotipo Not&#xED;cias Agr&#xED;colas\" height=\"21\" src=\"https:\/\/cdn.noticiasagricolas.com.br\/dbimagens\/e12363a00741f9cc7caf23469101a4aa.png\" width=\"106\"\/><\/p>\n<p>O mercado futuro do caf\u00e9 encerrou esta sexta-feira(17), com forte queda nas bolsas internacionais, refletindo mudan\u00e7as importantes no cen\u00e1rio global e brasileiro.<\/p>\n<p>\nNa Bolsa de Nova York, o caf\u00e9 ar\u00e1bica fechou em baixa acentuada. O contrato julho\/26 encerrou cotado a 284,80 cents\/lb, com queda de 560 pontos. O setembro\/26 terminou em 273,50 cents\/lb, com recuo de 385 pontos. J\u00e1 o dezembro\/26 fechou em 266,20 cents\/lb, com baixa de 275 pontos.<\/p>\n<p>\nNa ICE Europa, o robusta tamb\u00e9m registrou perdas expressivas. O contrato maio\/26 encerrou em US$ 3.412 por tonelada, com baixa de 62 pontos. O julho\/26 fechou em US$ 3.282 por tonelada, com recuo de 65 pontos. O setembro\/26 terminou cotado a US$ 3.220 por tonelada, com queda de 58 pontos. O novembro\/26 encerrou em US$ 3.158 por tonelada, com baixa de 62 pontos.<\/p>\n<p>\nO movimento do dia foi influenciado por uma combina\u00e7\u00e3o de fatores. No cen\u00e1rio externo, a reabertura do Estreito de Ormuz provocou queda de cerca de 10% nos pre\u00e7os do petr\u00f3leo, reduzindo custos log\u00edsticos e retirando suporte das commodities agr\u00edcolas. Al\u00e9m disso, o mercado passou a enxergar menor risco de restri\u00e7\u00e3o na oferta global, o que contribuiu para a press\u00e3o sobre os pre\u00e7os.<\/p>\n<p>\nDo lado brasileiro, o avan\u00e7o da safra ganha cada vez mais peso na forma\u00e7\u00e3o das cota\u00e7\u00f5es. Com a colheita em andamento, cresce a expectativa de aumento da oferta no curto prazo, o que j\u00e1 vem sendo precificado pelas bolsas internacionais.<\/p>\n<p>\nNo entanto, no mercado interno, a rea\u00e7\u00e3o n\u00e3o \u00e9 autom\u00e1tica. O ritmo de comercializa\u00e7\u00e3o segue moderado, com produtores adotando postura cautelosa diante da volatilidade recente e dos n\u00edveis atuais de pre\u00e7os. A queda nas bolsas nem sempre se traduz na mesma intensidade no f\u00edsico, especialmente neste momento de transi\u00e7\u00e3o de safra.<\/p>\n<p>\nOutro fator que permanece no radar \u00e9 o c\u00e2mbio, que continua influenciando diretamente a competitividade das exporta\u00e7\u00f5es brasileiras. A combina\u00e7\u00e3o entre d\u00f3lar mais fraco em alguns momentos e press\u00e3o externa contribui para um ambiente mais desafiador na forma\u00e7\u00e3o de pre\u00e7os.<\/p>\n<p>\nO fechamento desta sexta-feira refor\u00e7a um cen\u00e1rio de ajuste no mercado de caf\u00e9. A redu\u00e7\u00e3o das preocupa\u00e7\u00f5es com a oferta global, somada \u00e0 entrada da safra brasileira e \u00e0 queda do petr\u00f3leo, amplia a press\u00e3o sobre as cota\u00e7\u00f5es.<\/p>\n<p>\nO momento exige aten\u00e7\u00e3o redobrada. A volatilidade segue elevada e o avan\u00e7o da colheita, combinado com fatores externos, pode continuar influenciando o mercado nas pr\u00f3ximas semanas, exigindo estrat\u00e9gia na hora de comercializar.<br \/>\u00a0<\/p>\n<\/p><\/div>\n<p><script async defer src=\"https:\/\/connect.facebook.net\/en_US\/sdk.js\"><\/script><script>\n  !function(f,b,e,v,n,t,s)\n  {if(f.fbq)return;n=f.fbq=function(){n.callMethod?\n    n.callMethod.apply(n,arguments):n.queue.push(arguments)};\n    if(!f._fbq)f._fbq=n;n.push=n;n.loaded=!0;n.version='2.0';\n    n.queue=[];t=b.createElement(e);t.async=!0;\n    t.src=v;s=b.getElementsByTagName(e)[0];\n    s.parentNode.insertBefore(t,s)}(window, document,'script',\n    'https:\/\/connect.facebook.net\/en_US\/fbevents.js');\n  fbq('init', '153495679422335');\n  fbq('track', 'PageView');\n<\/script><br \/>\n<br \/><br \/>\n<br \/><a href=\"https:\/\/www.noticiasagricolas.com.br\/noticias\/cafe\/419276-cafe-despenca-no-fechamento-e-mercado-reage-a-safra-brasileira-e-alivio-na-oferta-global.html\">Source link <\/a><\/p>\n","protected":false},"excerpt":{"rendered":"<p>Queda do petr\u00f3leo e avan\u00e7o da colheita no Brasil pressionam cota\u00e7\u00f5es e travam comercializa\u00e7\u00e3o no campo O mercado futuro do<\/p>\n","protected":false},"author":1,"featured_media":30591,"comment_status":"open","ping_status":"open","sticky":false,"template":"","format":"standard","meta":{"_monsterinsights_skip_tracking":false,"_monsterinsights_sitenote_active":false,"_monsterinsights_sitenote_note":"","_monsterinsights_sitenote_category":0,"_uf_show_specific_survey":0,"_uf_disable_surveys":false,"footnotes":""},"categories":[8,1,14,16],"tags":[],"class_list":["post-30590","post","type-post","status-publish","format-standard","has-post-thumbnail","hentry","category-agro","category-news","category-politica-agro","category-safra"],"_links":{"self":[{"href":"https:\/\/agromt.news\/index.php?rest_route=\/wp\/v2\/posts\/30590"}],"collection":[{"href":"https:\/\/agromt.news\/index.php?rest_route=\/wp\/v2\/posts"}],"about":[{"href":"https:\/\/agromt.news\/index.php?rest_route=\/wp\/v2\/types\/post"}],"author":[{"embeddable":true,"href":"https:\/\/agromt.news\/index.php?rest_route=\/wp\/v2\/users\/1"}],"replies":[{"embeddable":true,"href":"https:\/\/agromt.news\/index.php?rest_route=%2Fwp%2Fv2%2Fcomments&post=30590"}],"version-history":[{"count":0,"href":"https:\/\/agromt.news\/index.php?rest_route=\/wp\/v2\/posts\/30590\/revisions"}],"wp:featuredmedia":[{"embeddable":true,"href":"https:\/\/agromt.news\/index.php?rest_route=\/wp\/v2\/media\/30591"}],"wp:attachment":[{"href":"https:\/\/agromt.news\/index.php?rest_route=%2Fwp%2Fv2%2Fmedia&parent=30590"}],"wp:term":[{"taxonomy":"category","embeddable":true,"href":"https:\/\/agromt.news\/index.php?rest_route=%2Fwp%2Fv2%2Fcategories&post=30590"},{"taxonomy":"post_tag","embeddable":true,"href":"https:\/\/agromt.news\/index.php?rest_route=%2Fwp%2Fv2%2Ftags&post=30590"}],"curies":[{"name":"wp","href":"https:\/\/api.w.org\/{rel}","templated":true}]}}