{"id":30588,"date":"2026-05-03T03:22:52","date_gmt":"2026-05-03T07:22:52","guid":{"rendered":"https:\/\/agromt.news\/?p=30588"},"modified":"2026-05-03T03:22:52","modified_gmt":"2026-05-03T07:22:52","slug":"comitiva-argentina-reforca-lacos-culturais-e-comerciais-durante-a-fenasoja-2026","status":"publish","type":"post","link":"https:\/\/agromt.news\/?p=30588","title":{"rendered":"Comitiva argentina refor\u00e7a la\u00e7os culturais e comerciais durante a Fenasoja 2026"},"content":{"rendered":"<p> <br \/>\n<\/p>\n<div>\n<p style=\"text-align:justify\">A Fenasoja 2026 n\u00e3o \u00e9 apenas uma vitrine de inova\u00e7\u00e3o, cultura e agroneg\u00f3cio \u2014 tamb\u00e9m se consolida como um importante espa\u00e7o de integra\u00e7\u00e3o internacional. Nesta edi\u00e7\u00e3o hist\u00f3rica, que celebra os 60 anos da feira, Santa Rosa recebe a visita de uma comitiva argentina com o objetivo de fortalecer rela\u00e7\u00f5es e ampliar conex\u00f5es entre os pa\u00edses vizinhos.&#13;\n<\/p>\n<p style=\"text-align:justify\">A delega\u00e7\u00e3o participa da feira para conhecer a estrutura, acompanhar a programa\u00e7\u00e3o e tamb\u00e9m divulgar a tradicional Festa do Imigrante, realizada na cidade de Ober\u00e1, na Argentina. A comitiva \u00e9 composta por membros da comiss\u00e3o organizadora do evento, representantes da imprensa e autoridades locais, evidenciando o car\u00e1ter institucional e cultural da visita.<\/p>\n<p style=\"text-align:justify\">Mais do que um interc\u00e2mbio simb\u00f3lico, o encontro abre portas para oportunidades concretas. A aproxima\u00e7\u00e3o contribui para o fortalecimento dos la\u00e7os de irmandade entre os munic\u00edpios, al\u00e9m de incentivar rela\u00e7\u00f5es comerciais e parcerias regionais, especialmente no contexto do Mercosul.<\/p>\n<p style=\"text-align:justify\">Essa integra\u00e7\u00e3o tamb\u00e9m se reflete em outros momentos importantes da programa\u00e7\u00e3o. Representantes argentinos j\u00e1 confirmaram presen\u00e7a no Soy Summit, que ocorre no dia 30 de abril, ampliando o debate com uma perspectiva internacional e oportunizando discuss\u00f5es transfronteiri\u00e7as sobre a cadeia produtiva da soja.&#13;\n<\/p>\n<p style=\"text-align:justify\">Outro destaque ser\u00e1 a realiza\u00e7\u00e3o, no dia 8 de maio, \u00e0s 8h30, da Audi\u00eancia P\u00fablica da Comiss\u00e3o de Integra\u00e7\u00e3o Fronteiri\u00e7a do Parlamento do Mercosul (Parlasul), no espa\u00e7o da Etnia Italiana. O encontro reunir\u00e1 representantes do Brasil e da Argentina em um di\u00e1logo estrat\u00e9gico sobre temas essenciais para o desenvolvimento das regi\u00f5es de fronteira.<\/p>\n<p style=\"text-align:justify\">Essa conex\u00e3o internacional n\u00e3o \u00e9 recente. Segundo a Assessoria de Rela\u00e7\u00f5es Internacionais, trata-se de uma parceria constru\u00edda ao longo de mais de duas d\u00e9cadas, com atua\u00e7\u00e3o direta da comiss\u00e3o do Mercosul na promo\u00e7\u00e3o e manuten\u00e7\u00e3o desse relacionamento entre Santa Rosa e cidades argentinas.<\/p>\n<p style=\"text-align:justify\">A proximidade com o pa\u00eds vizinho tamb\u00e9m refor\u00e7a o protagonismo de Santa Rosa no cen\u00e1rio regional. Hoje, o munic\u00edpio \u00e9 visto como refer\u00eancia, tanto pela sua organiza\u00e7\u00e3o quanto pelo desenvolvimento econ\u00f4mico e cultural, sendo inspira\u00e7\u00e3o para cidades da Argentina.&#13;\n<\/p>\n<p style=\"text-align:justify\">Para as pr\u00f3ximas edi\u00e7\u00f5es da feira, a tend\u00eancia \u00e9 de continuidade desse v\u00ednculo j\u00e1 consolidado. Mais do que expandir, o foco est\u00e1 em manter e fortalecer uma parceria que, ao longo dos anos, tem gerado resultados positivos para ambos os lados.<\/p>\n<p style=\"text-align:justify\">A Fenasoja 2026 celebra seus 60 anos com uma edi\u00e7\u00e3o hist\u00f3rica, que acontece de 1\u00ba a 10 de maio no Parque de Exposi\u00e7\u00f5es, em Santa Rosa, com entrada gratuita para o p\u00fablico.<\/p>\n<\/p><\/div>\n<p><script data-cfasync=\"false\">\n    !function (f, b, e, v, n, t, s) {\n        if (f.fbq) return; n = f.fbq = function () {\n            n.callMethod ?\n                n.callMethod.apply(n, arguments) : n.queue.push(arguments)\n        };\n        if (!f._fbq) f._fbq = n; n.push = n; n.loaded = !0; n.version = '2.0';\n        n.queue = []; t = b.createElement(e); t.async = !0;\n        t.src = v; s = b.getElementsByTagName(e)[0];\n        s.parentNode.insertBefore(t, s)\n    }(window, document, 'script',\n        'https:\/\/connect.facebook.net\/en_US\/fbevents.js');\n    fbq('init', '522546078623747');\n    fbq('track', 'PageView');\n<\/script><br \/>\n<br \/><br \/>\n<br \/><a href=\"https:\/\/www.agrolink.com.br\/noticias\/comitiva-argentina-reforca-lacos-culturais-e-comerciais-durante-a-fenasoja-2026_513804.html\">Source link <\/a><\/p>\n","protected":false},"excerpt":{"rendered":"<p>A Fenasoja 2026 n\u00e3o \u00e9 apenas uma vitrine de inova\u00e7\u00e3o, cultura e agroneg\u00f3cio \u2014 tamb\u00e9m se consolida como um importante<\/p>\n","protected":false},"author":1,"featured_media":30589,"comment_status":"open","ping_status":"open","sticky":false,"template":"","format":"standard","meta":{"_monsterinsights_skip_tracking":false,"_monsterinsights_sitenote_active":false,"_monsterinsights_sitenote_note":"","_monsterinsights_sitenote_category":0,"_uf_show_specific_survey":0,"_uf_disable_surveys":false,"footnotes":""},"categories":[8,1,14],"tags":[],"class_list":["post-30588","post","type-post","status-publish","format-standard","has-post-thumbnail","hentry","category-agro","category-news","category-politica-agro"],"_links":{"self":[{"href":"https:\/\/agromt.news\/index.php?rest_route=\/wp\/v2\/posts\/30588"}],"collection":[{"href":"https:\/\/agromt.news\/index.php?rest_route=\/wp\/v2\/posts"}],"about":[{"href":"https:\/\/agromt.news\/index.php?rest_route=\/wp\/v2\/types\/post"}],"author":[{"embeddable":true,"href":"https:\/\/agromt.news\/index.php?rest_route=\/wp\/v2\/users\/1"}],"replies":[{"embeddable":true,"href":"https:\/\/agromt.news\/index.php?rest_route=%2Fwp%2Fv2%2Fcomments&post=30588"}],"version-history":[{"count":0,"href":"https:\/\/agromt.news\/index.php?rest_route=\/wp\/v2\/posts\/30588\/revisions"}],"wp:featuredmedia":[{"embeddable":true,"href":"https:\/\/agromt.news\/index.php?rest_route=\/wp\/v2\/media\/30589"}],"wp:attachment":[{"href":"https:\/\/agromt.news\/index.php?rest_route=%2Fwp%2Fv2%2Fmedia&parent=30588"}],"wp:term":[{"taxonomy":"category","embeddable":true,"href":"https:\/\/agromt.news\/index.php?rest_route=%2Fwp%2Fv2%2Fcategories&post=30588"},{"taxonomy":"post_tag","embeddable":true,"href":"https:\/\/agromt.news\/index.php?rest_route=%2Fwp%2Fv2%2Ftags&post=30588"}],"curies":[{"name":"wp","href":"https:\/\/api.w.org\/{rel}","templated":true}]}}