{"id":30545,"date":"2026-05-02T00:17:45","date_gmt":"2026-05-02T04:17:45","guid":{"rendered":"https:\/\/agromt.news\/?p=30545"},"modified":"2026-05-02T00:17:45","modified_gmt":"2026-05-02T04:17:45","slug":"previsao-indica-chuva-irregular-no-pais","status":"publish","type":"post","link":"https:\/\/agromt.news\/?p=30545","title":{"rendered":"Previs\u00e3o indica chuva irregular no pa\u00eds"},"content":{"rendered":"<p> <br \/>\n<\/p>\n<div>\n<div class=\"row\">\n<div class=\"col-lg col-infos mt-0 mt-lg-0\">\n<div class=\"section-sub-title\">\n<p itemprop=\"description\">&#13;<br \/>\n                                A condi\u00e7\u00e3o de instabilidade ganha for\u00e7a no dia 2 de maio&#13;\n                            <\/p>\n<\/p><\/div>\n<div class=\"container\">\n<div class=\"row\">\n<div class=\"col-lg p-0\">\n<div>\n<div class=\"block-news-main-infos mt-3 text-start\">\n<p>                                            <strong class=\"fn\" itemprop=\"author\" style=\"color: rgb(112, 112, 112); \">&#13;<br \/>\n                                                <a href=\"https:\/\/www.agrolink.com.br\/noticias\/javascript:;\" class=\"text-uppercase\" target=\"_blank\" style=\"color: rgb(112, 112, 112); \" rel=\"noopener\">Agrolink<\/a>&#13;<br \/>\n&#13;<br \/>\n                                                    &#8211; Leonardo Gottems&#13;<br \/>\n&#13;<br \/>\n                                            <\/strong><br \/>\n                                        <\/p>\n<p>                                            <abbr><time datetime=\"2026 - 05 - 01T02:30\" itemprop=\"datePublished dateModified\"> Publicado em 01\/05\/2026 \u00e0s 02:30h.<\/time><\/abbr>\n                                    <\/div>\n<\/p><\/div>\n<\/p><\/div>\n<div class=\"col-lg p-0 text-lg-end\">\n<div>\n<div id=\"mdEnviarPagina\" class=\"modal fade\" role=\"dialog\">\n<div class=\"modal-dialog\">\n<div class=\"modal-content\">\n<div class=\"modal-body\">\n<p><strong>Estimado usu\u00e1rio.<\/strong><br \/>Preencha o formul\u00e1rio abaixo para remeter a p\u00e1gina.<\/p>\n<\/p><\/div>\n<\/p><\/div>\n<\/p><\/div>\n<\/div><\/div>\n<\/p><\/div>\n<\/p><\/div>\n<\/p><\/div>\n<\/p><\/div>\n<\/p><\/div>\n<div class=\"row justify-content-md-center mt-3\">\n<div class=\"col-lg-auto col-image block-news-main-image\">\n<p>                                <img decoding=\"async\" src=\"https:\/\/www.agrolink.com.br\/upload\/imagens-resizes\/ee72e06bdcc740a2a38b7655d78a3699_858x483.jpg\" class=\"lazyload img-fluid\" alt=\"A condi\u00e7\u00e3o de instabilidade ganha for\u00e7a no dia 2 de maio\"\/><br \/>\n                                                <span class=\"d-block mt-1\">A condi\u00e7\u00e3o de instabilidade ganha for\u00e7a no dia 2 de maio &#8211; Foto: Pexels<\/span><\/p><\/div>\n<\/p><\/div>\n<div class=\"section-description section-description-noticias mt-3\">\n<p>A previs\u00e3o de chuvas para os pr\u00f3ximos dias no Brasil indica a manuten\u00e7\u00e3o de \u00e1reas com instabilidade distribu\u00eddas de forma irregular pelo territ\u00f3rio. De acordo com dados da AMR Business Intelligence, os mapas apontam volumes mais expressivos concentrados principalmente nas regi\u00f5es Norte e em faixas do litoral do Nordeste ao longo do per\u00edodo entre 30 de abril e 3 de maio de 2026.&#13;\n<\/p>\n<p>No dia 30, os maiores acumulados se concentraram no extremo norte do pa\u00eds, com registros mais intensos pr\u00f3ximos \u00e0 faixa litor\u00e2nea, enquanto o restante do territ\u00f3rio apresenta precipita\u00e7\u00f5es mais isoladas. J\u00e1 em 1\u00ba de maio, a chuva continua atuando no Norte e avan\u00e7a em \u00e1reas do Sul, com destaque para volumes mais elevados no Rio Grande do Sul.<\/p>\n<p>Nesse contexto, a condi\u00e7\u00e3o de instabilidade ganha for\u00e7a no dia 2 de maio, quando h\u00e1 amplia\u00e7\u00e3o das \u00e1reas com chuva, especialmente no Norte e no Sul, onde os acumulados se tornam mais significativos. Nesse per\u00edodo, tamb\u00e9m s\u00e3o observados n\u00facleos de maior intensidade, indicando possibilidade de precipita\u00e7\u00f5es mais volumosas em pontos espec\u00edficos.&#13;\n<\/p>\n<p>No dia 3 de maio, a chuva permanece ativa no Norte, com destaque para volumes mais elevados em \u00e1reas da Amaz\u00f4nia, al\u00e9m de uma faixa cont\u00ednua de instabilidade que se estende pelo litoral do Nordeste. No Sul, ainda h\u00e1 registros de precipita\u00e7\u00e3o, embora com menor abrang\u00eancia em compara\u00e7\u00e3o ao dia anterior. O cen\u00e1rio indica um padr\u00e3o t\u00edpico de distribui\u00e7\u00e3o irregular das chuvas, com maior concentra\u00e7\u00e3o em regi\u00f5es espec\u00edficas e manuten\u00e7\u00e3o de \u00e1reas com baixos volumes no interior do pa\u00eds ao longo dos dias analisados.<br \/>&#13;<br \/>\n\u00a0<\/p>\n<\/p><\/div>\n<\/p><\/div>\n<p><script data-cfasync=\"false\">\n    !function (f, b, e, v, n, t, s) {\n        if (f.fbq) return; n = f.fbq = function () {\n            n.callMethod ?\n                n.callMethod.apply(n, arguments) : n.queue.push(arguments)\n        };\n        if (!f._fbq) f._fbq = n; n.push = n; n.loaded = !0; n.version = '2.0';\n        n.queue = []; t = b.createElement(e); t.async = !0;\n        t.src = v; s = b.getElementsByTagName(e)[0];\n        s.parentNode.insertBefore(t, s)\n    }(window, document, 'script',\n        'https:\/\/connect.facebook.net\/en_US\/fbevents.js');\n    fbq('init', '522546078623747');\n    fbq('track', 'PageView');\n<\/script><br \/>\n<br \/><br \/>\n<br \/><a href=\"https:\/\/www.agrolink.com.br\/noticias\/previsao-indica-chuva-irregular-no-pais_513777.html\">Source link <\/a><\/p>\n","protected":false},"excerpt":{"rendered":"<p>&#13; A condi\u00e7\u00e3o de instabilidade ganha for\u00e7a no dia 2 de maio&#13; &#13; Agrolink&#13; &#13; &#8211; Leonardo Gottems&#13; &#13; Publicado<\/p>\n","protected":false},"author":1,"featured_media":21206,"comment_status":"open","ping_status":"open","sticky":false,"template":"","format":"standard","meta":{"_monsterinsights_skip_tracking":false,"_monsterinsights_sitenote_active":false,"_monsterinsights_sitenote_note":"","_monsterinsights_sitenote_category":0,"_uf_show_specific_survey":0,"_uf_disable_surveys":false,"footnotes":""},"categories":[8,1,14],"tags":[],"class_list":["post-30545","post","type-post","status-publish","format-standard","has-post-thumbnail","hentry","category-agro","category-news","category-politica-agro"],"_links":{"self":[{"href":"https:\/\/agromt.news\/index.php?rest_route=\/wp\/v2\/posts\/30545"}],"collection":[{"href":"https:\/\/agromt.news\/index.php?rest_route=\/wp\/v2\/posts"}],"about":[{"href":"https:\/\/agromt.news\/index.php?rest_route=\/wp\/v2\/types\/post"}],"author":[{"embeddable":true,"href":"https:\/\/agromt.news\/index.php?rest_route=\/wp\/v2\/users\/1"}],"replies":[{"embeddable":true,"href":"https:\/\/agromt.news\/index.php?rest_route=%2Fwp%2Fv2%2Fcomments&post=30545"}],"version-history":[{"count":0,"href":"https:\/\/agromt.news\/index.php?rest_route=\/wp\/v2\/posts\/30545\/revisions"}],"wp:featuredmedia":[{"embeddable":true,"href":"https:\/\/agromt.news\/index.php?rest_route=\/wp\/v2\/media\/21206"}],"wp:attachment":[{"href":"https:\/\/agromt.news\/index.php?rest_route=%2Fwp%2Fv2%2Fmedia&parent=30545"}],"wp:term":[{"taxonomy":"category","embeddable":true,"href":"https:\/\/agromt.news\/index.php?rest_route=%2Fwp%2Fv2%2Fcategories&post=30545"},{"taxonomy":"post_tag","embeddable":true,"href":"https:\/\/agromt.news\/index.php?rest_route=%2Fwp%2Fv2%2Ftags&post=30545"}],"curies":[{"name":"wp","href":"https:\/\/api.w.org\/{rel}","templated":true}]}}