{"id":30544,"date":"2026-05-01T22:22:00","date_gmt":"2026-05-02T02:22:00","guid":{"rendered":"https:\/\/agromt.news\/?p=30544"},"modified":"2026-05-01T22:22:00","modified_gmt":"2026-05-02T02:22:00","slug":"fertilizantes-seguem-caros-e-produtor-recua","status":"publish","type":"post","link":"https:\/\/agromt.news\/?p=30544","title":{"rendered":"Fertilizantes seguem caros e produtor recua"},"content":{"rendered":"<p> <br \/>\n<\/p>\n<div>\n<div class=\"row\">\n<div class=\"col-lg col-infos mt-0 mt-lg-0\">\n<div class=\"section-sub-title\">\n<p itemprop=\"description\">&#13;<br \/>\n                                O quadro internacional permanece apertado&#13;\n                            <\/p>\n<\/p><\/div>\n<div class=\"container\">\n<div class=\"row\">\n<div class=\"col-lg p-0\">\n<div>\n<div class=\"block-news-main-infos mt-3 text-start\">\n<p>                                            <strong class=\"fn\" itemprop=\"author\" style=\"color: rgb(112, 112, 112); \">&#13;<br \/>\n                                                <a href=\"https:\/\/www.agrolink.com.br\/noticias\/javascript:;\" class=\"text-uppercase\" target=\"_blank\" style=\"color: rgb(112, 112, 112); \" rel=\"noopener\">Agrolink<\/a>&#13;<br \/>\n&#13;<br \/>\n                                                    &#8211; Leonardo Gottems&#13;<br \/>\n&#13;<br \/>\n                                            <\/strong><br \/>\n                                        <\/p>\n<p>                                            <abbr><time datetime=\"2026 - 05 - 01T07:17\" itemprop=\"datePublished dateModified\"> Publicado em 01\/05\/2026 \u00e0s 07:17h.<\/time><\/abbr>\n                                    <\/div>\n<\/p><\/div>\n<\/p><\/div>\n<div class=\"col-lg p-0 text-lg-end\">\n<div>\n<div id=\"mdEnviarPagina\" class=\"modal fade\" role=\"dialog\">\n<div class=\"modal-dialog\">\n<div class=\"modal-content\">\n<div class=\"modal-body\">\n<p><strong>Estimado usu\u00e1rio.<\/strong><br \/>Preencha o formul\u00e1rio abaixo para remeter a p\u00e1gina.<\/p>\n<\/p><\/div>\n<\/p><\/div>\n<\/p><\/div>\n<\/div><\/div>\n<\/p><\/div>\n<\/p><\/div>\n<\/p><\/div>\n<\/p><\/div>\n<\/p><\/div>\n<div class=\"row justify-content-md-center mt-3\">\n<div class=\"col-lg-auto col-image block-news-main-image\">\n<p>                                <img decoding=\"async\" src=\"https:\/\/www.agrolink.com.br\/upload\/imagens-resizes\/45629810003f4861a6925ab7b48949a7_858x483.jpg\" class=\"lazyload img-fluid\" alt=\"O quadro internacional permanece apertado\"\/><br \/>\n                                                <span class=\"d-block mt-1\">O quadro internacional permanece apertado &#8211; Foto: Divulga\u00e7\u00e3o<\/span><\/p><\/div>\n<\/p><\/div>\n<div class=\"section-description section-description-noticias mt-3\">\n<p>O mercado brasileiro de fertilizantes segue em um ambiente de press\u00e3o, marcado por pre\u00e7os ainda elevados, demanda cautelosa e limita\u00e7\u00f5es para uma queda mais consistente nas cota\u00e7\u00f5es. Segundo a StoneX, o mercado CFR no Brasil continua influenciado pelos constrangimentos observados no cen\u00e1rio global, que seguem restringindo o espa\u00e7o para corre\u00e7\u00f5es mais expressivas.&#13;\n<\/p>\n<p>Apesar de alguma acomoda\u00e7\u00e3o recente nos pre\u00e7os, o quadro internacional permanece apertado. Esse movimento indica que eventuais recuos podem ocorrer de forma limitada, sem alterar de maneira relevante a percep\u00e7\u00e3o de um mercado ainda sens\u00edvel \u00e0s condi\u00e7\u00f5es externas. A oferta internacional e os entraves log\u00edsticos seguem como fatores centrais para a forma\u00e7\u00e3o dos pre\u00e7os, especialmente em um momento em que o abastecimento global n\u00e3o apresenta sinais suficientes de normaliza\u00e7\u00e3o.<\/p>\n<p>No mercado interno, as rela\u00e7\u00f5es de troca desfavor\u00e1veis continuam pesando sobre as decis\u00f5es dos produtores. Com menor poder de compra, as aquisi\u00e7\u00f5es tendem a ocorrer de forma pontual e seletiva, sem indicar uma retomada mais ampla da demanda. Esse comportamento refor\u00e7a a cautela dos compradores, que avaliam o momento das compras diante de custos elevados e incertezas sobre a evolu\u00e7\u00e3o das cota\u00e7\u00f5es.&#13;\n<\/p>\n<p>Para os pr\u00f3ximos meses, a expectativa \u00e9 de manuten\u00e7\u00e3o de um mercado sens\u00edvel aos desdobramentos geopol\u00edticos e \u00e0 evolu\u00e7\u00e3o da oferta internacional. Enquanto os constrangimentos log\u00edsticos persistirem, a margem para um al\u00edvio relevante nos pre\u00e7os deve permanecer reduzida. Nesse contexto, o mercado brasileiro tende a seguir pressionado, com compradores atentos \u00e0s condi\u00e7\u00f5es externas e produtores mantendo uma postura mais seletiva nas negocia\u00e7\u00f5es.<br \/>&#13;<br \/>\n\u00a0<\/p>\n<\/p><\/div>\n<\/p><\/div>\n<p><script data-cfasync=\"false\">\n    !function (f, b, e, v, n, t, s) {\n        if (f.fbq) return; n = f.fbq = function () {\n            n.callMethod ?\n                n.callMethod.apply(n, arguments) : n.queue.push(arguments)\n        };\n        if (!f._fbq) f._fbq = n; n.push = n; n.loaded = !0; n.version = '2.0';\n        n.queue = []; t = b.createElement(e); t.async = !0;\n        t.src = v; s = b.getElementsByTagName(e)[0];\n        s.parentNode.insertBefore(t, s)\n    }(window, document, 'script',\n        'https:\/\/connect.facebook.net\/en_US\/fbevents.js');\n    fbq('init', '522546078623747');\n    fbq('track', 'PageView');\n<\/script><br \/>\n<br \/><br \/>\n<br \/><a href=\"https:\/\/www.agrolink.com.br\/noticias\/fertilizantes-seguem-caros-e-produtor-recua_513778.html\">Source link <\/a><\/p>\n","protected":false},"excerpt":{"rendered":"<p>&#13; O quadro internacional permanece apertado&#13; &#13; Agrolink&#13; &#13; &#8211; Leonardo Gottems&#13; &#13; Publicado em 01\/05\/2026 \u00e0s 07:17h. Estimado usu\u00e1rio.Preencha<\/p>\n","protected":false},"author":1,"featured_media":3424,"comment_status":"open","ping_status":"open","sticky":false,"template":"","format":"standard","meta":{"_monsterinsights_skip_tracking":false,"_monsterinsights_sitenote_active":false,"_monsterinsights_sitenote_note":"","_monsterinsights_sitenote_category":0,"_uf_show_specific_survey":0,"_uf_disable_surveys":false,"footnotes":""},"categories":[8,1,14],"tags":[],"class_list":["post-30544","post","type-post","status-publish","format-standard","has-post-thumbnail","hentry","category-agro","category-news","category-politica-agro"],"_links":{"self":[{"href":"https:\/\/agromt.news\/index.php?rest_route=\/wp\/v2\/posts\/30544"}],"collection":[{"href":"https:\/\/agromt.news\/index.php?rest_route=\/wp\/v2\/posts"}],"about":[{"href":"https:\/\/agromt.news\/index.php?rest_route=\/wp\/v2\/types\/post"}],"author":[{"embeddable":true,"href":"https:\/\/agromt.news\/index.php?rest_route=\/wp\/v2\/users\/1"}],"replies":[{"embeddable":true,"href":"https:\/\/agromt.news\/index.php?rest_route=%2Fwp%2Fv2%2Fcomments&post=30544"}],"version-history":[{"count":0,"href":"https:\/\/agromt.news\/index.php?rest_route=\/wp\/v2\/posts\/30544\/revisions"}],"wp:featuredmedia":[{"embeddable":true,"href":"https:\/\/agromt.news\/index.php?rest_route=\/wp\/v2\/media\/3424"}],"wp:attachment":[{"href":"https:\/\/agromt.news\/index.php?rest_route=%2Fwp%2Fv2%2Fmedia&parent=30544"}],"wp:term":[{"taxonomy":"category","embeddable":true,"href":"https:\/\/agromt.news\/index.php?rest_route=%2Fwp%2Fv2%2Fcategories&post=30544"},{"taxonomy":"post_tag","embeddable":true,"href":"https:\/\/agromt.news\/index.php?rest_route=%2Fwp%2Fv2%2Ftags&post=30544"}],"curies":[{"name":"wp","href":"https:\/\/api.w.org\/{rel}","templated":true}]}}