{"id":30543,"date":"2026-05-01T20:25:22","date_gmt":"2026-05-02T00:25:22","guid":{"rendered":"https:\/\/agromt.news\/?p=30543"},"modified":"2026-05-01T20:25:22","modified_gmt":"2026-05-02T00:25:22","slug":"mercado-do-boi-ajusta-precos-apos-maximas","status":"publish","type":"post","link":"https:\/\/agromt.news\/?p=30543","title":{"rendered":"Mercado do boi ajusta pre\u00e7os ap\u00f3s m\u00e1ximas"},"content":{"rendered":"<p> <br \/>\n<\/p>\n<div>\n<div class=\"row\">\n<div class=\"col-lg col-infos mt-0 mt-lg-0\">\n<div class=\"section-sub-title\">\n<p itemprop=\"description\">&#13;<br \/>\n                                No mercado externo, as exporta\u00e7\u00f5es seguem em ritmo robusto&#13;\n                            <\/p>\n<\/p><\/div>\n<div class=\"container\">\n<div class=\"row\">\n<div class=\"col-lg p-0\">\n<div>\n<div class=\"block-news-main-infos mt-3 text-start\">\n<p>                                            <strong class=\"fn\" itemprop=\"author\" style=\"color: rgb(112, 112, 112); \">&#13;<br \/>\n                                                <a href=\"https:\/\/www.agrolink.com.br\/noticias\/javascript:;\" class=\"text-uppercase\" target=\"_blank\" style=\"color: rgb(112, 112, 112); \" rel=\"noopener\">Agrolink<\/a>&#13;<br \/>\n&#13;<br \/>\n                                                    &#8211; Leonardo Gottems&#13;<br \/>\n&#13;<br \/>\n                                            <\/strong><br \/>\n                                        <\/p>\n<p>                                            <abbr><time datetime=\"2026 - 05 - 01T07:34\" itemprop=\"datePublished dateModified\"> Publicado em 01\/05\/2026 \u00e0s 07:34h.<\/time><\/abbr>\n                                    <\/div>\n<\/p><\/div>\n<\/p><\/div>\n<div class=\"col-lg p-0 text-lg-end\">\n<div>\n<div id=\"mdEnviarPagina\" class=\"modal fade\" role=\"dialog\">\n<div class=\"modal-dialog\">\n<div class=\"modal-content\">\n<div class=\"modal-body\">\n<p><strong>Estimado usu\u00e1rio.<\/strong><br \/>Preencha o formul\u00e1rio abaixo para remeter a p\u00e1gina.<\/p>\n<\/p><\/div>\n<\/p><\/div>\n<\/p><\/div>\n<\/div><\/div>\n<\/p><\/div>\n<\/p><\/div>\n<\/p><\/div>\n<\/p><\/div>\n<\/p><\/div>\n<div class=\"row justify-content-md-center mt-3\">\n<div class=\"col-lg-auto col-image block-news-main-image\">\n<p>                                <img decoding=\"async\" src=\"https:\/\/www.agrolink.com.br\/upload\/imagens-resizes\/cb7423770e7f4afa8fd1beb3cdc338ec_858x483.jpg\" class=\"lazyload img-fluid\" alt=\"No mercado externo, as exporta\u00e7\u00f5es seguem em ritmo robusto\"\/><br \/>\n                                                <span class=\"d-block mt-1\">No mercado externo, as exporta\u00e7\u00f5es seguem em ritmo robusto &#8211; Foto: Kadijah Suleiman<\/span><\/p><\/div>\n<\/p><\/div>\n<div class=\"section-description section-description-noticias mt-3\">\n<p>O mercado pecu\u00e1rio atravessa um momento de ajuste, com sinais de acomoda\u00e7\u00e3o nos pre\u00e7os ap\u00f3s um per\u00edodo de valoriza\u00e7\u00e3o expressiva. De acordo com a StoneX, o cen\u00e1rio recente reflete uma reavalia\u00e7\u00e3o das expectativas, diante de mudan\u00e7as no ritmo de negocia\u00e7\u00e3o e maior avan\u00e7o das escalas de abate.&#13;\n<\/p>\n<p>Ao longo da semana, o mercado f\u00edsico registrou recuos em diversas pra\u00e7as, embora os pre\u00e7os ainda permane\u00e7am em patamares elevados. Esse movimento ocorre em paralelo \u00e0 amplia\u00e7\u00e3o das escalas de abate, que avan\u00e7aram de forma generalizada e indicam maior conforto por parte da ind\u00fastria no curto prazo. Esse ambiente reduz a urg\u00eancia nas compras e contribui para a press\u00e3o observada sobre as cota\u00e7\u00f5es.<\/p>\n<p>No segmento de reposi\u00e7\u00e3o, o comportamento segue distinto, com manuten\u00e7\u00e3o de firmeza nos pre\u00e7os. Mato Grosso do Sul continua em destaque, com \u00e1gios relevantes sendo sustentados, o que evidencia a demanda consistente por animais jovens e a continuidade do ciclo produtivo.&#13;\n<\/p>\n<p>No mercado externo, as exporta\u00e7\u00f5es seguem em ritmo robusto, com volumes elevados embarcados e pre\u00e7os m\u00e9dios sustentados. Esse desempenho refor\u00e7a a presen\u00e7a da demanda internacional como um dos principais pilares de sustenta\u00e7\u00e3o do setor, mesmo diante da acomoda\u00e7\u00e3o observada no mercado dom\u00e9stico.<\/p>\n<p>Na B3, os contratos futuros passaram por ajustes ao longo do per\u00edodo. O vencimento de abril recuou para a faixa entre R$ 358 e R$ 362 por arroba, enquanto houve amplia\u00e7\u00e3o do spread ao longo da curva. Esse movimento sinaliza maior cautela dos agentes em rela\u00e7\u00e3o \u00e0s expectativas futuras, refletindo incertezas quanto \u00e0 continuidade dos pre\u00e7os em n\u00edveis recordes.<br \/>&#13;<br \/>\n\u00a0&#13;\n<\/p>\n<\/p><\/div>\n<\/p><\/div>\n<p><script data-cfasync=\"false\">\n    !function (f, b, e, v, n, t, s) {\n        if (f.fbq) return; n = f.fbq = function () {\n            n.callMethod ?\n                n.callMethod.apply(n, arguments) : n.queue.push(arguments)\n        };\n        if (!f._fbq) f._fbq = n; n.push = n; n.loaded = !0; n.version = '2.0';\n        n.queue = []; t = b.createElement(e); t.async = !0;\n        t.src = v; s = b.getElementsByTagName(e)[0];\n        s.parentNode.insertBefore(t, s)\n    }(window, document, 'script',\n        'https:\/\/connect.facebook.net\/en_US\/fbevents.js');\n    fbq('init', '522546078623747');\n    fbq('track', 'PageView');\n<\/script><br \/>\n<br \/><br \/>\n<br \/><a href=\"https:\/\/www.agrolink.com.br\/noticias\/mercado-do-boi-ajusta-precos-apos-maximas_513779.html\">Source link <\/a><\/p>\n","protected":false},"excerpt":{"rendered":"<p>&#13; No mercado externo, as exporta\u00e7\u00f5es seguem em ritmo robusto&#13; &#13; Agrolink&#13; &#13; &#8211; Leonardo Gottems&#13; &#13; Publicado em 01\/05\/2026<\/p>\n","protected":false},"author":1,"featured_media":2299,"comment_status":"open","ping_status":"open","sticky":false,"template":"","format":"standard","meta":{"_monsterinsights_skip_tracking":false,"_monsterinsights_sitenote_active":false,"_monsterinsights_sitenote_note":"","_monsterinsights_sitenote_category":0,"_uf_show_specific_survey":0,"_uf_disable_surveys":false,"footnotes":""},"categories":[8,1,14],"tags":[],"class_list":["post-30543","post","type-post","status-publish","format-standard","has-post-thumbnail","hentry","category-agro","category-news","category-politica-agro"],"_links":{"self":[{"href":"https:\/\/agromt.news\/index.php?rest_route=\/wp\/v2\/posts\/30543"}],"collection":[{"href":"https:\/\/agromt.news\/index.php?rest_route=\/wp\/v2\/posts"}],"about":[{"href":"https:\/\/agromt.news\/index.php?rest_route=\/wp\/v2\/types\/post"}],"author":[{"embeddable":true,"href":"https:\/\/agromt.news\/index.php?rest_route=\/wp\/v2\/users\/1"}],"replies":[{"embeddable":true,"href":"https:\/\/agromt.news\/index.php?rest_route=%2Fwp%2Fv2%2Fcomments&post=30543"}],"version-history":[{"count":0,"href":"https:\/\/agromt.news\/index.php?rest_route=\/wp\/v2\/posts\/30543\/revisions"}],"wp:featuredmedia":[{"embeddable":true,"href":"https:\/\/agromt.news\/index.php?rest_route=\/wp\/v2\/media\/2299"}],"wp:attachment":[{"href":"https:\/\/agromt.news\/index.php?rest_route=%2Fwp%2Fv2%2Fmedia&parent=30543"}],"wp:term":[{"taxonomy":"category","embeddable":true,"href":"https:\/\/agromt.news\/index.php?rest_route=%2Fwp%2Fv2%2Fcategories&post=30543"},{"taxonomy":"post_tag","embeddable":true,"href":"https:\/\/agromt.news\/index.php?rest_route=%2Fwp%2Fv2%2Ftags&post=30543"}],"curies":[{"name":"wp","href":"https:\/\/api.w.org\/{rel}","templated":true}]}}