{"id":30532,"date":"2026-05-01T18:29:02","date_gmt":"2026-05-01T22:29:02","guid":{"rendered":"https:\/\/agromt.news\/?p=30532"},"modified":"2026-05-01T18:29:02","modified_gmt":"2026-05-01T22:29:02","slug":"cafe-recupera-perdas-em-semana-volatil","status":"publish","type":"post","link":"https:\/\/agromt.news\/?p=30532","title":{"rendered":"Caf\u00e9 recupera perdas em semana vol\u00e1til"},"content":{"rendered":"<p> <br \/>\n<\/p>\n<div>\n<div class=\"row\">\n<div class=\"col-lg col-infos mt-0 mt-lg-0\">\n<div class=\"section-sub-title\">\n<p itemprop=\"description\">&#13;<br \/>\n                                O robusta tamb\u00e9m apresentou recupera\u00e7\u00e3o expressiva&#13;\n                            <\/p>\n<\/p><\/div>\n<div class=\"container\">\n<div class=\"row\">\n<div class=\"col-lg p-0\">\n<div>\n<div class=\"block-news-main-infos mt-3 text-start\">\n<p>                                            <strong class=\"fn\" itemprop=\"author\" style=\"color: rgb(112, 112, 112); \">&#13;<br \/>\n                                                <a href=\"https:\/\/www.agrolink.com.br\/noticias\/javascript:;\" class=\"text-uppercase\" target=\"_blank\" style=\"color: rgb(112, 112, 112); \" rel=\"noopener\">Agrolink<\/a>&#13;<br \/>\n&#13;<br \/>\n                                                    &#8211; Leonardo Gottems&#13;<br \/>\n&#13;<br \/>\n                                            <\/strong><br \/>\n                                        <\/p>\n<p>                                            <abbr><time datetime=\"2026 - 05 - 01T07:57\" itemprop=\"datePublished dateModified\"> Publicado em 01\/05\/2026 \u00e0s 07:57h.<\/time><\/abbr>\n                                    <\/div>\n<\/p><\/div>\n<\/p><\/div>\n<div class=\"col-lg p-0 text-lg-end\">\n<div>\n<div id=\"mdEnviarPagina\" class=\"modal fade\" role=\"dialog\">\n<div class=\"modal-dialog\">\n<div class=\"modal-content\">\n<div class=\"modal-body\">\n<p><strong>Estimado usu\u00e1rio.<\/strong><br \/>Preencha o formul\u00e1rio abaixo para remeter a p\u00e1gina.<\/p>\n<\/p><\/div>\n<\/p><\/div>\n<\/p><\/div>\n<\/div><\/div>\n<\/p><\/div>\n<\/p><\/div>\n<\/p><\/div>\n<\/p><\/div>\n<\/p><\/div>\n<div class=\"row justify-content-md-center mt-3\">\n<div class=\"col-lg-auto col-image block-news-main-image\">\n<p>                                <img decoding=\"async\" src=\"https:\/\/www.agrolink.com.br\/upload\/imagens-resizes\/f3977dc78530492ca5dd02e788fde134_858x483.jpg\" class=\"lazyload img-fluid\" alt=\"O robusta tamb\u00e9m apresentou recupera\u00e7\u00e3o expressiva\"\/><br \/>\n                                                <span class=\"d-block mt-1\">O robusta tamb\u00e9m apresentou recupera\u00e7\u00e3o expressiva &#8211; Foto: Divulga\u00e7\u00e3o <\/span><\/p><\/div>\n<\/p><\/div>\n<div class=\"section-description section-description-noticias mt-3\">\n<p>Os pre\u00e7os internacionais do caf\u00e9 tiveram recupera\u00e7\u00e3o na semana, em meio a um ambiente de volatilidade nas bolsas e ajustes ligados \u00e0 oferta dispon\u00edvel nos principais mercados. Segundo an\u00e1lise da StoneX, os contratos futuros de ar\u00e1bica e robusta encerraram o per\u00edodo em alta, revertendo parte das perdas recentes.&#13;\n<\/p>\n<p>No caso do ar\u00e1bica, o contrato com vencimento em julho fechou a semana cotado a US\u00a2 294,9 por libra-peso na bolsa de Nova Iorque. O desempenho representou avan\u00e7o semanal de 3,7%, sustentado em parte pela redu\u00e7\u00e3o dos estoques certificados na ICE observada ao longo da semana. O volume recuou 2,8%, o equivalente a cerca de 15 mil sacas, ficando pr\u00f3ximo de 512 mil sacas. Esse \u00e9 o menor n\u00edvel desde o in\u00edcio de mar\u00e7o, fator que contribuiu para dar suporte \u00e0s cota\u00e7\u00f5es diante da percep\u00e7\u00e3o de menor disponibilidade no curto prazo.<\/p>\n<p>O robusta tamb\u00e9m apresentou recupera\u00e7\u00e3o expressiva. O contrato de julho encerrou a semana negociado a USD 3.403 por tonelada em Londres, com valoriza\u00e7\u00e3o de 6,5% no comparativo semanal. A alta foi influenciada por uma combina\u00e7\u00e3o de fatores, incluindo estoques ICE pr\u00f3ximos de m\u00ednimas recentes, relatos de redu\u00e7\u00e3o sazonal dos fluxos originados da Indon\u00e9sia e de Uganda e a press\u00e3o dos pr\u00eamios log\u00edsticos.&#13;\n<\/p>\n<p>No caso da log\u00edstica, o conflito no Oriente M\u00e9dio elevou os custos associados ao transporte do caf\u00e9 asi\u00e1tico para os mercados ocidentais, o que refor\u00e7ou o movimento de valoriza\u00e7\u00e3o do robusta. Com isso, a semana foi marcada por retomada dos pre\u00e7os nas duas variedades, em um cen\u00e1rio no qual os fundamentos de estoque, fluxo de exporta\u00e7\u00e3o e custos de transporte ganharam peso na forma\u00e7\u00e3o das cota\u00e7\u00f5es.<br \/>&#13;<br \/>\n\u00a0<\/p>\n<\/p><\/div>\n<\/p><\/div>\n<p><script data-cfasync=\"false\">\n    !function (f, b, e, v, n, t, s) {\n        if (f.fbq) return; n = f.fbq = function () {\n            n.callMethod ?\n                n.callMethod.apply(n, arguments) : n.queue.push(arguments)\n        };\n        if (!f._fbq) f._fbq = n; n.push = n; n.loaded = !0; n.version = '2.0';\n        n.queue = []; t = b.createElement(e); t.async = !0;\n        t.src = v; s = b.getElementsByTagName(e)[0];\n        s.parentNode.insertBefore(t, s)\n    }(window, document, 'script',\n        'https:\/\/connect.facebook.net\/en_US\/fbevents.js');\n    fbq('init', '522546078623747');\n    fbq('track', 'PageView');\n<\/script><br \/>\n<br \/><br \/>\n<br \/><a href=\"https:\/\/www.agrolink.com.br\/noticias\/cafe-recupera-perdas-em-semana-volatil_513780.html\">Source link <\/a><\/p>\n","protected":false},"excerpt":{"rendered":"<p>&#13; O robusta tamb\u00e9m apresentou recupera\u00e7\u00e3o expressiva&#13; &#13; Agrolink&#13; &#13; &#8211; Leonardo Gottems&#13; &#13; Publicado em 01\/05\/2026 \u00e0s 07:57h. Estimado<\/p>\n","protected":false},"author":1,"featured_media":14578,"comment_status":"open","ping_status":"open","sticky":false,"template":"","format":"standard","meta":{"_monsterinsights_skip_tracking":false,"_monsterinsights_sitenote_active":false,"_monsterinsights_sitenote_note":"","_monsterinsights_sitenote_category":0,"_uf_show_specific_survey":0,"_uf_disable_surveys":false,"footnotes":""},"categories":[8,1,14],"tags":[],"class_list":["post-30532","post","type-post","status-publish","format-standard","has-post-thumbnail","hentry","category-agro","category-news","category-politica-agro"],"_links":{"self":[{"href":"https:\/\/agromt.news\/index.php?rest_route=\/wp\/v2\/posts\/30532"}],"collection":[{"href":"https:\/\/agromt.news\/index.php?rest_route=\/wp\/v2\/posts"}],"about":[{"href":"https:\/\/agromt.news\/index.php?rest_route=\/wp\/v2\/types\/post"}],"author":[{"embeddable":true,"href":"https:\/\/agromt.news\/index.php?rest_route=\/wp\/v2\/users\/1"}],"replies":[{"embeddable":true,"href":"https:\/\/agromt.news\/index.php?rest_route=%2Fwp%2Fv2%2Fcomments&post=30532"}],"version-history":[{"count":0,"href":"https:\/\/agromt.news\/index.php?rest_route=\/wp\/v2\/posts\/30532\/revisions"}],"wp:featuredmedia":[{"embeddable":true,"href":"https:\/\/agromt.news\/index.php?rest_route=\/wp\/v2\/media\/14578"}],"wp:attachment":[{"href":"https:\/\/agromt.news\/index.php?rest_route=%2Fwp%2Fv2%2Fmedia&parent=30532"}],"wp:term":[{"taxonomy":"category","embeddable":true,"href":"https:\/\/agromt.news\/index.php?rest_route=%2Fwp%2Fv2%2Fcategories&post=30532"},{"taxonomy":"post_tag","embeddable":true,"href":"https:\/\/agromt.news\/index.php?rest_route=%2Fwp%2Fv2%2Ftags&post=30532"}],"curies":[{"name":"wp","href":"https:\/\/api.w.org\/{rel}","templated":true}]}}