{"id":30528,"date":"2026-05-01T17:01:35","date_gmt":"2026-05-01T21:01:35","guid":{"rendered":"https:\/\/agromt.news\/?p=30528"},"modified":"2026-05-01T17:01:35","modified_gmt":"2026-05-01T21:01:35","slug":"trump-anuncia-tarifa-de-25-sobre-automoveis-e-caminhoes-da-uniao-europeia","status":"publish","type":"post","link":"https:\/\/agromt.news\/?p=30528","title":{"rendered":"Trump anuncia tarifa de 25% sobre autom\u00f3veis e caminh\u00f5es da Uni\u00e3o Europeia"},"content":{"rendered":"<p> <br \/>\n<\/p>\n<div>\n<figure><img decoding=\"async\" src=\"https:\/\/agromt.news\/wp-content\/uploads\/2026\/01\/EUA-vao-administrar-a-Venezuela-durante-transicao-politica-afirma-Trump.jpeg\" alt=\"Donald Trump em coletiva de imprensa sobre a\u00e7\u00e3o militar na Venezuela\" \/><figcaption>Foto: Reprodu\u00e7\u00e3o\/Youtube<\/figcaption><\/figure>\n<\/div>\n<p>O presidente dos Estados Unidos, Donald Trump, afirmou nesta sexta-feira (1\u00ba) que elevar\u00e1 para 25% a tarifa sobre carros e caminh\u00f5es importados da Uni\u00e3o Europeia (UE) a partir da pr\u00f3xima semana. O an\u00fancio foi feito em postagem online, na qual o republicano disse que o bloco europeu \u201cn\u00e3o est\u00e1 cumprindo o acordo comercial\u201d, sem detalhar quais pontos estariam em desacordo.<\/p>\n<p>A decis\u00e3o altera o par\u00e2metro estabelecido em julho de 2025, quando Trump e a presidente da Comiss\u00e3o Europeia, Ursula von der Leyen, anunciaram o chamado Acordo de Turnberry. Na ocasi\u00e3o, ficou definido um teto tarif\u00e1rio de 15% para a maior parte dos produtos importados da UE.<\/p>\n<p>Neste ano, por\u00e9m, a aplica\u00e7\u00e3o desse arranjo foi afetada por uma decis\u00e3o da Suprema Corte dos Estados Unidos. A Corte entendeu que o presidente n\u00e3o tinha autoridade legal para declarar emerg\u00eancia econ\u00f4mica e, com base nisso, impor determinadas tarifas sobre produtos europeus. <\/p>\n<p>Com a mudan\u00e7a jur\u00eddica, o governo passou a adotar novos impostos de importa\u00e7\u00e3o com base em outros dispositivos legais, o que reduziu a tarifa aplicada aos produtos da UE para 10%, segundo o conte\u00fado informado.<\/p>\n<ul class=\"wp-block-list\">\n<li>Receba no seu e-mail as not\u00edcias mais importantes do dia, an\u00e1lises de mercado e os principais fatos que movimentam o agroneg\u00f3cio: <a href=\"https:\/\/novidades.canalrural.com.br\/newsletter\" target=\"_blank\" rel=\"noopener noreferrer\"><strong>assine a newsletter do Canal Rural<\/strong><\/a><\/li>\n<\/ul>\n<p>O novo an\u00fancio de Trump, portanto, representa uma eleva\u00e7\u00e3o de 15 pontos percentuais em rela\u00e7\u00e3o \u00e0 taxa atualmente em vigor e de 10 pontos percentuais frente ao teto originalmente pactuado no acordo de 2025.<\/p>\n<p>Na pr\u00e1tica, a medida amplia a incerteza sobre o fluxo comercial entre Estados Unidos e Uni\u00e3o Europeia, especialmente no setor automotivo, que opera com cadeias integradas de pe\u00e7as, componentes e ve\u00edculos acabados. <\/p>\n<p>Tamb\u00e9m pode aumentar a volatilidade em c\u00e2mbio, bolsas e mercados de mat\u00e9rias-primas, com poss\u00edvel reflexo indireto sobre commodities exportadas por pa\u00edses agr\u00edcolas. At\u00e9 o momento, n\u00e3o h\u00e1, no material divulgado, detalhamento t\u00e9cnico do governo dos EUA sobre o descumprimento citado por Trump, nem resposta formal da Comiss\u00e3o Europeia.<\/p>\n<p>O desdobramento depender\u00e1 da publica\u00e7\u00e3o oficial da medida, da base legal que ser\u00e1 usada pelo governo norte-americano e de eventual rea\u00e7\u00e3o da Uni\u00e3o Europeia. Esses pontos ser\u00e3o centrais para medir o alcance comercial e econ\u00f4mico da nova tarifa.<\/p>\n<\/p>\n<p>O post <a href=\"https:\/\/www.canalrural.com.br\/economia\/trump-anuncia-tarifa-de-25-sobre-automoveis-e-caminhoes-da-uniao-europeia\/\">Trump anuncia tarifa de 25% sobre autom\u00f3veis e caminh\u00f5es da Uni\u00e3o Europeia<\/a> apareceu primeiro em <a href=\"https:\/\/www.canalrural.com.br\">Canal Rural<\/a>.<\/p>\n<p><br \/>\n<br \/><a href=\"https:\/\/www.canalrural.com.br\/economia\/trump-anuncia-tarifa-de-25-sobre-automoveis-e-caminhoes-da-uniao-europeia\/\">Source link <\/a><\/p>\n","protected":false},"excerpt":{"rendered":"<p>Foto: Reprodu\u00e7\u00e3o\/Youtube O presidente dos Estados Unidos, Donald Trump, afirmou nesta sexta-feira (1\u00ba) que elevar\u00e1 para 25% a tarifa sobre<\/p>\n","protected":false},"author":1,"featured_media":26825,"comment_status":"open","ping_status":"open","sticky":false,"template":"","format":"standard","meta":{"_monsterinsights_skip_tracking":false,"_monsterinsights_sitenote_active":false,"_monsterinsights_sitenote_note":"","_monsterinsights_sitenote_category":0,"_uf_show_specific_survey":0,"_uf_disable_surveys":false,"footnotes":""},"categories":[1],"tags":[],"class_list":["post-30528","post","type-post","status-publish","format-standard","has-post-thumbnail","hentry","category-news"],"_links":{"self":[{"href":"https:\/\/agromt.news\/index.php?rest_route=\/wp\/v2\/posts\/30528"}],"collection":[{"href":"https:\/\/agromt.news\/index.php?rest_route=\/wp\/v2\/posts"}],"about":[{"href":"https:\/\/agromt.news\/index.php?rest_route=\/wp\/v2\/types\/post"}],"author":[{"embeddable":true,"href":"https:\/\/agromt.news\/index.php?rest_route=\/wp\/v2\/users\/1"}],"replies":[{"embeddable":true,"href":"https:\/\/agromt.news\/index.php?rest_route=%2Fwp%2Fv2%2Fcomments&post=30528"}],"version-history":[{"count":0,"href":"https:\/\/agromt.news\/index.php?rest_route=\/wp\/v2\/posts\/30528\/revisions"}],"wp:featuredmedia":[{"embeddable":true,"href":"https:\/\/agromt.news\/index.php?rest_route=\/wp\/v2\/media\/26825"}],"wp:attachment":[{"href":"https:\/\/agromt.news\/index.php?rest_route=%2Fwp%2Fv2%2Fmedia&parent=30528"}],"wp:term":[{"taxonomy":"category","embeddable":true,"href":"https:\/\/agromt.news\/index.php?rest_route=%2Fwp%2Fv2%2Fcategories&post=30528"},{"taxonomy":"post_tag","embeddable":true,"href":"https:\/\/agromt.news\/index.php?rest_route=%2Fwp%2Fv2%2Ftags&post=30528"}],"curies":[{"name":"wp","href":"https:\/\/api.w.org\/{rel}","templated":true}]}}