{"id":30527,"date":"2026-05-01T16:47:29","date_gmt":"2026-05-01T20:47:29","guid":{"rendered":"https:\/\/agromt.news\/?p=30527"},"modified":"2026-05-01T16:47:29","modified_gmt":"2026-05-01T20:47:29","slug":"agrishow-2026-encerra-com-r-114-bilhoes-em-intencao-de-negocios","status":"publish","type":"post","link":"https:\/\/agromt.news\/?p=30527","title":{"rendered":"Agrishow 2026 encerra com R$ 11,4 bilh\u00f5es em inten\u00e7\u00e3o de neg\u00f3cios"},"content":{"rendered":"<p> <br \/>\n<\/p>\n<div>\n<figure><img decoding=\"async\" src=\"https:\/\/imagens-cdn.canalrural.com.br\/2026\/05\/Agrishow.avif\" alt=\"Agrishow 2026\" \/><figcaption>Foto: divulga\u00e7\u00e3o\/Agrishow<\/figcaption><\/figure>\n<\/div>\n<p>A Agrishow, principal feira de tecnologia para o agroneg\u00f3cio da Am\u00e9rica Latina, apresentou nesta sexta-feira (1\u00ba) o balan\u00e7o final de sua 31\u00aa edi\u00e7\u00e3o. O evento registrou R$ 11,4 bilh\u00f5es em inten\u00e7\u00e3o de neg\u00f3cios, 22% a menos em rela\u00e7\u00e3o ao ano anterior. Os n\u00fameros refletem os setores de m\u00e1quinas agr\u00edcolas, irriga\u00e7\u00e3o e armazenagem.<\/p>\n<p>A feira registrou 197 mil visitantes durante os cinco dias, n\u00famero semelhante ao verificado na \u00faltima edi\u00e7\u00e3o. Nesta sexta-feira (1\u00ba), \u00faltimo dia da feira, os port\u00f5es foram abertos mais cedo, \u00e0s 7h30, para atender a grande demanda de p\u00fablico.<\/p>\n<p>Segundo a Associa\u00e7\u00e3o Brasileira da Ind\u00fastria de M\u00e1quinas e Equipamentos, os n\u00fameros apresentados na Agrishow 2026 refletem o cen\u00e1rio do setor. <\/p>\n<p>Nesta quarta-feira (29), o presidente da C\u00e2mara de M\u00e1quinas e Implementos Agr\u00edcolas da entidade, Pedro Estev\u00e3o, informou queda de 19,9% nas vendas de m\u00e1quinas e equipamentos agr\u00edcolas no mercado interno no primeiro trimestre deste ano, na compara\u00e7\u00e3o com o mesmo per\u00edodo de 2025. \u201cEste cen\u00e1rio \u00e9 decorrente da alta taxa de juros, varia\u00e7\u00e3o cambial e pre\u00e7o desfavor\u00e1vel das commodities\u201d, diz Estev\u00e3o.<\/p>\n<p>&#8220;N\u00e3o importa o momento que estamos vivendo, pois sabemos que a agricultura vive de ciclos e este \u00e9 desfavor\u00e1vel, mas temos convic\u00e7\u00e3o que este e os pr\u00f3ximos anos ser\u00e3o favor\u00e1veis. Estaremos preparados para continuar atendendo \u00e0 demanda do mercado brasileiro\u201d, afirma o presidente da Agrishow Jo\u00e3o Marchesan.<\/p>\n<p>O post <a href=\"https:\/\/www.canalrural.com.br\/agricultura\/agrishow-2026-encerra-com-r-114-bilhoes-em-intencao-de-negocios\/\">Agrishow 2026 encerra com R$ 11,4 bilh\u00f5es em inten\u00e7\u00e3o de neg\u00f3cios<\/a> apareceu primeiro em <a href=\"https:\/\/www.canalrural.com.br\">Canal Rural<\/a>.<\/p>\n<p><br \/>\n<br \/><a href=\"https:\/\/www.canalrural.com.br\/agricultura\/agrishow-2026-encerra-com-r-114-bilhoes-em-intencao-de-negocios\/\">Source link <\/a><\/p>\n","protected":false},"excerpt":{"rendered":"<p>Foto: divulga\u00e7\u00e3o\/Agrishow A Agrishow, principal feira de tecnologia para o agroneg\u00f3cio da Am\u00e9rica Latina, apresentou nesta sexta-feira (1\u00ba) o balan\u00e7o<\/p>\n","protected":false},"author":1,"featured_media":0,"comment_status":"open","ping_status":"open","sticky":false,"template":"","format":"standard","meta":{"_monsterinsights_skip_tracking":false,"_monsterinsights_sitenote_active":false,"_monsterinsights_sitenote_note":"","_monsterinsights_sitenote_category":0,"_uf_show_specific_survey":0,"_uf_disable_surveys":false,"footnotes":""},"categories":[1],"tags":[],"class_list":["post-30527","post","type-post","status-publish","format-standard","hentry","category-news"],"_links":{"self":[{"href":"https:\/\/agromt.news\/index.php?rest_route=\/wp\/v2\/posts\/30527"}],"collection":[{"href":"https:\/\/agromt.news\/index.php?rest_route=\/wp\/v2\/posts"}],"about":[{"href":"https:\/\/agromt.news\/index.php?rest_route=\/wp\/v2\/types\/post"}],"author":[{"embeddable":true,"href":"https:\/\/agromt.news\/index.php?rest_route=\/wp\/v2\/users\/1"}],"replies":[{"embeddable":true,"href":"https:\/\/agromt.news\/index.php?rest_route=%2Fwp%2Fv2%2Fcomments&post=30527"}],"version-history":[{"count":0,"href":"https:\/\/agromt.news\/index.php?rest_route=\/wp\/v2\/posts\/30527\/revisions"}],"wp:attachment":[{"href":"https:\/\/agromt.news\/index.php?rest_route=%2Fwp%2Fv2%2Fmedia&parent=30527"}],"wp:term":[{"taxonomy":"category","embeddable":true,"href":"https:\/\/agromt.news\/index.php?rest_route=%2Fwp%2Fv2%2Fcategories&post=30527"},{"taxonomy":"post_tag","embeddable":true,"href":"https:\/\/agromt.news\/index.php?rest_route=%2Fwp%2Fv2%2Ftags&post=30527"}],"curies":[{"name":"wp","href":"https:\/\/api.w.org\/{rel}","templated":true}]}}