{"id":30522,"date":"2026-05-01T16:18:42","date_gmt":"2026-05-01T20:18:42","guid":{"rendered":"https:\/\/agromt.news\/?p=30522"},"modified":"2026-05-01T16:18:42","modified_gmt":"2026-05-01T20:18:42","slug":"producao-de-dende-cresce-no-brasil-e-para-concentra-quase-100-da-atividade","status":"publish","type":"post","link":"https:\/\/agromt.news\/?p=30522","title":{"rendered":"Produ\u00e7\u00e3o de dend\u00ea cresce no Brasil e Par\u00e1 concentra quase 100% da atividade"},"content":{"rendered":"<p> <br \/>\n<\/p>\n<div>\n<figure><img decoding=\"async\" src=\"https:\/\/agromt.news\/wp-content\/uploads\/2026\/05\/Producao-de-dende-cresce-no-Brasil-e-Para-concentra-quase.jpg\" alt=\"Dend\u00ea\" \/><figcaption>Foto: Edivaldo Sodre\u0301 \/ Ag. Par\u00e1<\/figcaption><\/figure>\n<\/div>\n<p>O mais novo estudo da Funda\u00e7\u00e3o Amaz\u00f4nia de Amparo a Estudos e Pesquisas (Fapespa) destaca a cadeia produtiva do dend\u00ea com uma das fases mais din\u00e2micas do agroneg\u00f3cio brasileiro, com um crescimento vantajoso nas \u00faltimas d\u00e9cadas. <\/p>\n<p>No centro desse avan\u00e7o est\u00e1 o estado do Par\u00e1, que responde hoje por quase toda a produ\u00e7\u00e3o nacional, consolidando-se como eixo estrat\u00e9gico do setor.\u00a0<\/p>\n<ul class=\"wp-block-list\">\n<li><em>Veja em primeira m\u00e3o tudo sobre agricultura, pecu\u00e1ria, economia e previs\u00e3o do tempo:<\/em><a href=\"https:\/\/news.google.com\/publications\/CAAqBwgKMPKZlQswq_mqAw?hl=pt-BR&amp;gl=BR&amp;ceid=BR%3Apt-419\"><em> <\/em><strong><em>siga o Canal Rural no Google News!<\/em><\/strong><\/a><\/li>\n<\/ul>\n<p>A Nota t\u00e9cnica \u201cA Conjuntura Econ\u00f4mica e Ambiental do Dend\u00ea 2026\u201d, com dados atualizados do Instituto Brasileiro de Geografia e Estat\u00edstica (IBGE), mostra que a produ\u00e7\u00e3o brasileira saltou de 242,8 mil toneladas em 1988 para 3,2 milh\u00f5es de toneladas em 2024. <\/p>\n<p>Um crescimento superior a 13 vezes no per\u00edodo. O ritmo foi intensificado a partir dos anos 2000 e ganhou ainda mais for\u00e7a depois de 2018.<\/p>\n<h2 class=\"wp-block-heading\" id=\"h-desempenho\">Desempenho<\/h2>\n<p>O estudo evid\u00eancia a consolida\u00e7\u00e3o produtiva, a amplia\u00e7\u00e3o da escala de produ\u00e7\u00e3o e a crescente concentra\u00e7\u00e3o regional, especialmente na regi\u00e3o Norte. Entre 2023 e 2024, a produ\u00e7\u00e3o brasileira de dend\u00ea cresceu 11,2%, passando de 2,9 milh\u00f5es para 3,2 milh\u00f5es de toneladas. <\/p>\n<p>O avan\u00e7o foi fortemente influenciado pelo desempenho do Par\u00e1, que ampliou sua produ\u00e7\u00e3o de 2,8 milh\u00f5es para 3,1 milh\u00f5es de toneladas (+10,4%), mantendo participa\u00e7\u00e3o de, aproximadamente, 97,1% do total nacional e reafirmando a elevada concentra\u00e7\u00e3o territorial da atividade.<\/p>\n<p>Nesse contexto, o Par\u00e1 consolida- se como eixo praticamente hegem\u00f4nico: a din\u00e2mica nacional, em termos de quantidade e de valor, passa a ser determinada majoritariamente pelo desempenho paraense, que responde por cerca de 97% da produ\u00e7\u00e3o e, aproximadamente, 98% do valor nacional em 2024.<\/p>\n<h2 class=\"wp-block-heading\" id=\"h-demais-estados\">Demais estados<\/h2>\n<p>Outros estados, como Roraima e Bahia, apresentam crescimento, mas ainda com participa\u00e7\u00e3o marginal, juntos, somam menos de 3% da produ\u00e7\u00e3o brasileira. Essa concentra\u00e7\u00e3o tamb\u00e9m se reflete no n\u00edvel municipal. <\/p>\n<p>Apenas dez munic\u00edpios paraenses respondem por cerca de 90% do volume produzido no pa\u00eds. Tail\u00e2ndia lidera com quase um ter\u00e7o da produ\u00e7\u00e3o nacional, seguida por Tom\u00e9-A\u00e7u e Moju.<\/p>\n<h2 class=\"wp-block-heading\" id=\"h-emprego-e-renda\"><strong>Emprego e renda <\/strong><\/h2>\n<p>A cadeia do dend\u00ea tamb\u00e9m possui forte impacto no emprego e no meio ambiente. No mercado de trabalho, o Par\u00e1 concentra cerca de 92% dos empregos diretos e indiretos do setor no Brasil, evidenciando sua centralidade econ\u00f4mica.<\/p>\n<p>\u201cSe o Par\u00e1 \u00e9 campe\u00e3o na produ\u00e7\u00e3o de dend\u00ea, com quase 100% da produ\u00e7\u00e3o nacional, a gera\u00e7\u00e3o de empregos \u00e9 tamb\u00e9m proporcional, com 92% das vagas diretas e indiretas dessa cadeia produtiva, sendo a locomotiva do pa\u00eds nesse segmento, com o Par\u00e1 campe\u00e3o na produ\u00e7\u00e3o e na gera\u00e7\u00e3o de empregos no cen\u00e1rio nacional da cultura do dend\u00ea\u201d, afirma o professor M\u00e1rcio Ponte, respons\u00e1vel pelo estudo.<\/p>\n<h2 class=\"wp-block-heading\" id=\"h-preservacao-ambiental\"><strong>Preserva\u00e7\u00e3o ambiental<\/strong><\/h2>\n<p>No campo ambiental, a dendeicultura no Par\u00e1 tem sido associada \u00e0 recupera\u00e7\u00e3o de \u00e1reas degradadas. No contexto agropecu\u00e1rio observa-se uma trajet\u00f3ria de crescimento expressivo na quantidade de CO\u2082 capturado por florestas de dend\u00ea cultivado no Par\u00e1 entre 2000 e 2024.\u00a0<\/p>\n<p>A \u00e1rea reflorestada com dend\u00ea no estado ultrapassa 200 mil hectares, enquanto a capacidade de sequestro de carbono atingiu mais de 13 milh\u00f5es de toneladas de CO\u2082 em 2024.<\/p>\n<figure class=\"wp-block-image size-large\"><img fetchpriority=\"high\" decoding=\"async\" width=\"1024\" height=\"683\" src=\"https:\/\/agromt.news\/wp-content\/uploads\/2026\/05\/1777666722_565_Producao-de-dende-cresce-no-Brasil-e-Para-concentra-quase.jpg\" alt=\"Dend\u00ea\" class=\"wp-image-4169490\" \/><figcaption class=\"wp-element-caption\">Foto: Edivaldo Sodre\u0301 \/ Ag. Par\u00e1<\/figcaption><\/figure>\n<p>De acordo com o estudo, a an\u00e1lise espacial confirma elevada concentra\u00e7\u00e3o e especializa\u00e7\u00e3o produtiva em poucos munic\u00edpios, embora haja sinais recentes de redistribui\u00e7\u00e3o interna entre os principais polos. <\/p>\n<p>&#8220;Os biocombust\u00edveis, eles s\u00e3o fundamentais para a redu\u00e7\u00e3o da pegada de carbono da ind\u00fastria como um todo, e o \u00f3leo de palma se presta muito bem a essa condi\u00e7\u00e3o, e \u00e9 por isso que \u00e9 t\u00e3o importante ver o Par\u00e1 crescendo de uma maneira significativa nesses \u00faltimos anos&#8221;, destaca o presidente da Fapespa, Marcel Botelho.<\/p>\n<p>O post <a href=\"https:\/\/www.canalrural.com.br\/agricultura\/producao-de-dende-cresce-no-brasil-e-para-concentra-quase-100-da-atividade\/\">Produ\u00e7\u00e3o de dend\u00ea cresce no Brasil e Par\u00e1 concentra quase 100% da atividade<\/a> apareceu primeiro em <a href=\"https:\/\/www.canalrural.com.br\">Canal Rural<\/a>.<\/p>\n<p><br \/>\n<br \/><a href=\"https:\/\/www.canalrural.com.br\/agricultura\/producao-de-dende-cresce-no-brasil-e-para-concentra-quase-100-da-atividade\/\">Source link <\/a><\/p>\n","protected":false},"excerpt":{"rendered":"<p>Foto: Edivaldo Sodre\u0301 \/ Ag. Par\u00e1 O mais novo estudo da Funda\u00e7\u00e3o Amaz\u00f4nia de Amparo a Estudos e Pesquisas (Fapespa)<\/p>\n","protected":false},"author":1,"featured_media":30523,"comment_status":"open","ping_status":"open","sticky":false,"template":"","format":"standard","meta":{"_monsterinsights_skip_tracking":false,"_monsterinsights_sitenote_active":false,"_monsterinsights_sitenote_note":"","_monsterinsights_sitenote_category":0,"_uf_show_specific_survey":0,"_uf_disable_surveys":false,"footnotes":""},"categories":[1],"tags":[],"class_list":["post-30522","post","type-post","status-publish","format-standard","has-post-thumbnail","hentry","category-news"],"_links":{"self":[{"href":"https:\/\/agromt.news\/index.php?rest_route=\/wp\/v2\/posts\/30522"}],"collection":[{"href":"https:\/\/agromt.news\/index.php?rest_route=\/wp\/v2\/posts"}],"about":[{"href":"https:\/\/agromt.news\/index.php?rest_route=\/wp\/v2\/types\/post"}],"author":[{"embeddable":true,"href":"https:\/\/agromt.news\/index.php?rest_route=\/wp\/v2\/users\/1"}],"replies":[{"embeddable":true,"href":"https:\/\/agromt.news\/index.php?rest_route=%2Fwp%2Fv2%2Fcomments&post=30522"}],"version-history":[{"count":0,"href":"https:\/\/agromt.news\/index.php?rest_route=\/wp\/v2\/posts\/30522\/revisions"}],"wp:featuredmedia":[{"embeddable":true,"href":"https:\/\/agromt.news\/index.php?rest_route=\/wp\/v2\/media\/30523"}],"wp:attachment":[{"href":"https:\/\/agromt.news\/index.php?rest_route=%2Fwp%2Fv2%2Fmedia&parent=30522"}],"wp:term":[{"taxonomy":"category","embeddable":true,"href":"https:\/\/agromt.news\/index.php?rest_route=%2Fwp%2Fv2%2Fcategories&post=30522"},{"taxonomy":"post_tag","embeddable":true,"href":"https:\/\/agromt.news\/index.php?rest_route=%2Fwp%2Fv2%2Ftags&post=30522"}],"curies":[{"name":"wp","href":"https:\/\/api.w.org\/{rel}","templated":true}]}}