{"id":30512,"date":"2026-05-01T15:07:29","date_gmt":"2026-05-01T19:07:29","guid":{"rendered":"https:\/\/agromt.news\/?p=30512"},"modified":"2026-05-01T15:07:29","modified_gmt":"2026-05-01T19:07:29","slug":"acordo-mercosul-uniao-europeia-entra-em-vigor-apos-20-anos-de-negociacoes","status":"publish","type":"post","link":"https:\/\/agromt.news\/?p=30512","title":{"rendered":"Acordo Mercosul-Uni\u00e3o Europeia entra em vigor ap\u00f3s 20 anos de negocia\u00e7\u00f5es"},"content":{"rendered":"<p> <br \/>\n<\/p>\n<div>\n<figure><img decoding=\"async\" src=\"https:\/\/agromt.news\/wp-content\/uploads\/2026\/05\/Acordo-Mercosul-Uniao-Europeia-entra-em-vigor-apos-20-anos-de.jpg\" alt=\"\" \/><\/figure>\n<\/div>\n<p>Nesta sexta-feira, 1\u00ba de maio, o acordo entre o Mercosul e a Uni\u00e3o Europeia entra em vigor provisoriamente, ap\u00f3s mais de duas d\u00e9cadas de negocia\u00e7\u00f5es. O acordo \u00e9 considerado um marco nas rela\u00e7\u00f5es comerciais brasileiras, especialmente para o setor agropecu\u00e1rio, que deve ser um dos principais beneficiados.<\/p>\n<h2>Benef\u00edcios do acordo<\/h2>\n<p>O texto do acordo prev\u00ea a redu\u00e7\u00e3o gradual de tarifas para:<\/p>\n<ul>\n<li>91% dos produtos importados pelo Mercosul<\/li>\n<li>95% dos produtos importados pela Uni\u00e3o Europeia<\/li>\n<\/ul>\n<p>Essas redu\u00e7\u00f5es ocorrer\u00e3o ao longo dos pr\u00f3ximos anos, proporcionando novas oportunidades para o agroneg\u00f3cio brasileiro.<\/p>\n<h2>Setores impactados<\/h2>\n<p>De acordo com especialistas, os setores que devem ser positivamente impactados incluem:<\/p>\n<ul>\n<li>Frutas<\/li>\n<li>Caf\u00e9<\/li>\n<li>Soja<\/li>\n<\/ul>\n<p>Esses produtos t\u00eam uma demanda crescente na Europa, que busca suprir a necessidade de alimentos frescos, especialmente durante o inverno rigoroso do hemisf\u00e9rio norte.<\/p>\n<h2>Complementariedade entre os blocos<\/h2>\n<p>O acordo tamb\u00e9m destaca a complementariedade entre os produtos do Mercosul e da Uni\u00e3o Europeia. Enquanto a Europa oferece produtos que o Mercosul necessita, o Brasil pode suprir a demanda europeia por alimentos frescos.<\/p>\n<h2>Desafios e oportunidades<\/h2>\n<p>Apesar das barreiras comerciais existentes, o acordo \u00e9 visto como uma oportunidade significativa para o Brasil, especialmente em um cen\u00e1rio geopol\u00edtico complexo. A capacidade de produ\u00e7\u00e3o do agroneg\u00f3cio brasileiro, aliada \u00e0 demanda europeia, pode resultar em um avan\u00e7o significativo no mercado internacional.<\/p>\n<p>O post <a href=\"https:\/\/www.canalrural.com.br\/videos\/acordo-mercosul-uniao-europeia-entra-em-vigor-apos-20-anos-de-negociacoes\/\">Acordo Mercosul-Uni\u00e3o Europeia entra em vigor ap\u00f3s 20 anos de negocia\u00e7\u00f5es<\/a> apareceu primeiro em <a href=\"https:\/\/www.canalrural.com.br\">Canal Rural<\/a>.<\/p>\n<p><br \/>\n<br \/><a href=\"https:\/\/www.canalrural.com.br\/videos\/acordo-mercosul-uniao-europeia-entra-em-vigor-apos-20-anos-de-negociacoes\/\">Source link <\/a><\/p>\n","protected":false},"excerpt":{"rendered":"<p>Nesta sexta-feira, 1\u00ba de maio, o acordo entre o Mercosul e a Uni\u00e3o Europeia entra em vigor provisoriamente, ap\u00f3s mais<\/p>\n","protected":false},"author":1,"featured_media":30513,"comment_status":"open","ping_status":"open","sticky":false,"template":"","format":"standard","meta":{"_monsterinsights_skip_tracking":false,"_monsterinsights_sitenote_active":false,"_monsterinsights_sitenote_note":"","_monsterinsights_sitenote_category":0,"_uf_show_specific_survey":0,"_uf_disable_surveys":false,"footnotes":""},"categories":[1],"tags":[],"class_list":["post-30512","post","type-post","status-publish","format-standard","has-post-thumbnail","hentry","category-news"],"_links":{"self":[{"href":"https:\/\/agromt.news\/index.php?rest_route=\/wp\/v2\/posts\/30512"}],"collection":[{"href":"https:\/\/agromt.news\/index.php?rest_route=\/wp\/v2\/posts"}],"about":[{"href":"https:\/\/agromt.news\/index.php?rest_route=\/wp\/v2\/types\/post"}],"author":[{"embeddable":true,"href":"https:\/\/agromt.news\/index.php?rest_route=\/wp\/v2\/users\/1"}],"replies":[{"embeddable":true,"href":"https:\/\/agromt.news\/index.php?rest_route=%2Fwp%2Fv2%2Fcomments&post=30512"}],"version-history":[{"count":0,"href":"https:\/\/agromt.news\/index.php?rest_route=\/wp\/v2\/posts\/30512\/revisions"}],"wp:featuredmedia":[{"embeddable":true,"href":"https:\/\/agromt.news\/index.php?rest_route=\/wp\/v2\/media\/30513"}],"wp:attachment":[{"href":"https:\/\/agromt.news\/index.php?rest_route=%2Fwp%2Fv2%2Fmedia&parent=30512"}],"wp:term":[{"taxonomy":"category","embeddable":true,"href":"https:\/\/agromt.news\/index.php?rest_route=%2Fwp%2Fv2%2Fcategories&post=30512"},{"taxonomy":"post_tag","embeddable":true,"href":"https:\/\/agromt.news\/index.php?rest_route=%2Fwp%2Fv2%2Ftags&post=30512"}],"curies":[{"name":"wp","href":"https:\/\/api.w.org\/{rel}","templated":true}]}}