{"id":30508,"date":"2026-05-01T14:39:35","date_gmt":"2026-05-01T18:39:35","guid":{"rendered":"https:\/\/agromt.news\/?p=30508"},"modified":"2026-05-01T14:39:35","modified_gmt":"2026-05-01T18:39:35","slug":"senado-aprova-semana-nacional-de-promocao-da-pesca-artesanal","status":"publish","type":"post","link":"https:\/\/agromt.news\/?p=30508","title":{"rendered":"Senado aprova Semana Nacional de Promo\u00e7\u00e3o da Pesca Artesanal"},"content":{"rendered":"<p> <br \/>\n<\/p>\n<div>\n<figure><img decoding=\"async\" src=\"https:\/\/agromt.news\/wp-content\/uploads\/2026\/05\/Senado-aprova-Semana-Nacional-de-Promocao-da-Pesca-Artesanal.jpg\" alt=\"\" \/><\/figure>\n<\/div>\n<p>A Comiss\u00e3o de Agricultura do Senado aprovou a cria\u00e7\u00e3o da Semana Nacional de Promo\u00e7\u00e3o da Pesca Artesanal, uma iniciativa que busca valorizar o setor e ampliar o debate sobre pol\u00edticas p\u00fablicas voltadas \u00e0 atividade no Brasil.<\/p>\n<h2>Import\u00e2ncia da Pesca Artesanal<\/h2>\n<p>O projeto prev\u00ea a realiza\u00e7\u00e3o de a\u00e7\u00f5es de conscientiza\u00e7\u00e3o sobre a import\u00e2ncia econ\u00f4mica, social e cultural da pesca artesanal, respons\u00e1vel por grande parte do pescado consumido no mercado interno.<\/p>\n<ul>\n<li>Gera\u00e7\u00e3o de renda e perman\u00eancia de fam\u00edlias em comunidades costeiras, ribeirinhas e pantaneiras.<\/li>\n<li>Contribui\u00e7\u00e3o para a seguran\u00e7a alimentar no pa\u00eds.<\/li>\n<li>Prote\u00e7\u00e3o da mem\u00f3ria e do orgulho identit\u00e1rio do pescador e das popula\u00e7\u00f5es tradicionais.<\/li>\n<\/ul>\n<h2>Comemora\u00e7\u00f5es e Objetivos<\/h2>\n<p>As comemora\u00e7\u00f5es devem acontecer na semana do dia 29 de junho, data de S\u00e3o Pedro, padroeiro dos pescadores. Segundo o relator da proposta, a medida cria um ambiente favor\u00e1vel para o fortalecimento de pol\u00edticas p\u00fablicas com foco na sustentabilidade ambiental e na valoriza\u00e7\u00e3o dos saberes tradicionais.<\/p>\n<h2>Marco Institucional<\/h2>\n<p>O projeto cria um marco institucional prop\u00edcio para o debate e fomento de pol\u00edticas p\u00fablicas estruturantes, servindo como catalisadora para a\u00e7\u00f5es governamentais voltadas \u00e0 extens\u00e3o pesqueira, organiza\u00e7\u00e3o cooperativa e regulariza\u00e7\u00e3o profissional do pescador e da pescadora.<\/p>\n<p>O post <a href=\"https:\/\/www.canalrural.com.br\/videos\/senado-aprova-semana-nacional-de-promocao-da-pesca-artesanal\/\">Senado aprova Semana Nacional de Promo\u00e7\u00e3o da Pesca Artesanal<\/a> apareceu primeiro em <a href=\"https:\/\/www.canalrural.com.br\">Canal Rural<\/a>.<\/p>\n<p><br \/>\n<br \/><a href=\"https:\/\/www.canalrural.com.br\/videos\/senado-aprova-semana-nacional-de-promocao-da-pesca-artesanal\/\">Source link <\/a><\/p>\n","protected":false},"excerpt":{"rendered":"<p>A Comiss\u00e3o de Agricultura do Senado aprovou a cria\u00e7\u00e3o da Semana Nacional de Promo\u00e7\u00e3o da Pesca Artesanal, uma iniciativa que<\/p>\n","protected":false},"author":1,"featured_media":30509,"comment_status":"open","ping_status":"open","sticky":false,"template":"","format":"standard","meta":{"_monsterinsights_skip_tracking":false,"_monsterinsights_sitenote_active":false,"_monsterinsights_sitenote_note":"","_monsterinsights_sitenote_category":0,"_uf_show_specific_survey":0,"_uf_disable_surveys":false,"footnotes":""},"categories":[1],"tags":[],"class_list":["post-30508","post","type-post","status-publish","format-standard","has-post-thumbnail","hentry","category-news"],"_links":{"self":[{"href":"https:\/\/agromt.news\/index.php?rest_route=\/wp\/v2\/posts\/30508"}],"collection":[{"href":"https:\/\/agromt.news\/index.php?rest_route=\/wp\/v2\/posts"}],"about":[{"href":"https:\/\/agromt.news\/index.php?rest_route=\/wp\/v2\/types\/post"}],"author":[{"embeddable":true,"href":"https:\/\/agromt.news\/index.php?rest_route=\/wp\/v2\/users\/1"}],"replies":[{"embeddable":true,"href":"https:\/\/agromt.news\/index.php?rest_route=%2Fwp%2Fv2%2Fcomments&post=30508"}],"version-history":[{"count":0,"href":"https:\/\/agromt.news\/index.php?rest_route=\/wp\/v2\/posts\/30508\/revisions"}],"wp:featuredmedia":[{"embeddable":true,"href":"https:\/\/agromt.news\/index.php?rest_route=\/wp\/v2\/media\/30509"}],"wp:attachment":[{"href":"https:\/\/agromt.news\/index.php?rest_route=%2Fwp%2Fv2%2Fmedia&parent=30508"}],"wp:term":[{"taxonomy":"category","embeddable":true,"href":"https:\/\/agromt.news\/index.php?rest_route=%2Fwp%2Fv2%2Fcategories&post=30508"},{"taxonomy":"post_tag","embeddable":true,"href":"https:\/\/agromt.news\/index.php?rest_route=%2Fwp%2Fv2%2Ftags&post=30508"}],"curies":[{"name":"wp","href":"https:\/\/api.w.org\/{rel}","templated":true}]}}