{"id":30505,"date":"2026-05-01T14:25:22","date_gmt":"2026-05-01T18:25:22","guid":{"rendered":"https:\/\/agromt.news\/?p=30505"},"modified":"2026-05-01T14:25:22","modified_gmt":"2026-05-01T18:25:22","slug":"enssoja-2026-reune-liderancas-da-cadeia-de-sementes-de-soja-em-foz-do-iguacu","status":"publish","type":"post","link":"https:\/\/agromt.news\/?p=30505","title":{"rendered":"Enssoja 2026 re\u00fane lideran\u00e7as da cadeia de sementes de soja em Foz do Igua\u00e7u"},"content":{"rendered":"<p> <br \/>\n<\/p>\n<div>\n<figure><img decoding=\"async\" src=\"https:\/\/agromt.news\/wp-content\/uploads\/2026\/05\/Enssoja-2026-reune-liderancas-da-cadeia-de-sementes-de-soja.jpg\" alt=\"\" \/><\/figure>\n<\/div>\n<p>Foz do Igua\u00e7u, no Paran\u00e1, receber\u00e1 entre os dias 6 e 8 de maio de 2026 um dos principais eventos da cadeia de sementes de soja do Brasil, o Enssoja 2026. O encontro reunir\u00e1 lideran\u00e7as, especialistas e empresas para discutir os rumos do setor, abordando temas que impactam diretamente a produtividade e a competitividade da cultura no campo.<\/p>\n<h2>Programa\u00e7\u00e3o do evento<\/h2>\n<p>A programa\u00e7\u00e3o do Enssoja 2026 incluir\u00e1 pain\u00e9is sobre:<\/p>\n<ul>\n<li>Perspectivas do mercado da soja para as pr\u00f3ximas safras<\/li>\n<li>Inova\u00e7\u00e3o e tecnologia voltadas \u00e0 alta produtividade<\/li>\n<li>Desafios pol\u00edticos e institucionais da cadeia de sementes<\/li>\n<\/ul>\n<h2>Desafios do setor<\/h2>\n<p>O evento ser\u00e1 uma oportunidade para discutir quest\u00f5es econ\u00f4micas, tanto macro quanto microecon\u00f4micas, al\u00e9m de perspectivas mercadol\u00f3gicas. Os participantes tamb\u00e9m abordar\u00e3o a realidade da rentabilidade, liquidez e quest\u00f5es credit\u00edcias que envolvem o neg\u00f3cio.<\/p>\n<h2>Import\u00e2ncia do encontro<\/h2>\n<p>Considerado um dos mais relevantes do setor, o Enssoja 2026 deve reunir representantes de diferentes regi\u00f5es produtoras do pa\u00eds. O canal rural acompanhar\u00e1 de perto as discuss\u00f5es e as principais novidades do evento.<\/p>\n<p>O post <a href=\"https:\/\/www.canalrural.com.br\/videos\/enssoja-2026-reune-liderancas-da-cadeia-de-sementes-de-soja-em-foz-do-iguacu\/\">Enssoja 2026 re\u00fane lideran\u00e7as da cadeia de sementes de soja em Foz do Igua\u00e7u<\/a> apareceu primeiro em <a href=\"https:\/\/www.canalrural.com.br\">Canal Rural<\/a>.<\/p>\n<p><br \/>\n<br \/><a href=\"https:\/\/www.canalrural.com.br\/videos\/enssoja-2026-reune-liderancas-da-cadeia-de-sementes-de-soja-em-foz-do-iguacu\/\">Source link <\/a><\/p>\n","protected":false},"excerpt":{"rendered":"<p>Foz do Igua\u00e7u, no Paran\u00e1, receber\u00e1 entre os dias 6 e 8 de maio de 2026 um dos principais eventos<\/p>\n","protected":false},"author":1,"featured_media":30506,"comment_status":"open","ping_status":"open","sticky":false,"template":"","format":"standard","meta":{"_monsterinsights_skip_tracking":false,"_monsterinsights_sitenote_active":false,"_monsterinsights_sitenote_note":"","_monsterinsights_sitenote_category":0,"_uf_show_specific_survey":0,"_uf_disable_surveys":false,"footnotes":""},"categories":[1],"tags":[],"class_list":["post-30505","post","type-post","status-publish","format-standard","has-post-thumbnail","hentry","category-news"],"_links":{"self":[{"href":"https:\/\/agromt.news\/index.php?rest_route=\/wp\/v2\/posts\/30505"}],"collection":[{"href":"https:\/\/agromt.news\/index.php?rest_route=\/wp\/v2\/posts"}],"about":[{"href":"https:\/\/agromt.news\/index.php?rest_route=\/wp\/v2\/types\/post"}],"author":[{"embeddable":true,"href":"https:\/\/agromt.news\/index.php?rest_route=\/wp\/v2\/users\/1"}],"replies":[{"embeddable":true,"href":"https:\/\/agromt.news\/index.php?rest_route=%2Fwp%2Fv2%2Fcomments&post=30505"}],"version-history":[{"count":0,"href":"https:\/\/agromt.news\/index.php?rest_route=\/wp\/v2\/posts\/30505\/revisions"}],"wp:featuredmedia":[{"embeddable":true,"href":"https:\/\/agromt.news\/index.php?rest_route=\/wp\/v2\/media\/30506"}],"wp:attachment":[{"href":"https:\/\/agromt.news\/index.php?rest_route=%2Fwp%2Fv2%2Fmedia&parent=30505"}],"wp:term":[{"taxonomy":"category","embeddable":true,"href":"https:\/\/agromt.news\/index.php?rest_route=%2Fwp%2Fv2%2Fcategories&post=30505"},{"taxonomy":"post_tag","embeddable":true,"href":"https:\/\/agromt.news\/index.php?rest_route=%2Fwp%2Fv2%2Ftags&post=30505"}],"curies":[{"name":"wp","href":"https:\/\/api.w.org\/{rel}","templated":true}]}}