{"id":30501,"date":"2026-05-01T13:15:30","date_gmt":"2026-05-01T17:15:30","guid":{"rendered":"https:\/\/agromt.news\/?p=30501"},"modified":"2026-05-01T13:15:30","modified_gmt":"2026-05-01T17:15:30","slug":"mistura-de-etanol-na-gasolina-deve-subir-para-32-a-partir-de-maio","status":"publish","type":"post","link":"https:\/\/agromt.news\/?p=30501","title":{"rendered":"Mistura de etanol na gasolina deve subir para 32% a partir de maio"},"content":{"rendered":"<p> <br \/>\n<\/p>\n<div>\n<figure><img decoding=\"async\" src=\"https:\/\/agromt.news\/wp-content\/uploads\/2026\/05\/Mistura-de-etanol-na-gasolina-deve-subir-para-32-a.jpg\" alt=\"\" \/><\/figure>\n<\/div>\n<p>O ministro de Minas e Energia, Alexandre Silveira, anunciou que a mistura de etanol na gasolina deve ser elevada para 32% a partir de maio. Essa medida visa zerar a depend\u00eancia externa do Brasil em rela\u00e7\u00e3o \u00e0 importa\u00e7\u00e3o de combust\u00edveis, colocando o pa\u00eds em condi\u00e7\u00e3o de autossufici\u00eancia.<\/p>\n<h2>Detalhes da proposta<\/h2>\n<p>A proposta de aumento da mistura de etanol ser\u00e1 submetida ao Conselho Nacional de Pol\u00edtica Energ\u00e9tica (CNPE) na pr\u00f3xima reuni\u00e3o, prevista para maio. Se aprovada, a medida ter\u00e1 car\u00e1ter tempor\u00e1rio, com vig\u00eancia inicial de 180 dias, podendo ser prorrogada.<\/p>\n<h2>Impactos esperados<\/h2>\n<ul>\n<li>Redu\u00e7\u00e3o de cerca de 500 milh\u00f5es de litros de combust\u00edveis importados por m\u00eas.<\/li>\n<li>Possibilidade de autossufici\u00eancia do Brasil em combust\u00edveis pela primeira vez.<\/li>\n<li>A mudan\u00e7a foi viabilizada pela Lei do Combust\u00edvel do Futuro, sancionada em 2024.<\/li>\n<\/ul>\n<h2>Pr\u00f3ximos passos<\/h2>\n<p>A decis\u00e3o final sobre a proposta ser\u00e1 tomada na reuni\u00e3o do CNPE, onde o governo federal apresentar\u00e1 os detalhes da nova mistura obrigat\u00f3ria de etanol na gasolina.<\/p>\n<p>O post <a href=\"https:\/\/www.canalrural.com.br\/videos\/mistura-de-etanol-na-gasolina-deve-subir-para-32-a-partir-de-maio\/\">Mistura de etanol na gasolina deve subir para 32% a partir de maio<\/a> apareceu primeiro em <a href=\"https:\/\/www.canalrural.com.br\">Canal Rural<\/a>.<\/p>\n<p><br \/>\n<br \/><a href=\"https:\/\/www.canalrural.com.br\/videos\/mistura-de-etanol-na-gasolina-deve-subir-para-32-a-partir-de-maio\/\">Source link <\/a><\/p>\n","protected":false},"excerpt":{"rendered":"<p>O ministro de Minas e Energia, Alexandre Silveira, anunciou que a mistura de etanol na gasolina deve ser elevada para<\/p>\n","protected":false},"author":1,"featured_media":30502,"comment_status":"open","ping_status":"open","sticky":false,"template":"","format":"standard","meta":{"_monsterinsights_skip_tracking":false,"_monsterinsights_sitenote_active":false,"_monsterinsights_sitenote_note":"","_monsterinsights_sitenote_category":0,"_uf_show_specific_survey":0,"_uf_disable_surveys":false,"footnotes":""},"categories":[1],"tags":[],"class_list":["post-30501","post","type-post","status-publish","format-standard","has-post-thumbnail","hentry","category-news"],"_links":{"self":[{"href":"https:\/\/agromt.news\/index.php?rest_route=\/wp\/v2\/posts\/30501"}],"collection":[{"href":"https:\/\/agromt.news\/index.php?rest_route=\/wp\/v2\/posts"}],"about":[{"href":"https:\/\/agromt.news\/index.php?rest_route=\/wp\/v2\/types\/post"}],"author":[{"embeddable":true,"href":"https:\/\/agromt.news\/index.php?rest_route=\/wp\/v2\/users\/1"}],"replies":[{"embeddable":true,"href":"https:\/\/agromt.news\/index.php?rest_route=%2Fwp%2Fv2%2Fcomments&post=30501"}],"version-history":[{"count":0,"href":"https:\/\/agromt.news\/index.php?rest_route=\/wp\/v2\/posts\/30501\/revisions"}],"wp:featuredmedia":[{"embeddable":true,"href":"https:\/\/agromt.news\/index.php?rest_route=\/wp\/v2\/media\/30502"}],"wp:attachment":[{"href":"https:\/\/agromt.news\/index.php?rest_route=%2Fwp%2Fv2%2Fmedia&parent=30501"}],"wp:term":[{"taxonomy":"category","embeddable":true,"href":"https:\/\/agromt.news\/index.php?rest_route=%2Fwp%2Fv2%2Fcategories&post=30501"},{"taxonomy":"post_tag","embeddable":true,"href":"https:\/\/agromt.news\/index.php?rest_route=%2Fwp%2Fv2%2Ftags&post=30501"}],"curies":[{"name":"wp","href":"https:\/\/api.w.org\/{rel}","templated":true}]}}