{"id":30499,"date":"2026-05-01T13:01:29","date_gmt":"2026-05-01T17:01:29","guid":{"rendered":"https:\/\/agromt.news\/?p=30499"},"modified":"2026-05-01T13:01:29","modified_gmt":"2026-05-01T17:01:29","slug":"acordo-mercosul-e-uniao-europeia-o-brasil-encara-a-realidade-do-mercado-global","status":"publish","type":"post","link":"https:\/\/agromt.news\/?p=30499","title":{"rendered":"Acordo Mercosul\u00a0e Uni\u00e3o Europeia: o Brasil encara a realidade do mercado global"},"content":{"rendered":"<p> <br \/>\n<\/p>\n<div>\n<figure><img decoding=\"async\" src=\"https:\/\/agromt.news\/wp-content\/uploads\/2026\/05\/Acordo-Mercosul-e-Uniao-Europeia-o-Brasil-encara-a-realidade-do.jpg\" alt=\"Bandeira do Mercosul\" \/><figcaption>Foto: Marcos Oliveira\/Ag\u00eancia Senado<\/figcaption><\/figure>\n<\/div>\n<p>A entrada em vigor do acordo entre o Mercosul e a Uni\u00e3o Europeia n\u00e3o \u00e9 apenas um ajuste de tarifas; \u00e9 um choque de realidade.<\/p>\n<p>De um lado, temos o agroneg\u00f3cio, moderno, competitivo e pronto para conquistar as g\u00f4ndolas europeias. Do outro, uma ind\u00fastria nacional que, por d\u00e9cadas, se acostumou com o conforto de muros tarif\u00e1rios e que agora se v\u00ea diante do espelho da efici\u00eancia global. <\/p>\n<p>O grande protagonista deste novo cap\u00edtulo \u00e9, sem d\u00favida, o produtor rural brasileiro. Com tarifa zero imediata para 82% das nossas exporta\u00e7\u00f5es, o agro rompe as \u00faltimas correntes que o impediam de dominar o mercado europeu.<\/p>\n<ul class=\"wp-block-list\">\n<li><em>Veja em primeira m\u00e3o tudo sobre agricultura, pecu\u00e1ria, economia e previs\u00e3o do tempo:<\/em><a href=\"https:\/\/news.google.com\/publications\/CAAqBwgKMPKZlQswq_mqAw?hl=pt-BR&amp;gl=BR&amp;ceid=BR%3Apt-419\"><strong><em>siga o Canal Rural no Google News!<\/em><\/strong><\/a><\/li>\n<\/ul>\n<p>Frutas frescas, caf\u00e9 sol\u00favel, farelo de soja e \u00f3leos vegetais agora entram na Europa sem o peso dos impostos que antes encareciam o produto brasileiro frente aos concorrentes.<\/p>\n<p>Para setores como a carne bovina e o a\u00e7\u00facar, que operam sob cotas, o acesso privilegiado representa uma entrada de capital bilion\u00e1ria. O agroneg\u00f3cio prova que, quando h\u00e1 investimento em tecnologia e gest\u00e3o, o Brasil n\u00e3o deve nada a ningu\u00e9m.<\/p>\n<p>Devemos questionar: por que o resto do pa\u00eds n\u00e3o seguiu o mesmo exemplo? Enquanto o campo celebra, o setor industrial brasileiro encara um cen\u00e1rio de urg\u00eancia. <\/p>\n<p>Durante anos, o discurso de &#8220;proteger a ind\u00fastria nacional&#8221; serviu de pretexto para manter impostos de importa\u00e7\u00e3o astron\u00f4micos. O resultado foi a manuten\u00e7\u00e3o de f\u00e1bricas, muitas vezes, obsoletas e produtos caros para o consumidor final.<\/p>\n<p>Com a redu\u00e7\u00e3o gradual das tarifas para bens europeus, que incluem desde vinhos e queijos finos at\u00e9 m\u00e1quinas industriais e produtos qu\u00edmicos de alta tecnologia, a &#8220;redoma&#8221; acabou.<\/p>\n<p>A ind\u00fastria brasileira ter\u00e1 de aprender, na marra, a competir com a precis\u00e3o alem\u00e3 e o design italiano. N\u00e3o h\u00e1 mais espa\u00e7o para inefici\u00eancia. Ou as f\u00e1bricas brasileiras se modernizam, aproveitando justamente a importa\u00e7\u00e3o mais barata de bens de capital europeus, ou ser\u00e3o engolidas pela qualidade e pre\u00e7o do mercado externo.<\/p>\n<p>Para quem est\u00e1 na ponta final, o consumidor, o acordo \u00e9 uma vit\u00f3ria inquestion\u00e1vel. A m\u00e9dio prazo, a queda de pre\u00e7os em itens que antes eram considerados &#8220;de luxo&#8221; e a moderniza\u00e7\u00e3o da base produtiva interna devem aliviar o bolso do brasileiro.<\/p>\n<p>Mais do que isso, a exig\u00eancia europeia por padr\u00f5es ambientais rigorosos obriga o Brasil a subir o n\u00edvel de sua governan\u00e7a, o que \u00e9 ben\u00e9fico para todos.<\/p>\n<h2 class=\"wp-block-heading\" id=\"h-importancia\">Import\u00e2ncia<\/h2>\n<p>O acordo Mercosul-UE \u00e9 o xeque-mate no isolacionismo. Ele premia a compet\u00eancia do agroneg\u00f3cio e exp\u00f5e as feridas de uma ind\u00fastria que parou no tempo. O Brasil agora joga a Champions League do com\u00e9rcio mundial.<\/p>\n<p>Se soubermos usar a for\u00e7a do campo para financiar a moderniza\u00e7\u00e3o das cidades e das f\u00e1bricas, estaremos trilhando o caminho definitivo para o desenvolvimento.<\/p>\n<p>O tempo de se esconder atr\u00e1s de tarifas acabou; agora, o que vale \u00e9 a compet\u00eancia.<\/p>\n<div class=\"wp-block-media-text is-stacked-on-mobile\">\n<figure class=\"wp-block-media-text__media\"><img fetchpriority=\"high\" decoding=\"async\" width=\"683\" height=\"1024\" src=\"https:\/\/agromt.news\/wp-content\/uploads\/2025\/12\/1766405079_938_Confusao-a-vista-petroleo-venezuelano-apreendido-pelos-EUA-pode-pertencer.jpg\" alt=\"Miguel Daoud\" class=\"wp-image-4095706 size-full\" \/><\/figure>\n<div class=\"wp-block-media-text__content\">\n<p class=\"has-text-align-center\">*<em><strong>Miguel Daoud<\/strong>&nbsp;\u00e9 comentarista de Economia e Pol\u00edtica&nbsp;do Canal Rural<\/em><\/p>\n<p><\/p>\n<\/div>\n<\/div>\n<hr class=\"wp-block-separator has-alpha-channel-opacity\" \/>\n<p><em>O&nbsp;<strong>Canal Rural<\/strong>&nbsp;n\u00e3o se responsabiliza pelas opini\u00f5es e conceitos emitidos nos textos desta sess\u00e3o, sendo os conte\u00fados de inteira responsabilidade de seus autores. A empresa se reserva o direito de fazer ajustes no texto para adequa\u00e7\u00e3o \u00e0s normas de publica\u00e7\u00e3o.<\/em><\/p>\n<\/p>\n<\/p>\n<p>O post <a href=\"https:\/\/www.canalrural.com.br\/opiniao-noticias\/acordo-mercosul-e-uniao-europeia-o-brasil-encara-a-realidade-do-mercado-global\/\">Acordo Mercosul\u00a0e Uni\u00e3o Europeia: o Brasil encara a realidade do mercado global<\/a> apareceu primeiro em <a href=\"https:\/\/www.canalrural.com.br\">Canal Rural<\/a>.<\/p>\n<p><br \/>\n<br \/><a href=\"https:\/\/www.canalrural.com.br\/opiniao-noticias\/acordo-mercosul-e-uniao-europeia-o-brasil-encara-a-realidade-do-mercado-global\/\">Source link <\/a><\/p>\n","protected":false},"excerpt":{"rendered":"<p>Foto: Marcos Oliveira\/Ag\u00eancia Senado A entrada em vigor do acordo entre o Mercosul e a Uni\u00e3o Europeia n\u00e3o \u00e9 apenas<\/p>\n","protected":false},"author":1,"featured_media":30500,"comment_status":"open","ping_status":"open","sticky":false,"template":"","format":"standard","meta":{"_monsterinsights_skip_tracking":false,"_monsterinsights_sitenote_active":false,"_monsterinsights_sitenote_note":"","_monsterinsights_sitenote_category":0,"_uf_show_specific_survey":0,"_uf_disable_surveys":false,"footnotes":""},"categories":[1],"tags":[],"class_list":["post-30499","post","type-post","status-publish","format-standard","has-post-thumbnail","hentry","category-news"],"_links":{"self":[{"href":"https:\/\/agromt.news\/index.php?rest_route=\/wp\/v2\/posts\/30499"}],"collection":[{"href":"https:\/\/agromt.news\/index.php?rest_route=\/wp\/v2\/posts"}],"about":[{"href":"https:\/\/agromt.news\/index.php?rest_route=\/wp\/v2\/types\/post"}],"author":[{"embeddable":true,"href":"https:\/\/agromt.news\/index.php?rest_route=\/wp\/v2\/users\/1"}],"replies":[{"embeddable":true,"href":"https:\/\/agromt.news\/index.php?rest_route=%2Fwp%2Fv2%2Fcomments&post=30499"}],"version-history":[{"count":0,"href":"https:\/\/agromt.news\/index.php?rest_route=\/wp\/v2\/posts\/30499\/revisions"}],"wp:featuredmedia":[{"embeddable":true,"href":"https:\/\/agromt.news\/index.php?rest_route=\/wp\/v2\/media\/30500"}],"wp:attachment":[{"href":"https:\/\/agromt.news\/index.php?rest_route=%2Fwp%2Fv2%2Fmedia&parent=30499"}],"wp:term":[{"taxonomy":"category","embeddable":true,"href":"https:\/\/agromt.news\/index.php?rest_route=%2Fwp%2Fv2%2Fcategories&post=30499"},{"taxonomy":"post_tag","embeddable":true,"href":"https:\/\/agromt.news\/index.php?rest_route=%2Fwp%2Fv2%2Ftags&post=30499"}],"curies":[{"name":"wp","href":"https:\/\/api.w.org\/{rel}","templated":true}]}}