{"id":30488,"date":"2026-05-01T11:09:21","date_gmt":"2026-05-01T15:09:21","guid":{"rendered":"https:\/\/agromt.news\/?p=30488"},"modified":"2026-05-01T11:09:21","modified_gmt":"2026-05-01T15:09:21","slug":"acordo-entre-mercosul-e-uniao-europeia-entra-em-vigor-em-maio-de-2026","status":"publish","type":"post","link":"https:\/\/agromt.news\/?p=30488","title":{"rendered":"Acordo entre Mercosul e Uni\u00e3o Europeia entra em vigor em maio de 2026"},"content":{"rendered":"<p> <br \/>\n<\/p>\n<div>\n<figure><img decoding=\"async\" src=\"https:\/\/agromt.news\/wp-content\/uploads\/2026\/05\/Acordo-entre-Mercosul-e-Uniao-Europeia-entra-em-vigor-em.jpg\" alt=\"\" \/><\/figure>\n<\/div>\n<p>O acordo entre o Mercosul e a Uni\u00e3o Europeia foi oficialmente oficializado e entrou em vigor nesta sexta-feira, 1\u00ba de maio de 2026, ap\u00f3s mais de duas d\u00e9cadas de negocia\u00e7\u00f5es. O novo tratado promete trazer benef\u00edcios significativos para o setor agropecu\u00e1rio brasileiro, que ser\u00e1 um dos principais beneficiados.<\/p>\n<h2>Benef\u00edcios do Acordo<\/h2>\n<p>O acordo prev\u00ea a redu\u00e7\u00e3o gradual de tarifas para:<\/p>\n<ul>\n<li>91% dos produtos importados pelo Mercosul<\/li>\n<li>95% dos produtos importados pela Uni\u00e3o Europeia<\/li>\n<\/ul>\n<p>Essas mudan\u00e7as devem ocorrer ao longo dos pr\u00f3ximos anos, oferecendo novas oportunidades para o agroneg\u00f3cio brasileiro.<\/p>\n<h2>Setores Impactados<\/h2>\n<p>De acordo com especialistas, os setores que mais se beneficiar\u00e3o incluem:<\/p>\n<ul>\n<li>Frutas<\/li>\n<li>Caf\u00e9<\/li>\n<li>Soja<\/li>\n<\/ul>\n<p>Esses produtos t\u00eam grande demanda na Europa, especialmente durante o inverno, quando a produ\u00e7\u00e3o local \u00e9 limitada.<\/p>\n<h2>Complementariedade entre os Blocos<\/h2>\n<p>O acordo \u00e9 visto como uma oportunidade de complementariedade, onde o Mercosul pode suprir a demanda europeia por produtos frescos, enquanto a Europa oferece produtos que o Mercosul necessita. Essa rela\u00e7\u00e3o \u00e9 fundamental para o fortalecimento das rela\u00e7\u00f5es comerciais entre os dois blocos.<\/p>\n<h2>Desafios e Oportunidades<\/h2>\n<p>Apesar das oportunidades, o acordo tamb\u00e9m enfrenta desafios, como barreiras de pre\u00e7o e a necessidade de garantir a competitividade da ind\u00fastria brasileira. No entanto, a expectativa \u00e9 que o acordo traga resultados positivos para ambos os lados no curto prazo.<\/p>\n<p>O post <a href=\"https:\/\/www.canalrural.com.br\/videos\/acordo-entre-mercosul-e-uniao-europeia-entra-em-vigor-em-maio-de-2026\/\">Acordo entre Mercosul e Uni\u00e3o Europeia entra em vigor em maio de 2026<\/a> apareceu primeiro em <a href=\"https:\/\/www.canalrural.com.br\">Canal Rural<\/a>.<\/p>\n<p><br \/>\n<br \/><a href=\"https:\/\/www.canalrural.com.br\/videos\/acordo-entre-mercosul-e-uniao-europeia-entra-em-vigor-em-maio-de-2026\/\">Source link <\/a><\/p>\n","protected":false},"excerpt":{"rendered":"<p>O acordo entre o Mercosul e a Uni\u00e3o Europeia foi oficialmente oficializado e entrou em vigor nesta sexta-feira, 1\u00ba de<\/p>\n","protected":false},"author":1,"featured_media":30489,"comment_status":"open","ping_status":"open","sticky":false,"template":"","format":"standard","meta":{"_monsterinsights_skip_tracking":false,"_monsterinsights_sitenote_active":false,"_monsterinsights_sitenote_note":"","_monsterinsights_sitenote_category":0,"_uf_show_specific_survey":0,"_uf_disable_surveys":false,"footnotes":""},"categories":[1],"tags":[],"class_list":["post-30488","post","type-post","status-publish","format-standard","has-post-thumbnail","hentry","category-news"],"_links":{"self":[{"href":"https:\/\/agromt.news\/index.php?rest_route=\/wp\/v2\/posts\/30488"}],"collection":[{"href":"https:\/\/agromt.news\/index.php?rest_route=\/wp\/v2\/posts"}],"about":[{"href":"https:\/\/agromt.news\/index.php?rest_route=\/wp\/v2\/types\/post"}],"author":[{"embeddable":true,"href":"https:\/\/agromt.news\/index.php?rest_route=\/wp\/v2\/users\/1"}],"replies":[{"embeddable":true,"href":"https:\/\/agromt.news\/index.php?rest_route=%2Fwp%2Fv2%2Fcomments&post=30488"}],"version-history":[{"count":0,"href":"https:\/\/agromt.news\/index.php?rest_route=\/wp\/v2\/posts\/30488\/revisions"}],"wp:featuredmedia":[{"embeddable":true,"href":"https:\/\/agromt.news\/index.php?rest_route=\/wp\/v2\/media\/30489"}],"wp:attachment":[{"href":"https:\/\/agromt.news\/index.php?rest_route=%2Fwp%2Fv2%2Fmedia&parent=30488"}],"wp:term":[{"taxonomy":"category","embeddable":true,"href":"https:\/\/agromt.news\/index.php?rest_route=%2Fwp%2Fv2%2Fcategories&post=30488"},{"taxonomy":"post_tag","embeddable":true,"href":"https:\/\/agromt.news\/index.php?rest_route=%2Fwp%2Fv2%2Ftags&post=30488"}],"curies":[{"name":"wp","href":"https:\/\/api.w.org\/{rel}","templated":true}]}}