{"id":30483,"date":"2026-05-01T10:27:30","date_gmt":"2026-05-01T14:27:30","guid":{"rendered":"https:\/\/agromt.news\/?p=30483"},"modified":"2026-05-01T10:27:30","modified_gmt":"2026-05-01T14:27:30","slug":"conab-inicia-destinacao-de-623-toneladas-de-alimentos-para-cozinhas-solidarias","status":"publish","type":"post","link":"https:\/\/agromt.news\/?p=30483","title":{"rendered":"Conab inicia destina\u00e7\u00e3o de 623 toneladas de alimentos para cozinhas solid\u00e1rias"},"content":{"rendered":"<p> <br \/>\n<\/p>\n<div>\n<figure><img decoding=\"async\" src=\"https:\/\/agromt.news\/wp-content\/uploads\/2026\/05\/Conab-inicia-destinacao-de-623-toneladas-de-alimentos-para-cozinhas.png\" alt=\"Conab inicia destina\u00e7\u00e3o de 623 toneladas de alimentos para cozinhas solid\u00e1rias em Santa Catarina\" \/><figcaption>Foto: gerada por IA<\/figcaption><\/figure>\n<\/div>\n<p>A Companhia Nacional de Abastecimento (Conab) iniciou, no fim de abril, a destina\u00e7\u00e3o de 623 toneladas de alimentos para a\u00e7\u00f5es de combate \u00e0 inseguran\u00e7a alimentar e nutricional em Santa Catarina. <\/p>\n<p>Os produtos foram adquiridos de organiza\u00e7\u00f5es da agricultura familiar local com recursos do Minist\u00e9rio do Desenvolvimento e Assist\u00eancia Social, Fam\u00edlia e Combate \u00e0 Fome (MDS). A prioridade da opera\u00e7\u00e3o \u00e9 o abastecimento de cozinhas solid\u00e1rias no estado.<\/p>\n<p>Segundo a Conab, o volume adquirido soma 175 toneladas de feij\u00e3o, 150 toneladas de fub\u00e1 e 298 toneladas de leite em p\u00f3. O aporte financeiro \u00e9 de aproximadamente R$ 14,4 milh\u00f5es. Do total, o destino priorit\u00e1rio s\u00e3o 19 cozinhas solid\u00e1rias habilitadas em Santa Catarina para receber doa\u00e7\u00f5es de alimentos por meio das a\u00e7\u00f5es apoiadas pela estatal.<\/p>\n<p>Parte do leite em p\u00f3 j\u00e1 come\u00e7ou a ser entregue \u00e0 organiza\u00e7\u00e3o A\u00e7\u00e3o da Cidadania, no Rio de Janeiro. De acordo com a Conab, a entidade recebeu 200 toneladas do produto para uso em iniciativas pr\u00f3prias de atendimento \u00e0 popula\u00e7\u00e3o em situa\u00e7\u00e3o de vulnerabilidade e para apoio a outras a\u00e7\u00f5es da rede socioassistencial fluminense.<\/p>\n<ul class=\"wp-block-list\">\n<li>Quer ficar por dentro da previs\u00e3o do tempo e dos alertas meteorol\u00f3gicos? <a href=\"https:\/\/tempo.canalrural.com.br\/\" target=\"_blank\" rel=\"noopener noreferrer\"><strong>Acesse a p\u00e1gina do tempo do Canal Rural e planeje-se!<\/strong><\/a><\/li>\n<\/ul>\n<p>As 98 toneladas restantes de leite em p\u00f3, al\u00e9m de todo o volume de feij\u00e3o e fub\u00e1, permanecem vinculadas ao abastecimento das cozinhas solid\u00e1rias catarinenses e de outras unidades recebedoras definidas pelo MDS e pela Conab.<\/p>\n<p>Em frente paralela, a Companhia informou que distribuiu cerca de 1,2 mil cestas b\u00e1sicas para comunidades ind\u00edgenas, com 21,3 quilos cada. O volume corresponde a aproximadamente 25,5 toneladas de alimentos. As entregas ocorreram no fim do m\u00eas passado, com estoques pr\u00f3prios, sem rela\u00e7\u00e3o com o lote de 623 toneladas destinado \u00e0s cozinhas solid\u00e1rias.<\/p>\n<p>A a\u00e7\u00e3o integra o Plano de Trabalho n\u00ba 04\/2025, firmado entre MDS e Conab, e atende fam\u00edlias ind\u00edgenas em situa\u00e7\u00e3o de inseguran\u00e7a alimentar na \u00e1rea da Coordena\u00e7\u00e3o Regional Litoral Sul da Funda\u00e7\u00e3o Nacional dos Povos Ind\u00edgenas (Funai), abrangendo comunidades Xokleng e Guarani em Santa Catarina, Paran\u00e1 e Rio Grande do Sul.<\/p>\n<p>A opera\u00e7\u00e3o refor\u00e7a dois eixos de abastecimento p\u00fablico: a compra de alimentos da agricultura familiar local e a distribui\u00e7\u00e3o para equipamentos e grupos definidos pela pol\u00edtica de assist\u00eancia social. A Conab n\u00e3o informou, no material divulgado, o prazo total para conclus\u00e3o das entregas do lote principal.<\/p>\n<p class=\"news-source\"><strong>Fonte:<\/strong> <a href=\"https:\/\/www.gov.br\/conab\/pt-br\/assuntos\/noticias\/santa-catarina-2013-agricultura-familiar-reforca-abastecimento-de-cozinhas-solidarias\" target=\"_blank\" rel=\"noopener noreferrer\">gov.br<\/a><\/p>\n<\/p>\n<p>O post <a href=\"https:\/\/www.canalrural.com.br\/agricultura\/conab-inicia-destinacao-de-623-toneladas-de-alimentos-para-cozinhas-solidarias\/\">Conab inicia destina\u00e7\u00e3o de 623 toneladas de alimentos para cozinhas solid\u00e1rias<\/a> apareceu primeiro em <a href=\"https:\/\/www.canalrural.com.br\">Canal Rural<\/a>.<\/p>\n<p><br \/>\n<br \/><a href=\"https:\/\/www.canalrural.com.br\/agricultura\/conab-inicia-destinacao-de-623-toneladas-de-alimentos-para-cozinhas-solidarias\/\">Source link <\/a><\/p>\n","protected":false},"excerpt":{"rendered":"<p>Foto: gerada por IA A Companhia Nacional de Abastecimento (Conab) iniciou, no fim de abril, a destina\u00e7\u00e3o de 623 toneladas<\/p>\n","protected":false},"author":1,"featured_media":30484,"comment_status":"open","ping_status":"open","sticky":false,"template":"","format":"standard","meta":{"_monsterinsights_skip_tracking":false,"_monsterinsights_sitenote_active":false,"_monsterinsights_sitenote_note":"","_monsterinsights_sitenote_category":0,"_uf_show_specific_survey":0,"_uf_disable_surveys":false,"footnotes":""},"categories":[1],"tags":[],"class_list":["post-30483","post","type-post","status-publish","format-standard","has-post-thumbnail","hentry","category-news"],"_links":{"self":[{"href":"https:\/\/agromt.news\/index.php?rest_route=\/wp\/v2\/posts\/30483"}],"collection":[{"href":"https:\/\/agromt.news\/index.php?rest_route=\/wp\/v2\/posts"}],"about":[{"href":"https:\/\/agromt.news\/index.php?rest_route=\/wp\/v2\/types\/post"}],"author":[{"embeddable":true,"href":"https:\/\/agromt.news\/index.php?rest_route=\/wp\/v2\/users\/1"}],"replies":[{"embeddable":true,"href":"https:\/\/agromt.news\/index.php?rest_route=%2Fwp%2Fv2%2Fcomments&post=30483"}],"version-history":[{"count":0,"href":"https:\/\/agromt.news\/index.php?rest_route=\/wp\/v2\/posts\/30483\/revisions"}],"wp:featuredmedia":[{"embeddable":true,"href":"https:\/\/agromt.news\/index.php?rest_route=\/wp\/v2\/media\/30484"}],"wp:attachment":[{"href":"https:\/\/agromt.news\/index.php?rest_route=%2Fwp%2Fv2%2Fmedia&parent=30483"}],"wp:term":[{"taxonomy":"category","embeddable":true,"href":"https:\/\/agromt.news\/index.php?rest_route=%2Fwp%2Fv2%2Fcategories&post=30483"},{"taxonomy":"post_tag","embeddable":true,"href":"https:\/\/agromt.news\/index.php?rest_route=%2Fwp%2Fv2%2Ftags&post=30483"}],"curies":[{"name":"wp","href":"https:\/\/api.w.org\/{rel}","templated":true}]}}