{"id":30481,"date":"2026-05-01T10:13:33","date_gmt":"2026-05-01T14:13:33","guid":{"rendered":"https:\/\/agromt.news\/?p=30481"},"modified":"2026-05-01T10:13:33","modified_gmt":"2026-05-01T14:13:33","slug":"senar-disponibiliza-mais-de-500-treinamentos-gratuitos-para-o-mes-de-maio-em-sc","status":"publish","type":"post","link":"https:\/\/agromt.news\/?p=30481","title":{"rendered":"Senar disponibiliza mais de 500 treinamentos gratuitos para o m\u00eas de maio em SC"},"content":{"rendered":"<p> <br \/>\n<\/p>\n<div>\n<figure><img decoding=\"async\" src=\"https:\/\/agromt.news\/wp-content\/uploads\/2026\/05\/Senar-disponibiliza-mais-de-500-treinamentos-gratuitos-para-o-mes.jpeg\" alt=\"Treinamento de Processamento de Carne de Frango realizado em abril, no munic\u00edpio de Nova Erechim, em parceria com o Sindicato de Pinhalzinho\" \/><figcaption>Divulga\u00e7\u00e3o Senar SC <\/figcaption><\/figure>\n<\/div>\n<p>O Servi\u00e7o Nacional de Aprendizagem Rural de Santa Catarina (<a href=\"https:\/\/sistemafaesc.com.br\/senar\">Senar\/SC<\/a>), vinculado \u00e0 Federa\u00e7\u00e3o da Agricultura e Pecu\u00e1ria do Estado de Santa Catarina (Faesc), amplia a oferta de capacita\u00e7\u00f5es gratuitas no m\u00eas de maio. <\/p>\n<p>Ao todo, est\u00e3o previstos 511 <a href=\"https:\/\/www.canalrural.com.br\/?s=cursos\">treinamentos <\/a>em diferentes regi\u00f5es do estado, voltados ao fortalecimento das propriedades rurais e \u00e0 melhoria da qualidade de vida das fam\u00edlias do campo.<\/p>\n<p>Os cursos contemplam \u00e1reas estrat\u00e9gicas para o desenvolvimento rural. A Forma\u00e7\u00e3o Profissional rural inclui capacita\u00e7\u00f5es em agricultura, agroind\u00fastria, aquicultura, atividades de apoio agrossilvipastoris, presta\u00e7\u00e3o de servi\u00e7os, pecu\u00e1ria e silvicultura. J\u00e1 a Promo\u00e7\u00e3o Social abrange temas como educa\u00e7\u00e3o, organiza\u00e7\u00e3o comunit\u00e1ria, sa\u00fade, alimenta\u00e7\u00e3o, nutri\u00e7\u00e3o e artesanato.<\/p>\n<ul class=\"wp-block-list\">\n<li><em>Veja em primeira m\u00e3o tudo sobre agricultura, pecu\u00e1ria, economia e previs\u00e3o do tempo:\u00a0<a href=\"https:\/\/news.google.com\/publications\/CAAqBwgKMPKZlQswq_mqAw?hl=pt-BR&amp;gl=BR&amp;ceid=BR%3Apt-419\" target=\"_blank\" rel=\"noreferrer noopener\"><strong>siga o Canal Rural no Google News!<\/strong><\/a><\/em><\/li>\n<\/ul>\n<p>Entre os cursos com maior n\u00famero de turmas na \u00e1rea de Forma\u00e7\u00e3o Profissional Rural est\u00e3o jardineiro, seguran\u00e7a e sa\u00fade no trabalho, drone, pilotagem e opera\u00e7\u00e3o e fluxo de caixa da atividade rural. <\/p>\n<p>Na Promo\u00e7\u00e3o Social, destacam-se conservas de frutas, hortali\u00e7as e temperos, artesanato com pintura, produ\u00e7\u00e3o caseira de p\u00e3es e biscoitos, confeitaria, aproveitamento integral de alimentos e primeiros socorros.<\/p>\n<p>A programa\u00e7\u00e3o alcan\u00e7a todas as regi\u00f5es catarinenses. O Sul lidera com 122 cursos, seguido pelo Norte com 90, Vale do Itaja\u00ed com 71, Extremo Oeste com 68, Meio-Oeste com 62, Planalto Serrano com 51 e Oeste com 47.<\/p>\n<p>O presidente do Sistema Faesc\/Senar, Jos\u00e9 Zeferino Pedrozo, destaca que a qualifica\u00e7\u00e3o \u00e9 fundamental para o desenvolvimento do setor. Segundo ele, a capacita\u00e7\u00e3o promove autonomia, gera renda e contribui para melhores condi\u00e7\u00f5es de vida no campo.<\/p>\n<p>O superintendente do Senar\/SC,\u00a0Gilmar Ant\u00f4nio Zanluchi, destaca a abrang\u00eancia da programa\u00e7\u00e3o. Ele explica que o cronograma atende diferentes perfis de produtores e trabalhadores rurais, com conte\u00fados que acompanham as demandas do setor. \u201cIsso garante acesso \u00e0 qualifica\u00e7\u00e3o e estimula o desenvolvimento regional de forma equilibrada\u201d.<\/p>\n<p>As capacita\u00e7\u00f5es s\u00e3o realizadas em parceria com sindicatos rurais e t\u00eam inscri\u00e7\u00f5es gratuitas para produtores, trabalhadores rurais e seus familiares. A programa\u00e7\u00e3o completa est\u00e1 dispon\u00edvel no <a href=\"https:\/\/sistemafaesc.com.br\/senar\/agenda-de-treinamentos\/\">site<\/a>.\u00a0<\/p>\n<\/p>\n<p>O post <a href=\"https:\/\/www.canalrural.com.br\/agricultura\/senar-disponibiliza-mais-de-500-treinamentos-gratuitos-para-o-mes-de-maio-em-sc\/\">Senar disponibiliza mais de 500 treinamentos gratuitos para o m\u00eas de maio em SC<\/a> apareceu primeiro em <a href=\"https:\/\/www.canalrural.com.br\">Canal Rural<\/a>.<\/p>\n<p><br \/>\n<br \/><a href=\"https:\/\/www.canalrural.com.br\/agricultura\/senar-disponibiliza-mais-de-500-treinamentos-gratuitos-para-o-mes-de-maio-em-sc\/\">Source link <\/a><\/p>\n","protected":false},"excerpt":{"rendered":"<p>Divulga\u00e7\u00e3o Senar SC O Servi\u00e7o Nacional de Aprendizagem Rural de Santa Catarina (Senar\/SC), vinculado \u00e0 Federa\u00e7\u00e3o da Agricultura e Pecu\u00e1ria<\/p>\n","protected":false},"author":1,"featured_media":30482,"comment_status":"open","ping_status":"open","sticky":false,"template":"","format":"standard","meta":{"_monsterinsights_skip_tracking":false,"_monsterinsights_sitenote_active":false,"_monsterinsights_sitenote_note":"","_monsterinsights_sitenote_category":0,"_uf_show_specific_survey":0,"_uf_disable_surveys":false,"footnotes":""},"categories":[1],"tags":[],"class_list":["post-30481","post","type-post","status-publish","format-standard","has-post-thumbnail","hentry","category-news"],"_links":{"self":[{"href":"https:\/\/agromt.news\/index.php?rest_route=\/wp\/v2\/posts\/30481"}],"collection":[{"href":"https:\/\/agromt.news\/index.php?rest_route=\/wp\/v2\/posts"}],"about":[{"href":"https:\/\/agromt.news\/index.php?rest_route=\/wp\/v2\/types\/post"}],"author":[{"embeddable":true,"href":"https:\/\/agromt.news\/index.php?rest_route=\/wp\/v2\/users\/1"}],"replies":[{"embeddable":true,"href":"https:\/\/agromt.news\/index.php?rest_route=%2Fwp%2Fv2%2Fcomments&post=30481"}],"version-history":[{"count":0,"href":"https:\/\/agromt.news\/index.php?rest_route=\/wp\/v2\/posts\/30481\/revisions"}],"wp:featuredmedia":[{"embeddable":true,"href":"https:\/\/agromt.news\/index.php?rest_route=\/wp\/v2\/media\/30482"}],"wp:attachment":[{"href":"https:\/\/agromt.news\/index.php?rest_route=%2Fwp%2Fv2%2Fmedia&parent=30481"}],"wp:term":[{"taxonomy":"category","embeddable":true,"href":"https:\/\/agromt.news\/index.php?rest_route=%2Fwp%2Fv2%2Fcategories&post=30481"},{"taxonomy":"post_tag","embeddable":true,"href":"https:\/\/agromt.news\/index.php?rest_route=%2Fwp%2Fv2%2Ftags&post=30481"}],"curies":[{"name":"wp","href":"https:\/\/api.w.org\/{rel}","templated":true}]}}