{"id":30480,"date":"2026-05-01T09:59:43","date_gmt":"2026-05-01T13:59:43","guid":{"rendered":"https:\/\/agromt.news\/?p=30480"},"modified":"2026-05-01T09:59:43","modified_gmt":"2026-05-01T13:59:43","slug":"sistema-de-baixa-pressao-provoca-chuva-entre-sexta-feira-e-sabado","status":"publish","type":"post","link":"https:\/\/agromt.news\/?p=30480","title":{"rendered":"Sistema de baixa press\u00e3o provoca chuva entre sexta-feira e s\u00e1bado"},"content":{"rendered":"<p> <br \/>\n<\/p>\n<div>\n<figure><img decoding=\"async\" src=\"https:\/\/agromt.news\/wp-content\/uploads\/2026\/03\/Frente-fria-avanca-e-chuva-pode-passar-de-200-milimetros.jpg\" alt=\"Foto: Pixabay.\" \/><figcaption>Foto: Pixabay.<\/figcaption><\/figure>\n<\/div>\n<p>O deslocamento de um sistema de baixa press\u00e3o deve provocar chuva no Rio Grande do Sul nesta sexta-feira (1\u00ba) e neste s\u00e1bado (2), segundo o Boletim Integrado Agrometeorol\u00f3gico. <\/p>\n<p>A previs\u00e3o \u00e9 de chuva fraca a moderada, com ocorr\u00eancia forte, em praticamente todas as regi\u00f5es do estado. O sistema poder\u00e1 evoluir posteriormente para uma frente fria.<\/p>\n<ul class=\"wp-block-list\">\n<li><em>Veja em primeira m\u00e3o tudo sobre agricultura, pecu\u00e1ria, economia e previs\u00e3o do tempo:<\/em><a href=\"https:\/\/news.google.com\/publications\/CAAqBwgKMPKZlQswq_mqAw?hl=pt-BR&amp;gl=BR&amp;ceid=BR%3Apt-419\"><em> <\/em><strong><em>siga o Canal Rural no Google News!<\/em><\/strong><\/a><\/li>\n<\/ul>\n<p>As informa\u00e7\u00f5es foram divulgadas pela Secretaria da Agricultura, Pecu\u00e1ria, Produ\u00e7\u00e3o Sustent\u00e1vel e Irriga\u00e7\u00e3o (Seapi), em parceria com a Associa\u00e7\u00e3o Riograndense de Empreendimentos de Assist\u00eancia T\u00e9cnica e Extens\u00e3o Rural (Emater\/RS-Ascar) e o Instituto Rio Grandense do Arroz (Irga).<\/p>\n<p>De acordo com o boletim, a instabilidade perde for\u00e7a a partir de domingo (3), quando uma massa de ar seco e frio come\u00e7a a atuar sobre o territ\u00f3rio ga\u00facho. Com isso, o tempo tende a voltar a ficar est\u00e1vel de forma gradual em grande parte das regi\u00f5es, ao mesmo tempo em que as temperaturas entram em decl\u00ednio.<\/p>\n<ul class=\"wp-block-list\">\n<li>Quer ficar por dentro da previs\u00e3o do tempo e dos alertas meteorol\u00f3gicos? <a href=\"https:\/\/tempo.canalrural.com.br\/\" target=\"_blank\" rel=\"noopener noreferrer\"><strong>Acesse a p\u00e1gina do tempo do Canal Rural e planeje-se!<\/strong><\/a><\/li>\n<\/ul>\n<p>Na segunda-feira (4), a atua\u00e7\u00e3o dessa massa de ar deve manter o tempo firme na maior parte do estado. J\u00e1 entre ter\u00e7a-feira (5) e quarta-feira (6), o padr\u00e3o de circula\u00e7\u00e3o atmosf\u00e9rica volta a favorecer o transporte de umidade para algumas \u00e1reas.<\/p>\n<p>Para ter\u00e7a-feira (5), a previs\u00e3o \u00e9 de chuva fraca e isolada em pontos da metade norte. Na quarta-feira (6), a precipita\u00e7\u00e3o pode variar de fraca a moderada, com maior concentra\u00e7\u00e3o na metade sul. Nas demais regi\u00f5es, o boletim n\u00e3o indica chuva significativa.<\/p>\n<h2 class=\"wp-block-heading\" id=\"h-acumulado-da-semana\">Acumulado da semana<\/h2>\n<p>No acumulado da semana, os volumes previstos variam entre 5 mil\u00edmetros e 100 mil\u00edmetros, com possibilidade de registros acima desse patamar em pontos isolados da faixa leste. O boletim n\u00e3o detalha, neste recorte, impactos espec\u00edficos por cultura ou atividade pecu\u00e1ria.<\/p>\n<p>A tend\u00eancia, segundo os \u00f3rg\u00e3os estaduais, \u00e9 de altern\u00e2ncia entre instabilidade e per\u00edodos de tempo firme ao longo da semana, com queda de temperatura no in\u00edcio do per\u00edodo seco e leve eleva\u00e7\u00e3o t\u00e9rmica a partir de ter\u00e7a-feira (5).<\/p>\n<p class=\"news-source\"><strong>Fonte:<\/strong> <a href=\"https:\/\/www.agricultura.rs.gov.br\/sexta-feira-e-sabado-devem-ter-chuvas-fracas\" target=\"_blank\" rel=\"noopener noreferrer\">agricultura.rs.gov.br<\/a><\/p>\n<p>O post <a href=\"https:\/\/www.canalrural.com.br\/previsao-do-tempo\/sistema-de-baixa-pressao-provoca-chuva-entre-sexta-feira-e-sabado\/\">Sistema de baixa press\u00e3o provoca chuva entre sexta-feira e s\u00e1bado<\/a> apareceu primeiro em <a href=\"https:\/\/www.canalrural.com.br\">Canal Rural<\/a>.<\/p>\n<p><br \/>\n<br \/><a href=\"https:\/\/www.canalrural.com.br\/previsao-do-tempo\/sistema-de-baixa-pressao-provoca-chuva-entre-sexta-feira-e-sabado\/\">Source link <\/a><\/p>\n","protected":false},"excerpt":{"rendered":"<p>Foto: Pixabay. O deslocamento de um sistema de baixa press\u00e3o deve provocar chuva no Rio Grande do Sul nesta sexta-feira<\/p>\n","protected":false},"author":1,"featured_media":27275,"comment_status":"open","ping_status":"open","sticky":false,"template":"","format":"standard","meta":{"_monsterinsights_skip_tracking":false,"_monsterinsights_sitenote_active":false,"_monsterinsights_sitenote_note":"","_monsterinsights_sitenote_category":0,"_uf_show_specific_survey":0,"_uf_disable_surveys":false,"footnotes":""},"categories":[1],"tags":[],"class_list":["post-30480","post","type-post","status-publish","format-standard","has-post-thumbnail","hentry","category-news"],"_links":{"self":[{"href":"https:\/\/agromt.news\/index.php?rest_route=\/wp\/v2\/posts\/30480"}],"collection":[{"href":"https:\/\/agromt.news\/index.php?rest_route=\/wp\/v2\/posts"}],"about":[{"href":"https:\/\/agromt.news\/index.php?rest_route=\/wp\/v2\/types\/post"}],"author":[{"embeddable":true,"href":"https:\/\/agromt.news\/index.php?rest_route=\/wp\/v2\/users\/1"}],"replies":[{"embeddable":true,"href":"https:\/\/agromt.news\/index.php?rest_route=%2Fwp%2Fv2%2Fcomments&post=30480"}],"version-history":[{"count":0,"href":"https:\/\/agromt.news\/index.php?rest_route=\/wp\/v2\/posts\/30480\/revisions"}],"wp:featuredmedia":[{"embeddable":true,"href":"https:\/\/agromt.news\/index.php?rest_route=\/wp\/v2\/media\/27275"}],"wp:attachment":[{"href":"https:\/\/agromt.news\/index.php?rest_route=%2Fwp%2Fv2%2Fmedia&parent=30480"}],"wp:term":[{"taxonomy":"category","embeddable":true,"href":"https:\/\/agromt.news\/index.php?rest_route=%2Fwp%2Fv2%2Fcategories&post=30480"},{"taxonomy":"post_tag","embeddable":true,"href":"https:\/\/agromt.news\/index.php?rest_route=%2Fwp%2Fv2%2Ftags&post=30480"}],"curies":[{"name":"wp","href":"https:\/\/api.w.org\/{rel}","templated":true}]}}