{"id":30479,"date":"2026-05-01T08:21:32","date_gmt":"2026-05-01T12:21:32","guid":{"rendered":"https:\/\/agromt.news\/?p=30479"},"modified":"2026-05-01T08:21:32","modified_gmt":"2026-05-01T12:21:32","slug":"acordo-mercosul-ue-entra-em-vigor-nesta-sexta-feira-entenda-o-que-muda-para-o-agro","status":"publish","type":"post","link":"https:\/\/agromt.news\/?p=30479","title":{"rendered":"Acordo Mercosul-UE entra em vigor nesta sexta-feira; entenda o que muda para o agro"},"content":{"rendered":"<p> <br \/>\n<\/p>\n<div>\n<figure><img decoding=\"async\" src=\"https:\/\/agromt.news\/wp-content\/uploads\/2026\/03\/Acordo-Mercosul-Uniao-Europeia-passa-a-valer-provisoriamente-a-partir-de.jpg\" alt=\"Foto criada por IA.\" \/><figcaption>Foto criada por IA.<\/figcaption><\/figure>\n<\/div>\n<p>Ap\u00f3s mais de duas d\u00e9cadas de negocia\u00e7\u00f5es, o Acordo Mercosul\u2013Uni\u00e3o Europeia entra em vigor de forma provis\u00f3ria nesta sexta-feira (1\u00ba). O tratado prev\u00ea a redu\u00e7\u00e3o gradual de tarifas para a maior parte dos produtos comercializados entre os dois blocos e deve impactar diretamente o agroneg\u00f3cio brasileiro.<\/p>\n<ul class=\"wp-block-list\">\n<li><em>Veja em primeira m\u00e3o tudo sobre agricultura, pecu\u00e1ria, economia e previs\u00e3o do tempo:<\/em><a href=\"https:\/\/news.google.com\/publications\/CAAqBwgKMPKZlQswq_mqAw?hl=pt-BR&amp;gl=BR&amp;ceid=BR%3Apt-419\" target=\"_blank\" rel=\"noreferrer noopener\"><em>\u00a0siga o Canal Rural no Google News!<\/em><\/a><\/li>\n<\/ul>\n<p>Considerado o maior acordo j\u00e1 firmado pelo Mercosul, o pacto abre novas oportunidades para exporta\u00e7\u00f5es, mas tamb\u00e9m aumenta a concorr\u00eancia com produtos europeus no mercado interno.<\/p>\n<h2 class=\"wp-block-heading\" id=\"h-reducao-de-tarifas-comeca-ja-no-primeiro-ano\">Redu\u00e7\u00e3o de tarifas come\u00e7a j\u00e1 no primeiro ano<\/h2>\n<p>Com a vig\u00eancia inicial, cerca de 39% dos produtos agropecu\u00e1rios brasileiros exportados para a Uni\u00e3o Europeia passam a ter tarifa zero j\u00e1 no primeiro ano.<\/p>\n<p>Ao longo do tempo, a tend\u00eancia \u00e9 de amplia\u00e7\u00e3o desse benef\u00edcio. A Uni\u00e3o Europeia deve eliminar tarifas para aproximadamente 93% dos produtos do Mercosul em at\u00e9 10 anos. J\u00e1 o Mercosul far\u00e1 o mesmo para cerca de 91% dos produtos europeus, em um prazo que pode chegar a 15 anos.<\/p>\n<h2 class=\"wp-block-heading\" id=\"h-mais-competitividade-mas-com-desafios\">Mais competitividade, mas com desafios<\/h2>\n<p>A redu\u00e7\u00e3o tarif\u00e1ria tende a tornar os produtos brasileiros mais competitivos no mercado europeu. Por outro lado, itens importados da Uni\u00e3o Europeia tamb\u00e9m devem chegar ao Brasil com pre\u00e7os mais baixos.<\/p>\n<p>Segundo a Confedera\u00e7\u00e3o da Agricultura e Pecu\u00e1ria do Brasil (CNA), o acordo cria um cen\u00e1rio de oportunidades, mas exige adapta\u00e7\u00e3o do setor.<\/p>\n<p>Entre os principais desafios est\u00e3o a necessidade de atender padr\u00f5es sanit\u00e1rios, t\u00e9cnicos e ambientais rigorosos, que continuam sendo definidos pela Uni\u00e3o Europeia e n\u00e3o foram flexibilizados pelo acordo.<\/p>\n<h2 class=\"wp-block-heading\" id=\"h-acesso-ao-mercado-depende-de-exigencias-sanitarias\">Acesso ao mercado depende de exig\u00eancias sanit\u00e1rias<\/h2>\n<p>Mesmo com tarifas reduzidas, nem todos os produtos ter\u00e3o acesso autom\u00e1tico ao mercado europeu.<\/p>\n<p>A exporta\u00e7\u00e3o depende do cumprimento de requisitos sanit\u00e1rios e da habilita\u00e7\u00e3o de estabelecimentos, como frigor\u00edficos, al\u00e9m da aprova\u00e7\u00e3o por autoridades europeias.<\/p>\n<p>Ou seja, a redu\u00e7\u00e3o de tarifas melhora as condi\u00e7\u00f5es comerciais, mas n\u00e3o substitui as exig\u00eancias regulat\u00f3rias.<\/p>\n<h2 class=\"wp-block-heading\" id=\"h-produtos-sensiveis-terao-transicao-gradual\">Produtos sens\u00edveis ter\u00e3o transi\u00e7\u00e3o gradual<\/h2>\n<p>Para evitar impactos bruscos, o acordo prev\u00ea regras espec\u00edficas para setores considerados sens\u00edveis.<\/p>\n<p>Nesses casos, a abertura ocorre de forma gradual, com uso de cotas tarif\u00e1rias e mecanismos de prote\u00e7\u00e3o, como salvaguardas, que permitem suspender benef\u00edcios em caso de preju\u00edzo \u00e0 produ\u00e7\u00e3o local.<\/p>\n<h2 class=\"wp-block-heading\" id=\"h-pequenos-produtores-tambem-podem-se-beneficiar\">Pequenos produtores tamb\u00e9m podem se beneficiar<\/h2>\n<p>A CNA destaca que o acordo pode gerar oportunidades indiretas para pequenos e m\u00e9dios produtores, principalmente por meio de cooperativas e agroind\u00fastrias exportadoras.<\/p>\n<p>Al\u00e9m disso, h\u00e1 previs\u00e3o de coopera\u00e7\u00e3o t\u00e9cnica e valoriza\u00e7\u00e3o de produtos regionais.<\/p>\n<h2 class=\"wp-block-heading\" id=\"h-vigencia-ainda-e-provisoria\">Vig\u00eancia ainda \u00e9 provis\u00f3ria<\/h2>\n<p>Apesar de j\u00e1 produzir efeitos comerciais, o acordo ainda precisa ser aprovado pelo Parlamento Europeu e pelos parlamentos nacionais dos pa\u00edses membros da Uni\u00e3o Europeia para entrar em vigor de forma definitiva.<\/p>\n<p>At\u00e9 l\u00e1, a aplica\u00e7\u00e3o ser\u00e1 gradual e sujeita ao andamento do processo pol\u00edtico no bloco europeu.<\/p>\n<h2 class=\"wp-block-heading\" id=\"h-novo-cenario-exige-planejamento\">Novo cen\u00e1rio exige planejamento<\/h2>\n<p>Com a entrada em vigor, o setor agropecu\u00e1rio passa a operar em um ambiente com maior previsibilidade comercial, mas tamb\u00e9m com mais exposi\u00e7\u00e3o \u00e0 concorr\u00eancia internacional.<\/p>\n<p>Especialistas apontam que fatores como produtividade, escala, rastreabilidade e acesso a cr\u00e9dito ser\u00e3o determinantes para que produtores consigam aproveitar os benef\u00edcios do acordo.<\/p>\n<p>O post <a href=\"https:\/\/www.canalrural.com.br\/agricultura\/acordo-mercosul-ue-entra-em-vigor-nesta-sexta-feira-entenda-o-que-muda-para-o-agro\/\">Acordo Mercosul-UE entra em vigor nesta sexta-feira; entenda o que muda para o agro<\/a> apareceu primeiro em <a href=\"https:\/\/www.canalrural.com.br\">Canal Rural<\/a>.<\/p>\n<p><br \/>\n<br \/><a href=\"https:\/\/www.canalrural.com.br\/agricultura\/acordo-mercosul-ue-entra-em-vigor-nesta-sexta-feira-entenda-o-que-muda-para-o-agro\/\">Source link <\/a><\/p>\n","protected":false},"excerpt":{"rendered":"<p>Foto criada por IA. Ap\u00f3s mais de duas d\u00e9cadas de negocia\u00e7\u00f5es, o Acordo Mercosul\u2013Uni\u00e3o Europeia entra em vigor de forma<\/p>\n","protected":false},"author":1,"featured_media":28124,"comment_status":"open","ping_status":"open","sticky":false,"template":"","format":"standard","meta":{"_monsterinsights_skip_tracking":false,"_monsterinsights_sitenote_active":false,"_monsterinsights_sitenote_note":"","_monsterinsights_sitenote_category":0,"_uf_show_specific_survey":0,"_uf_disable_surveys":false,"footnotes":""},"categories":[1],"tags":[],"class_list":["post-30479","post","type-post","status-publish","format-standard","has-post-thumbnail","hentry","category-news"],"_links":{"self":[{"href":"https:\/\/agromt.news\/index.php?rest_route=\/wp\/v2\/posts\/30479"}],"collection":[{"href":"https:\/\/agromt.news\/index.php?rest_route=\/wp\/v2\/posts"}],"about":[{"href":"https:\/\/agromt.news\/index.php?rest_route=\/wp\/v2\/types\/post"}],"author":[{"embeddable":true,"href":"https:\/\/agromt.news\/index.php?rest_route=\/wp\/v2\/users\/1"}],"replies":[{"embeddable":true,"href":"https:\/\/agromt.news\/index.php?rest_route=%2Fwp%2Fv2%2Fcomments&post=30479"}],"version-history":[{"count":0,"href":"https:\/\/agromt.news\/index.php?rest_route=\/wp\/v2\/posts\/30479\/revisions"}],"wp:featuredmedia":[{"embeddable":true,"href":"https:\/\/agromt.news\/index.php?rest_route=\/wp\/v2\/media\/28124"}],"wp:attachment":[{"href":"https:\/\/agromt.news\/index.php?rest_route=%2Fwp%2Fv2%2Fmedia&parent=30479"}],"wp:term":[{"taxonomy":"category","embeddable":true,"href":"https:\/\/agromt.news\/index.php?rest_route=%2Fwp%2Fv2%2Fcategories&post=30479"},{"taxonomy":"post_tag","embeddable":true,"href":"https:\/\/agromt.news\/index.php?rest_route=%2Fwp%2Fv2%2Ftags&post=30479"}],"curies":[{"name":"wp","href":"https:\/\/api.w.org\/{rel}","templated":true}]}}