{"id":30476,"date":"2026-05-01T04:54:30","date_gmt":"2026-05-01T08:54:30","guid":{"rendered":"https:\/\/agromt.news\/?p=30476"},"modified":"2026-05-01T04:54:30","modified_gmt":"2026-05-01T08:54:30","slug":"baldan-e-amcham-debatem-recuperacao-de-pastagens-degradadas-na-agrishow","status":"publish","type":"post","link":"https:\/\/agromt.news\/?p=30476","title":{"rendered":"Baldan e Amcham debatem recupera\u00e7\u00e3o de pastagens degradadas na Agrishow"},"content":{"rendered":"<p> <br \/>\n<\/p>\n<div>\n<p style=\"text-align:justify\">Diante do desafio global de alimentar uma popula\u00e7\u00e3o que deve alcan\u00e7ar 10 bilh\u00f5es de pessoas at\u00e9 2030, o Brasil se consolida como protagonista na seguran\u00e7a alimentar mundial. Com potencial para expandir sua produ\u00e7\u00e3o de forma limpa, sem a necessidade de derrubar novas \u00e1reas de floresta, o pa\u00eds aposta na recupera\u00e7\u00e3o de pastagens degradadas como caminho estrat\u00e9gico.&#13;\n<\/p>\n<p style=\"text-align:justify\">Diante deste cen\u00e1rio, o Comit\u00ea de Agroneg\u00f3cio da Amcham Brasil, em conjunto com a Baldan, promoveu um debate sobre o tema e trouxe como exemplo o projeto da empresa com a Embrapa sobre recupera\u00e7\u00e3o de pastagens degradadas e discutiu a viabilidade do aumento da produ\u00e7\u00e3o de maneira sustent\u00e1vel, sem desmatar novas \u00e1reas.<\/p>\n<p style=\"text-align:justify\">A conversa realizada no Espa\u00e7o Conhecimento, dentro do estande da companhia durante a Agrishow 2026, contou com a participa\u00e7\u00e3o de Emerson Borghi, pesquisador da Embrapa e refer\u00eancia no assunto, al\u00e9m de lideran\u00e7as e executivos do setor, em um painel conectado \u00e0 realidade do produtor.<\/p>\n<p style=\"text-align:justify\">Segundo o pesquisador, no Brasil, a recupera\u00e7\u00e3o dessas terras \u00e9 poss\u00edvel por meio da transforma\u00e7\u00e3o das \u00e1reas em sistemas ILPF (Integra\u00e7\u00e3o Lavoura-Pecu\u00e1ria-Floresta), que recupera a qualidade da forragem e aumenta o estoque de carbono no solo. Hoje, j\u00e1 s\u00e3o 17 milh\u00f5es de hectares de pastagem que utilizam alguma modalidade de ILPF (Integra\u00e7\u00e3o Lavoura-Pecu\u00e1ria-Floresta) e mais de 27 milh\u00f5es com potencial de convers\u00e3o. Os principais desafios, por\u00e9m, est\u00e3o relacionados \u00e0 assist\u00eancia t\u00e9cnica e \u00e0 capacita\u00e7\u00e3o pecuarista.&#13;\n<\/p>\n<p style=\"text-align:justify\">\u201cEssa transforma\u00e7\u00e3o \u00e9 muito ben\u00e9fica, pois promove melhor aproveitamento dos recursos naturais e maior produtividade por \u00e1rea, reduzindo desperd\u00edcios. Em resumo, torna a propriedade mais sustent\u00e1vel, algo cada vez mais valorizado na pecu\u00e1ria. Hoje, o consumidor quer saber mais sobre a cadeia de rastreabilidade: n\u00e3o apenas se a carne \u00e9 boa, mas o que o animal consumiu, como foi tratado e a quais insumos foi exposto\u201d, afirma Borghi.<\/p>\n<p style=\"text-align:justify\">Com o objetivo de transformar conhecimento cient\u00edfico em solu\u00e7\u00f5es pr\u00e1ticas para uma produ\u00e7\u00e3o agropecu\u00e1ria sustent\u00e1vel e rent\u00e1vel, a Embrapa e a Baldan estabeleceram uma parceria para validar a Integra\u00e7\u00e3o Lavoura-Pecu\u00e1ria (ILP) em sistema de plantio direto. A iniciativa promove boas pr\u00e1ticas, conhecimento t\u00e9cnico e solu\u00e7\u00f5es que contribuem para o aumento da produtividade com o uso de maquin\u00e1rio de \u00faltima gera\u00e7\u00e3o. O acordo est\u00e1 alinhado ao Programa Nacional de Convers\u00e3o de Pastagens Degradadas (PNCDP), que tem como meta restaurar 28 milh\u00f5es de hectares de \u00e1reas com degrada\u00e7\u00e3o intermedi\u00e1ria a severa.<\/p>\n<p style=\"text-align:justify\">O Espa\u00e7o Conhecimento da Baldan na Agrishow \u00e9 um ambiente dedicado \u00e0 troca de informa\u00e7\u00f5es qualificadas e ao debate de temas estruturantes para o futuro do agroneg\u00f3cio brasileiro. \u00c9 uma das diversas iniciativas da empresa na feira que refor\u00e7am o seu posicionamento como parceira estrat\u00e9gica do produtor rural.&#13;\n<\/p>\n<\/p><\/div>\n<p><script data-cfasync=\"false\">\n    !function (f, b, e, v, n, t, s) {\n        if (f.fbq) return; n = f.fbq = function () {\n            n.callMethod ?\n                n.callMethod.apply(n, arguments) : n.queue.push(arguments)\n        };\n        if (!f._fbq) f._fbq = n; n.push = n; n.loaded = !0; n.version = '2.0';\n        n.queue = []; t = b.createElement(e); t.async = !0;\n        t.src = v; s = b.getElementsByTagName(e)[0];\n        s.parentNode.insertBefore(t, s)\n    }(window, document, 'script',\n        'https:\/\/connect.facebook.net\/en_US\/fbevents.js');\n    fbq('init', '522546078623747');\n    fbq('track', 'PageView');\n<\/script><br \/>\n<br \/><br \/>\n<br \/><a href=\"https:\/\/www.agrolink.com.br\/noticias\/baldan-e-amcham-debatem-recuperacao-de-pastagens-degradadas-na-agrishow_513691.html\">Source link <\/a><\/p>\n","protected":false},"excerpt":{"rendered":"<p>Diante do desafio global de alimentar uma popula\u00e7\u00e3o que deve alcan\u00e7ar 10 bilh\u00f5es de pessoas at\u00e9 2030, o Brasil se<\/p>\n","protected":false},"author":1,"featured_media":30477,"comment_status":"open","ping_status":"open","sticky":false,"template":"","format":"standard","meta":{"_monsterinsights_skip_tracking":false,"_monsterinsights_sitenote_active":false,"_monsterinsights_sitenote_note":"","_monsterinsights_sitenote_category":0,"_uf_show_specific_survey":0,"_uf_disable_surveys":false,"footnotes":""},"categories":[8,1,14],"tags":[],"class_list":["post-30476","post","type-post","status-publish","format-standard","has-post-thumbnail","hentry","category-agro","category-news","category-politica-agro"],"_links":{"self":[{"href":"https:\/\/agromt.news\/index.php?rest_route=\/wp\/v2\/posts\/30476"}],"collection":[{"href":"https:\/\/agromt.news\/index.php?rest_route=\/wp\/v2\/posts"}],"about":[{"href":"https:\/\/agromt.news\/index.php?rest_route=\/wp\/v2\/types\/post"}],"author":[{"embeddable":true,"href":"https:\/\/agromt.news\/index.php?rest_route=\/wp\/v2\/users\/1"}],"replies":[{"embeddable":true,"href":"https:\/\/agromt.news\/index.php?rest_route=%2Fwp%2Fv2%2Fcomments&post=30476"}],"version-history":[{"count":0,"href":"https:\/\/agromt.news\/index.php?rest_route=\/wp\/v2\/posts\/30476\/revisions"}],"wp:featuredmedia":[{"embeddable":true,"href":"https:\/\/agromt.news\/index.php?rest_route=\/wp\/v2\/media\/30477"}],"wp:attachment":[{"href":"https:\/\/agromt.news\/index.php?rest_route=%2Fwp%2Fv2%2Fmedia&parent=30476"}],"wp:term":[{"taxonomy":"category","embeddable":true,"href":"https:\/\/agromt.news\/index.php?rest_route=%2Fwp%2Fv2%2Fcategories&post=30476"},{"taxonomy":"post_tag","embeddable":true,"href":"https:\/\/agromt.news\/index.php?rest_route=%2Fwp%2Fv2%2Ftags&post=30476"}],"curies":[{"name":"wp","href":"https:\/\/api.w.org\/{rel}","templated":true}]}}