{"id":30470,"date":"2026-04-30T21:09:36","date_gmt":"2026-05-01T01:09:36","guid":{"rendered":"https:\/\/agromt.news\/?p=30470"},"modified":"2026-04-30T21:09:36","modified_gmt":"2026-05-01T01:09:36","slug":"j-assy-acelera-crescimento-e-avanca-em-nova-fase-de-expansao-global","status":"publish","type":"post","link":"https:\/\/agromt.news\/?p=30470","title":{"rendered":"J.Assy acelera crescimento e avan\u00e7a em nova fase de expans\u00e3o global"},"content":{"rendered":"<p> <br \/>\n<\/p>\n<div>\n<p style=\"text-align:justify\">\u00c0 medida que se aproxima de tr\u00eas d\u00e9cadas de atua\u00e7\u00e3o no agroneg\u00f3cio, a J.Assy entra em um novo momento de maturidade, combinando a consolida\u00e7\u00e3o de sua opera\u00e7\u00e3o no Brasil com movimentos estrat\u00e9gicos de sucess\u00e3o e expans\u00e3o global. Fundada h\u00e1 29 anos, pelo agr\u00f4nomo Jos\u00e9 Roberto Assy, a empresa construiu sua trajet\u00f3ria de sucesso com foco no desenvolvimento de tecnologias para plantio de precis\u00e3o, mantendo uma estrutura independente e orientada \u00e0 efici\u00eancia no campo.&#13;\n<\/p>\n<p style=\"text-align:justify\">Hoje, a companhia opera com uma base s\u00f3lida distribu\u00edda em tr\u00eas unidades: sua matriz em Caldas Novas (GO) e dois centros de pesquisa e desenvolvimento, que concentra um time de cerca de 60 engenheiros, localizados em S\u00e3o Paulo e Curitiba. Esse ecossistema sustenta o avan\u00e7o cont\u00ednuo de solu\u00e7\u00f5es propriet\u00e1rias, com foco no aumento do rendimento operacional do plantio e na entrega de efici\u00eancia e robustez para o agricultor, refor\u00e7ando um modelo que integra engenharia, testes e aplica\u00e7\u00e3o pr\u00e1tica no campo.<\/p>\n<p style=\"text-align:center\"><img decoding=\"async\" class=\"img-fluid\" src=\"https:\/\/www.agrolink.com.br\/Upload\/noticias\/0614e1b7e1334cf29c3b103f54e7cbad.jpg\"\/><\/p>\n<p style=\"text-align:justify\"><strong>Sucess\u00e3o familiar eficiente marca nova etapa de evolu\u00e7\u00e3o da companhia com foco no longo prazo<\/strong><\/p>\n<p style=\"text-align:justify\">Esse momento tamb\u00e9m \u00e9 acompanhado por um movimento estruturado de sucess\u00e3o. O fundador, Jos\u00e9 Roberto Assy, inicia a passagem de lideran\u00e7a para seu filho, Matheus Assy, que assume como diretor de opera\u00e7\u00f5es da empresa. A transi\u00e7\u00e3o representa a continuidade de uma vis\u00e3o constru\u00edda ao longo de quase tr\u00eas d\u00e9cadas, agora combinada a uma agenda de evolu\u00e7\u00e3o organizacional e fortalecimento da gest\u00e3o.<\/p>\n<p style=\"text-align:justify\">Desde sua origem, a J.Assy foi estruturada como uma empresa independente, sem v\u00ednculo com acionistas e investidores externos para tomada de decis\u00e3o, o que permitiu uma atua\u00e7\u00e3o orientada ao longo prazo e centrada nas necessidades do cliente. Esse direcionamento permanece como pilar estrat\u00e9gico, enquanto a companhia avan\u00e7a em um processo cont\u00ednuo de profissionaliza\u00e7\u00e3o, com o objetivo de sustentar seu crescimento e ampliar sua competitividade em mercados cada vez mais exigentes.&#13;\n<\/p>\n<p style=\"text-align:justify\"><strong>Crescimento consistente e avan\u00e7o internacional refor\u00e7am posicionamento global<\/strong><\/p>\n<p style=\"text-align:justify\">Apesar de um cen\u00e1rio de desafios econ\u00f4micos e pol\u00edticos, a J.Assy foca na estrutura\u00e7\u00e3o do time de vendas e estudos de mercado para sustentar o crescimento no ano presente. Os resultados recentes refletem esse momento de evolu\u00e7\u00e3o.<\/p>\n<p style=\"text-align:justify\">No primeiro trimestre de 2026, a J.Assy registrou crescimento de 30% em rela\u00e7\u00e3o ao mesmo per\u00edodo do ano anterior, impulsionada pela demanda por tecnologias de precis\u00e3o e pela amplia\u00e7\u00e3o de sua presen\u00e7a internacional.<\/p>\n<p style=\"text-align:justify\">Nos Estados Unidos, a empresa projeta faturamento de US$ 3 milh\u00f5es ao longo de 2026, consolidando sua atua\u00e7\u00e3o em um dos mercados mais competitivos do mundo. Na Argentina, a tecnologia da companhia vem sendo incorporada por grandes fabricantes de implementos agr\u00edcolas, posicionando a J.Assy como fornecedora de solu\u00e7\u00f5es embarcadas, com equipamentos j\u00e1 saindo de f\u00e1brica com sua tecnologia como item de s\u00e9rie.<\/p>\n<p style=\"text-align:justify\">O avan\u00e7o global tamb\u00e9m inclui a abertura de novos mercados. Em 2025, a empresa iniciou a exporta\u00e7\u00e3o de suas solu\u00e7\u00f5es para companhias alem\u00e3s, marcando sua entrada na Europa. Para 2026, est\u00e3o previstos movimentos de expans\u00e3o para \u00c1frica, China e Austr\u00e1lia, ampliando o alcance da tecnologia brasileira em diferentes contextos agr\u00edcolas.<\/p>\n<p style=\"text-align:justify\">Esse conjunto de iniciativas refor\u00e7a o posicionamento da J.Assy como uma empresa que alia desenvolvimento tecnol\u00f3gico pr\u00f3prio, proximidade com o campo e capacidade de escala internacional, levando solu\u00e7\u00f5es de plantio de precis\u00e3o a diferentes regi\u00f5es do mundo.<br \/>&#13;<br \/>\n\u00a0&#13;\n<\/p>\n<\/p><\/div>\n<p><script data-cfasync=\"false\">\n    !function (f, b, e, v, n, t, s) {\n        if (f.fbq) return; n = f.fbq = function () {\n            n.callMethod ?\n                n.callMethod.apply(n, arguments) : n.queue.push(arguments)\n        };\n        if (!f._fbq) f._fbq = n; n.push = n; n.loaded = !0; n.version = '2.0';\n        n.queue = []; t = b.createElement(e); t.async = !0;\n        t.src = v; s = b.getElementsByTagName(e)[0];\n        s.parentNode.insertBefore(t, s)\n    }(window, document, 'script',\n        'https:\/\/connect.facebook.net\/en_US\/fbevents.js');\n    fbq('init', '522546078623747');\n    fbq('track', 'PageView');\n<\/script><br \/>\n<br \/><br \/>\n<br \/><a href=\"https:\/\/www.agrolink.com.br\/noticias\/j-assy-acelera-crescimento-e-avanca-em-nova-fase-de-expansao-global_513695.html\">Source link <\/a><\/p>\n","protected":false},"excerpt":{"rendered":"<p>\u00c0 medida que se aproxima de tr\u00eas d\u00e9cadas de atua\u00e7\u00e3o no agroneg\u00f3cio, a J.Assy entra em um novo momento de<\/p>\n","protected":false},"author":1,"featured_media":30471,"comment_status":"open","ping_status":"open","sticky":false,"template":"","format":"standard","meta":{"_monsterinsights_skip_tracking":false,"_monsterinsights_sitenote_active":false,"_monsterinsights_sitenote_note":"","_monsterinsights_sitenote_category":0,"_uf_show_specific_survey":0,"_uf_disable_surveys":false,"footnotes":""},"categories":[8,1,14],"tags":[],"class_list":["post-30470","post","type-post","status-publish","format-standard","has-post-thumbnail","hentry","category-agro","category-news","category-politica-agro"],"_links":{"self":[{"href":"https:\/\/agromt.news\/index.php?rest_route=\/wp\/v2\/posts\/30470"}],"collection":[{"href":"https:\/\/agromt.news\/index.php?rest_route=\/wp\/v2\/posts"}],"about":[{"href":"https:\/\/agromt.news\/index.php?rest_route=\/wp\/v2\/types\/post"}],"author":[{"embeddable":true,"href":"https:\/\/agromt.news\/index.php?rest_route=\/wp\/v2\/users\/1"}],"replies":[{"embeddable":true,"href":"https:\/\/agromt.news\/index.php?rest_route=%2Fwp%2Fv2%2Fcomments&post=30470"}],"version-history":[{"count":0,"href":"https:\/\/agromt.news\/index.php?rest_route=\/wp\/v2\/posts\/30470\/revisions"}],"wp:featuredmedia":[{"embeddable":true,"href":"https:\/\/agromt.news\/index.php?rest_route=\/wp\/v2\/media\/30471"}],"wp:attachment":[{"href":"https:\/\/agromt.news\/index.php?rest_route=%2Fwp%2Fv2%2Fmedia&parent=30470"}],"wp:term":[{"taxonomy":"category","embeddable":true,"href":"https:\/\/agromt.news\/index.php?rest_route=%2Fwp%2Fv2%2Fcategories&post=30470"},{"taxonomy":"post_tag","embeddable":true,"href":"https:\/\/agromt.news\/index.php?rest_route=%2Fwp%2Fv2%2Ftags&post=30470"}],"curies":[{"name":"wp","href":"https:\/\/api.w.org\/{rel}","templated":true}]}}