{"id":30468,"date":"2026-04-30T20:26:52","date_gmt":"2026-05-01T00:26:52","guid":{"rendered":"https:\/\/agromt.news\/?p=30468"},"modified":"2026-04-30T20:26:52","modified_gmt":"2026-05-01T00:26:52","slug":"alerta-de-temporais-no-nordeste-e-tempo-firme-no-centro-oeste","status":"publish","type":"post","link":"https:\/\/agromt.news\/?p=30468","title":{"rendered":"Alerta de temporais no Nordeste e tempo firme no Centro-Oeste"},"content":{"rendered":"<p> <br \/>\n<\/p>\n<div>\n<figure><img decoding=\"async\" src=\"https:\/\/agromt.news\/wp-content\/uploads\/2026\/04\/Alerta-de-temporais-no-Nordeste-e-tempo-firme-no-Centro-Oeste.jpg\" alt=\"\" \/><\/figure>\n<\/div>\n<p>Enquanto a regi\u00e3o central do Brasil apresenta tempo firme, o Nordeste enfrenta risco de temporais, com previs\u00e3o de chuvas intensas nos pr\u00f3ximos dias. A situa\u00e7\u00e3o clim\u00e1tica foi detalhada por Artur Miller no programa Rural Not\u00edcias.<\/p>\n<h2>Previs\u00e3o para o Nordeste<\/h2>\n<p>A previs\u00e3o indica que a Zona de Converg\u00eancia Intertropical (ZCIT) continuar\u00e1 a provocar chuvas significativas no norte do Maranh\u00e3o, Piau\u00ed e Cear\u00e1. Os acumulados podem ultrapassar 100 mm em cinco dias, especialmente entre os dias 6 e 10 de maio. A tend\u00eancia \u00e9 de chuvas volumosas na faixa litor\u00e2nea.<\/p>\n<ul>\n<li>Chuvas acumuladas podem ultrapassar 100 mm em 5 dias.<\/li>\n<li>Previs\u00e3o de 200 mm nos pr\u00f3ximos 30 dias na regi\u00e3o de Bacabal.<\/li>\n<li>Temperaturas m\u00e1ximas entre 28\u00ba e 30\u00ba.<\/li>\n<\/ul>\n<h2>Condi\u00e7\u00f5es no Centro-Oeste<\/h2>\n<p>No Centro-Oeste, a previs\u00e3o \u00e9 de tempo quente e seco, sem chuvas significativas, exceto na por\u00e7\u00e3o oeste de Mato Grosso. Entre os dias 6 e 10 de maio, a expectativa \u00e9 de chuvas mal distribu\u00eddas na regi\u00e3o noroeste do estado.<\/p>\n<ul>\n<li>Temperaturas m\u00e1ximas podem chegar a 35\u00ba em Mato Grosso.<\/li>\n<li>Previs\u00e3o de chuvas irregulares na primeira quinzena de maio.<\/li>\n<li>Temperaturas devem oscilar entre 28\u00ba e 33\u00ba at\u00e9 o dia 20.<\/li>\n<\/ul>\n<h2>Impactos na Regi\u00e3o Sul<\/h2>\n<p>Uma frente fria est\u00e1 prevista para avan\u00e7ar sobre a regi\u00e3o Sul, trazendo temporais ao Rio Grande do Sul, com possibilidade de queda de granizo e rajadas de vento intensas. O amanhecer na regi\u00e3o j\u00e1 registra temperaturas de 14\u00ba, mas o calor persiste em outras \u00e1reas.<\/p>\n<ul>\n<li>Frente fria deve trazer chuvas e queda de granizo no Sul.<\/li>\n<li>Temperaturas em S\u00e3o Paulo devem cair para 21\u00ba no domingo.<\/li>\n<\/ul>\n<p>O post <a href=\"https:\/\/www.canalrural.com.br\/videos\/alerta-de-temporais-no-nordeste-e-tempo-firme-no-centro-oeste\/\">Alerta de temporais no Nordeste e tempo firme no Centro-Oeste<\/a> apareceu primeiro em <a href=\"https:\/\/www.canalrural.com.br\">Canal Rural<\/a>.<\/p>\n<p><br \/>\n<br \/><a href=\"https:\/\/www.canalrural.com.br\/videos\/alerta-de-temporais-no-nordeste-e-tempo-firme-no-centro-oeste\/\">Source link <\/a><\/p>\n","protected":false},"excerpt":{"rendered":"<p>Enquanto a regi\u00e3o central do Brasil apresenta tempo firme, o Nordeste enfrenta risco de temporais, com previs\u00e3o de chuvas intensas<\/p>\n","protected":false},"author":1,"featured_media":30469,"comment_status":"open","ping_status":"open","sticky":false,"template":"","format":"standard","meta":{"_monsterinsights_skip_tracking":false,"_monsterinsights_sitenote_active":false,"_monsterinsights_sitenote_note":"","_monsterinsights_sitenote_category":0,"_uf_show_specific_survey":0,"_uf_disable_surveys":false,"footnotes":""},"categories":[1],"tags":[],"class_list":["post-30468","post","type-post","status-publish","format-standard","has-post-thumbnail","hentry","category-news"],"_links":{"self":[{"href":"https:\/\/agromt.news\/index.php?rest_route=\/wp\/v2\/posts\/30468"}],"collection":[{"href":"https:\/\/agromt.news\/index.php?rest_route=\/wp\/v2\/posts"}],"about":[{"href":"https:\/\/agromt.news\/index.php?rest_route=\/wp\/v2\/types\/post"}],"author":[{"embeddable":true,"href":"https:\/\/agromt.news\/index.php?rest_route=\/wp\/v2\/users\/1"}],"replies":[{"embeddable":true,"href":"https:\/\/agromt.news\/index.php?rest_route=%2Fwp%2Fv2%2Fcomments&post=30468"}],"version-history":[{"count":0,"href":"https:\/\/agromt.news\/index.php?rest_route=\/wp\/v2\/posts\/30468\/revisions"}],"wp:featuredmedia":[{"embeddable":true,"href":"https:\/\/agromt.news\/index.php?rest_route=\/wp\/v2\/media\/30469"}],"wp:attachment":[{"href":"https:\/\/agromt.news\/index.php?rest_route=%2Fwp%2Fv2%2Fmedia&parent=30468"}],"wp:term":[{"taxonomy":"category","embeddable":true,"href":"https:\/\/agromt.news\/index.php?rest_route=%2Fwp%2Fv2%2Fcategories&post=30468"},{"taxonomy":"post_tag","embeddable":true,"href":"https:\/\/agromt.news\/index.php?rest_route=%2Fwp%2Fv2%2Ftags&post=30468"}],"curies":[{"name":"wp","href":"https:\/\/api.w.org\/{rel}","templated":true}]}}