{"id":30455,"date":"2026-04-30T19:03:44","date_gmt":"2026-04-30T23:03:44","guid":{"rendered":"https:\/\/agromt.news\/?p=30455"},"modified":"2026-04-30T19:03:44","modified_gmt":"2026-04-30T23:03:44","slug":"mercado-do-boi-gordo-tem-ritmo-lento-na-vespera-de-feriado-e-industrias-recuam-das-compras","status":"publish","type":"post","link":"https:\/\/agromt.news\/?p=30455","title":{"rendered":"Mercado do boi gordo tem ritmo lento na v\u00e9spera de feriado e ind\u00fastrias recuam das compras"},"content":{"rendered":"<p> <br \/>\n<\/p>\n<div>\n<figure><img decoding=\"async\" src=\"https:\/\/agromt.news\/wp-content\/uploads\/2025\/04\/confira-as-cotacoes-pelo-Brasil-no-fechamento-de-mercado.jpg\" alt=\"boi gordo\" \/><figcaption>Foto: Secretaria de Agricultura de S\u00e3o Paulo<\/figcaption><\/figure>\n<\/div>\n<p>O <a href=\"https:\/\/www.canalrural.com.br\/?s=mercado+f%C3%ADsico+do+boi+gordo\">mercado f\u00edsico do boi gordo<\/a> encerrou a semana com movimenta\u00e7\u00e3o reduzida, t\u00edpica da v\u00e9spera de feriado, e com frigor\u00edficos mais cautelosos na compra de animais. Muitas ind\u00fastrias optaram por se afastar temporariamente das negocia\u00e7\u00f5es, avaliando estrat\u00e9gias para o curt\u00edssimo prazo diante de um cen\u00e1rio de oferta mais confort\u00e1vel em algumas regi\u00f5es.<\/p>\n<p>O alongamento das escalas de abate j\u00e1 \u00e9 percebido em diversos estados, especialmente em Goi\u00e1s e Minas Gerais, onde a qualidade das pastagens \u00e9 mais limitada. Nessas regi\u00f5es, a maior necessidade de venda por parte dos pecuaristas contribui para um fluxo maior de animais. Em contrapartida, no Mato Grosso e no Norte do pa\u00eds, onde as pastagens seguem mais vigorosas, a oferta \u00e9 mais restrita e as escalas ainda s\u00e3o consideradas menos confort\u00e1veis para as ind\u00fastrias.<\/p>\n<ul class=\"wp-block-list\">\n<li><em><strong>Veja em primeira m\u00e3o tudo sobre agricultura, pecu\u00e1ria, economia e previs\u00e3o do tempo: <\/strong><\/em><a href=\"https:\/\/news.google.com\/publications\/CAAqBwgKMPKZlQswq_mqAw?hl=pt-BR&amp;gl=BR&amp;ceid=BR%3Apt-419\"><strong><em>siga o Canal Rural no Google News!<\/em><\/strong><\/a><\/li>\n<\/ul>\n<p>Este cen\u00e1rio tamb\u00e9m segue atento ao cen\u00e1rio internacional, principalmente \u00e0 evolu\u00e7\u00e3o da demanda da China e ao avan\u00e7o da cota de importa\u00e7\u00e3o do pa\u00eds asi\u00e1tico. A expectativa \u00e9 de exporta\u00e7\u00f5es mais fracas no terceiro trimestre, per\u00edodo que coincide com maior disponibilidade de animais confinados no Brasil, o que pode pressionar ainda mais os pre\u00e7os.<\/p>\n<h2 class=\"wp-block-heading\" id=\"h-precos-do-boi-gordo-no-brasil\"><strong>Pre\u00e7os do boi gordo no Brasil<\/strong><\/h2>\n<ul class=\"wp-block-list\">\n<li> <strong>S\u00e3o Paulo (SP):<\/strong> R$ 354,33 (modalidade a prazo)<\/li>\n<li><strong>Goi\u00e1s (GO):<\/strong> R$ 339,36 <\/li>\n<li> <strong>Minas Gerais (MG):<\/strong> R$ 355,86 <\/li>\n<li><strong>Mato Grosso do Sul (MS): <\/strong>R$ 349,43 <\/li>\n<li> <strong>Mato Grosso (MT):<\/strong> R$ 355,27 <\/li>\n<\/ul>\n<h2 class=\"wp-block-heading\" id=\"h-atacado\">Atacado <\/h2>\n<p>No mercado atacadista, os pre\u00e7os da carne bovina seguem acomodados, refletindo um consumo mais fraco na segunda quinzena do m\u00eas. H\u00e1 pouco espa\u00e7o para reajustes no curto prazo, especialmente diante da perda de competitividade frente a prote\u00ednas mais baratas, como a carne de frango. O quarto dianteiro permanece em R$ 23,50 por quilo, o quarto traseiro em R$ 28,50 e a ponta de agulha em R$ 21,50.<\/p>\n<h2 class=\"wp-block-heading\" id=\"h-cambio\">C\u00e2mbio <\/h2>\n<p>No c\u00e2mbio, o d\u00f3lar comercial fechou a sess\u00e3o em leve queda, cotado a R$ 4,9933 para venda e R$ 4,9813 para compra. Ao longo do dia, a moeda oscilou entre R$ 4,9502 e R$ 4,9922, acumulando desvaloriza\u00e7\u00e3o de 0,54% na semana, fator que tamb\u00e9m influencia a competitividade das exporta\u00e7\u00f5es brasileiras de carne bovina.<\/p>\n<p>O post <a href=\"https:\/\/www.canalrural.com.br\/pecuaria\/mercado-do-boi-gordo-tem-ritmo-lento-na-vespera-de-feriado-e-industrias-recuam-das-compras\/\">Mercado do boi gordo tem ritmo lento na v\u00e9spera de feriado e ind\u00fastrias recuam das compras<\/a> apareceu primeiro em <a href=\"https:\/\/www.canalrural.com.br\">Canal Rural<\/a>.<\/p>\n<p><br \/>\n<br \/><a href=\"https:\/\/www.canalrural.com.br\/pecuaria\/mercado-do-boi-gordo-tem-ritmo-lento-na-vespera-de-feriado-e-industrias-recuam-das-compras\/\">Source link <\/a><\/p>\n","protected":false},"excerpt":{"rendered":"<p>Foto: Secretaria de Agricultura de S\u00e3o Paulo O mercado f\u00edsico do boi gordo encerrou a semana com movimenta\u00e7\u00e3o reduzida, t\u00edpica<\/p>\n","protected":false},"author":1,"featured_media":27769,"comment_status":"open","ping_status":"open","sticky":false,"template":"","format":"standard","meta":{"_monsterinsights_skip_tracking":false,"_monsterinsights_sitenote_active":false,"_monsterinsights_sitenote_note":"","_monsterinsights_sitenote_category":0,"_uf_show_specific_survey":0,"_uf_disable_surveys":false,"footnotes":""},"categories":[1],"tags":[],"class_list":["post-30455","post","type-post","status-publish","format-standard","has-post-thumbnail","hentry","category-news"],"_links":{"self":[{"href":"https:\/\/agromt.news\/index.php?rest_route=\/wp\/v2\/posts\/30455"}],"collection":[{"href":"https:\/\/agromt.news\/index.php?rest_route=\/wp\/v2\/posts"}],"about":[{"href":"https:\/\/agromt.news\/index.php?rest_route=\/wp\/v2\/types\/post"}],"author":[{"embeddable":true,"href":"https:\/\/agromt.news\/index.php?rest_route=\/wp\/v2\/users\/1"}],"replies":[{"embeddable":true,"href":"https:\/\/agromt.news\/index.php?rest_route=%2Fwp%2Fv2%2Fcomments&post=30455"}],"version-history":[{"count":0,"href":"https:\/\/agromt.news\/index.php?rest_route=\/wp\/v2\/posts\/30455\/revisions"}],"wp:featuredmedia":[{"embeddable":true,"href":"https:\/\/agromt.news\/index.php?rest_route=\/wp\/v2\/media\/27769"}],"wp:attachment":[{"href":"https:\/\/agromt.news\/index.php?rest_route=%2Fwp%2Fv2%2Fmedia&parent=30455"}],"wp:term":[{"taxonomy":"category","embeddable":true,"href":"https:\/\/agromt.news\/index.php?rest_route=%2Fwp%2Fv2%2Fcategories&post=30455"},{"taxonomy":"post_tag","embeddable":true,"href":"https:\/\/agromt.news\/index.php?rest_route=%2Fwp%2Fv2%2Ftags&post=30455"}],"curies":[{"name":"wp","href":"https:\/\/api.w.org\/{rel}","templated":true}]}}