{"id":30453,"date":"2026-04-30T18:07:24","date_gmt":"2026-04-30T22:07:24","guid":{"rendered":"https:\/\/agromt.news\/?p=30453"},"modified":"2026-04-30T18:07:24","modified_gmt":"2026-04-30T22:07:24","slug":"acordo-mercosul-ue-deve-ampliar-exportacoes-brasileiras-em-us-1-bi-no-primeiro-ano-estima-apexbrasil","status":"publish","type":"post","link":"https:\/\/agromt.news\/?p=30453","title":{"rendered":"Acordo Mercosul\u2013UE deve ampliar exporta\u00e7\u00f5es brasileiras em US$ 1 bi no primeiro ano, estima ApexBrasil"},"content":{"rendered":"<p> <br \/>\n<\/p>\n<div>\n<figure><img decoding=\"async\" src=\"https:\/\/agromt.news\/wp-content\/uploads\/2026\/04\/Acordo-Mercosul\u2013UE-deve-ampliar-exportacoes-brasileiras-em-US-1-bi.jpeg\" alt=\"Presidente da ApexBrasil Laudemir Muller foto Aarao Prado ApexBrasil\" \/><figcaption>Laudemir Muller, presidente da ApexBrasil. Foto: Aar\u00e3o Prado\/ApexBrasil<\/figcaption><\/figure>\n<\/div>\n<p>A entrada em vigor do <strong><a href=\"http:\/\/www.canalrural.com.br\/tag\/mercosul-ue\/\" id=\"www.canalrural.com.br\/tag\/mercosul-ue\/\">acordo comercial entre Mercosul e Uni\u00e3o Europeia<\/a><\/strong> passa a alterar o fluxo de com\u00e9rcio entre os blocos a partir desta semana. Com a medida, cerca de 5 mil produtos do Mercosul passam a acessar o mercado europeu com tarifa zero ou reduzida.<\/p>\n<p>A estimativa da Ag\u00eancia Brasileira de Promo\u00e7\u00e3o de Exporta\u00e7\u00f5es e Investimentos (ApexBrasil) \u00e9 que o Brasil amplie suas exporta\u00e7\u00f5es para a Europa em at\u00e9 US$ 1 bilh\u00e3o no primeiro ano de vig\u00eancia. O c\u00e1lculo considera um grupo de 543 produtos com maior potencial de ganho imediato.<\/p>\n<p>Segundo o presidente da ApexBrasil, Laudemir Muller, a redu\u00e7\u00e3o de tarifas deve ter efeito direto sobre a competitividade dos produtos brasileiros. A partir da entrada em vigor, itens que antes pagavam impostos passam a acessar o mercado europeu em condi\u00e7\u00f5es mais favor\u00e1veis.<\/p>\n<ul class=\"wp-block-list\">\n<li><em>Receba no seu celular atualiza\u00e7\u00f5es em tempo real, enquetes interativas e tudo o que impacta o dia a dia no campo:<\/em><a href=\"https:\/\/whatsapp.com\/channel\/0029Va9VnZxGk1FplZjiW43k\"><em> <\/em><strong><em>entre agora no Whatsapp do Canal Rural!<\/em><\/strong><\/a>\u00a0<\/li>\n<\/ul>\n<h3 class=\"wp-block-heading\" id=\"h-acesso-a-mercado-estrategico\">Acesso a mercado estrat\u00e9gico<\/h3>\n<p>A Uni\u00e3o Europeia re\u00fane um Produto Interno Bruto estimado em US$ 20 trilh\u00f5es e \u00e9 o segundo maior importador global. Os pa\u00edses do bloco compram cerca de US$ 7,4 trilh\u00f5es por ano, sendo mais de US$ 3 trilh\u00f5es provenientes de fora da regi\u00e3o.<\/p>\n<p>O mercado europeu \u00e9 cerca de nove vezes maior que o do Mercosul. O acordo tamb\u00e9m prev\u00ea uma abertura mais r\u00e1pida para os pa\u00edses sul-americanos. Cerca de 54% das exporta\u00e7\u00f5es do Mercosul passam a ter tarifa zero de forma imediata, enquanto aproximadamente 10% dos produtos europeus ter\u00e3o o mesmo benef\u00edcio no acesso ao mercado do bloco.<\/p>\n<p>Entre os setores com maior potencial de crescimento est\u00e3o aeronaves, motores e geradores el\u00e9tricos, couro, uvas e mel. De acordo com a ApexBrasil, mesmo redu\u00e7\u00f5es tarif\u00e1rias menores podem influenciar a concretiza\u00e7\u00e3o de neg\u00f3cios em mercados competitivos.<\/p>\n<h3 class=\"wp-block-heading\" id=\"h-promocao-comercial\">Promo\u00e7\u00e3o comercial<\/h3>\n<p>Para ampliar os resultados, a ApexBrasil prev\u00ea intensificar a\u00e7\u00f5es de promo\u00e7\u00e3o comercial. Entre as medidas est\u00e3o a realiza\u00e7\u00e3o de rodadas de neg\u00f3cios no Brasil, com a participa\u00e7\u00e3o de compradores europeus, e o refor\u00e7o da presen\u00e7a de empresas brasileiras em feiras e eventos na Europa.<\/p>\n<p>A estrat\u00e9gia tamb\u00e9m inclui a\u00e7\u00f5es voltadas \u00e0 promo\u00e7\u00e3o da imagem dos produtos brasileiros e apoio \u00e0 inser\u00e7\u00e3o de pequenos produtores, cooperativas e empresas da bioeconomia no mercado europeu.<\/p>\n<h3 class=\"wp-block-heading\" id=\"h-impactos-ao-longo-do-tempo\">Impactos ao longo do tempo<\/h3>\n<p>Os efeitos imediatos devem ser percebidos principalmente pelas empresas exportadoras. J\u00e1 os impactos para consumidores tendem a ocorrer de forma gradual, conforme os fluxos comerciais se ajustam.<\/p>\n<p>A expectativa \u00e9 de que os ganhos se ampliem ao longo dos pr\u00f3ximos anos, \u00e0 medida que novas redu\u00e7\u00f5es tarif\u00e1rias entrem em vigor e o acordo avance em sua implementa\u00e7\u00e3o.<\/p>\n<p>O post <a href=\"https:\/\/www.canalrural.com.br\/agricultura\/acordo-mercosul-ue-deve-ampliar-exportacoes-brasileiras-em-us-1-bi-no-primeiro-ano-estima-apexbrasil\/\">Acordo Mercosul\u2013UE deve ampliar exporta\u00e7\u00f5es brasileiras em US$ 1 bi no primeiro ano, estima ApexBrasil<\/a> apareceu primeiro em <a href=\"https:\/\/www.canalrural.com.br\">Canal Rural<\/a>.<\/p>\n<p><br \/>\n<br \/><a href=\"https:\/\/www.canalrural.com.br\/agricultura\/acordo-mercosul-ue-deve-ampliar-exportacoes-brasileiras-em-us-1-bi-no-primeiro-ano-estima-apexbrasil\/\">Source link <\/a><\/p>\n","protected":false},"excerpt":{"rendered":"<p>Laudemir Muller, presidente da ApexBrasil. Foto: Aar\u00e3o Prado\/ApexBrasil A entrada em vigor do acordo comercial entre Mercosul e Uni\u00e3o Europeia<\/p>\n","protected":false},"author":1,"featured_media":30454,"comment_status":"open","ping_status":"open","sticky":false,"template":"","format":"standard","meta":{"_monsterinsights_skip_tracking":false,"_monsterinsights_sitenote_active":false,"_monsterinsights_sitenote_note":"","_monsterinsights_sitenote_category":0,"_uf_show_specific_survey":0,"_uf_disable_surveys":false,"footnotes":""},"categories":[1],"tags":[],"class_list":["post-30453","post","type-post","status-publish","format-standard","has-post-thumbnail","hentry","category-news"],"_links":{"self":[{"href":"https:\/\/agromt.news\/index.php?rest_route=\/wp\/v2\/posts\/30453"}],"collection":[{"href":"https:\/\/agromt.news\/index.php?rest_route=\/wp\/v2\/posts"}],"about":[{"href":"https:\/\/agromt.news\/index.php?rest_route=\/wp\/v2\/types\/post"}],"author":[{"embeddable":true,"href":"https:\/\/agromt.news\/index.php?rest_route=\/wp\/v2\/users\/1"}],"replies":[{"embeddable":true,"href":"https:\/\/agromt.news\/index.php?rest_route=%2Fwp%2Fv2%2Fcomments&post=30453"}],"version-history":[{"count":0,"href":"https:\/\/agromt.news\/index.php?rest_route=\/wp\/v2\/posts\/30453\/revisions"}],"wp:featuredmedia":[{"embeddable":true,"href":"https:\/\/agromt.news\/index.php?rest_route=\/wp\/v2\/media\/30454"}],"wp:attachment":[{"href":"https:\/\/agromt.news\/index.php?rest_route=%2Fwp%2Fv2%2Fmedia&parent=30453"}],"wp:term":[{"taxonomy":"category","embeddable":true,"href":"https:\/\/agromt.news\/index.php?rest_route=%2Fwp%2Fv2%2Fcategories&post=30453"},{"taxonomy":"post_tag","embeddable":true,"href":"https:\/\/agromt.news\/index.php?rest_route=%2Fwp%2Fv2%2Ftags&post=30453"}],"curies":[{"name":"wp","href":"https:\/\/api.w.org\/{rel}","templated":true}]}}