{"id":30431,"date":"2026-04-30T14:08:40","date_gmt":"2026-04-30T18:08:40","guid":{"rendered":"https:\/\/agromt.news\/?p=30431"},"modified":"2026-04-30T14:08:40","modified_gmt":"2026-04-30T18:08:40","slug":"monitoramento-da-ferrugem-asiatica-da-soja-25-26-e-concluido-no-rs","status":"publish","type":"post","link":"https:\/\/agromt.news\/?p=30431","title":{"rendered":"Monitoramento da ferrugem asi\u00e1tica da soja 25\/26 \u00e9 conclu\u00eddo no RS"},"content":{"rendered":"<p> <br \/>\n<\/p>\n<div>\n<figure><img decoding=\"async\" src=\"https:\/\/agromt.news\/wp-content\/uploads\/2025\/07\/Produtores-reforcam-combate-a-soja-tiguera-para-evitar-ferrugem-e.png\" alt=\"\" \/><figcaption>Foto: Ferrugem Asi\u00e1tica\/Canal Rural <\/figcaption><\/figure>\n<\/div>\n<p>O programa Monitora Ferrugem RS encerrou as atividades de monitoramento da safra 2025\/2026 no Rio Grande do Sul, voltadas \u00e0 detec\u00e7\u00e3o do fungo <em>Phakopsora pachyrhizi<\/em>, causador da<a href=\"https:\/\/www.canalrural.com.br\/?s=ferrugem+asi%C3%A1tica+\"> ferrugem asi\u00e1tica da soja<\/a>. Nesta edi\u00e7\u00e3o, o trabalho foi ampliado para 95 munic\u00edpios ga\u00fachos, com a aquisi\u00e7\u00e3o de mais 20 coletores de esporos, fortalecendo a rede de acompanhamento da doen\u00e7a no estado. Os dados s\u00e3o da Secretaria da Agricultura, Pecu\u00e1ria, Produ\u00e7\u00e3o Sustent\u00e1vel e Irriga\u00e7\u00e3o (<a href=\"https:\/\/www.agricultura.rs.gov.br\/inicial\">Seapi<\/a>). <\/p>\n<ul class=\"wp-block-list\">\n<li><strong><em>Fique por dentro das principais not\u00edcias sobre a soja: <a href=\"https:\/\/chat.whatsapp.com\/BmMRwA0TZ2DHGyhzoaVEWu\">acesse a comunidade Soja Brasil no WhatsApp! <\/a><\/em><\/strong><\/li>\n<\/ul>\n<p>O monitoramento teve in\u00edcio em outubro de 2025, em sincronia com o calend\u00e1rio de semeadura da cultura, e se estendeu por 23 semanas. Durante esse per\u00edodo, foram disponibilizados semanalmente, no site do programa, mapas de distribui\u00e7\u00e3o de ured\u00f3sporos do fungo nos munic\u00edpios monitorados, al\u00e9m de mapas de risco clim\u00e1tico para a ocorr\u00eancia da doen\u00e7a.<\/p>\n<p>Segundo a pesquisadora Andr\u00e9ia Mara Rotta de Oliveira, do Departamento de Diagn\u00f3stico e Pesquisa Agropecu\u00e1ria da Secretaria da Agricultura, Pecu\u00e1ria, Produ\u00e7\u00e3o Sustent\u00e1vel e Irriga\u00e7\u00e3o (DDPA\/Seapi), a ocorr\u00eancia da ferrugem asi\u00e1tica \u00e9 fortemente influenciada pelas condi\u00e7\u00f5es ambientais. O fungo depende da presen\u00e7a de \u00e1gua livre na superf\u00edcie das folhas e de temperaturas entre 15\u00b0C e 25\u00b0C para se desenvolver.<\/p>\n<p>Na safra 2025\/2026, o cen\u00e1rio clim\u00e1tico no Rio Grande do Sul apresentou varia\u00e7\u00f5es importantes. Houve registro de chuvas acima da m\u00e9dia em grande parte do estado durante setembro, al\u00e9m de temperaturas elevadas na primavera. J\u00e1 no ver\u00e3o, com exce\u00e7\u00e3o de dezembro, que foi extremamente chuvoso, janeiro e fevereiro tiveram redu\u00e7\u00e3o das precipita\u00e7\u00f5es, acompanhada de temperaturas elevadas, caracter\u00edsticas da esta\u00e7\u00e3o.<\/p>\n<p>De acordo com a pesquisadora, esse comportamento clim\u00e1tico contribuiu diretamente para a conten\u00e7\u00e3o da doen\u00e7a. \u201cA baixa disponibilidade de \u00e1gua e a sequ\u00eancia de dias sem chuva nesses meses contribu\u00edram para a conten\u00e7\u00e3o dos focos de ferrugem asi\u00e1tica no estado\u201d, avalia.<\/p>\n<p>Atualmente, a equipe do programa realiza a sistematiza\u00e7\u00e3o e an\u00e1lise dos dados coletados, que ir\u00e3o subsidiar a publica\u00e7\u00e3o de uma circular t\u00e9cnica com os resultados consolidados da safra.<\/p>\n<h2 class=\"wp-block-heading\" id=\"h-vazio-sanitario-da-soja\">Vazio sanit\u00e1rio da soja <\/h2>\n<p>O Rio Grande do Sul entra no per\u00edodo de vazio sanit\u00e1rio da soja a partir de 3 de julho, com t\u00e9rmino em 30 de setembro, em todas as regi\u00f5es. Nesse intervalo, \u00e9 proibida a presen\u00e7a de plantas de soja no campo, sejam volunt\u00e1rias ou cultivadas, em qualquer fase de desenvolvimento.<\/p>\n<p>Durante o vazio sanit\u00e1rio, o programa seguir\u00e1 com o planejamento das a\u00e7\u00f5es para a pr\u00f3xima safra, 2026\/2027, com previs\u00e3o de retomada do monitoramento em outubro.<\/p>\n<h2 class=\"wp-block-heading\" id=\"h-sobre-o-monitora-ferrugem-rs\">Sobre o Monitora Ferrugem RS <\/h2>\n<p>Criado em 2019 e conduzido pela Seapi em parceria com a Emater\/RS-Ascar, o Monitora Ferrugem RS realiza o acompanhamento da presen\u00e7a de esporos da ferrugem asi\u00e1tica da soja associado \u00e0s condi\u00e7\u00f5es clim\u00e1ticas, oferecendo um diagn\u00f3stico regionalizado sobre o risco da doen\u00e7a e contribuindo para a tomada de decis\u00e3o no campo.<\/p>\n<p>O post <a href=\"https:\/\/www.canalrural.com.br\/agricultura\/projeto-soja-brasil\/monitoramento-da-ferrugem-asiatica-da-soja-e-concluido-no-rs-com-cobertura-ampliada\/\">Monitoramento da ferrugem asi\u00e1tica da soja 25\/26 \u00e9 conclu\u00eddo no RS<\/a> apareceu primeiro em <a href=\"https:\/\/www.canalrural.com.br\">Canal Rural<\/a>.<\/p>\n<p><br \/>\n<br \/><a href=\"https:\/\/www.canalrural.com.br\/agricultura\/projeto-soja-brasil\/monitoramento-da-ferrugem-asiatica-da-soja-e-concluido-no-rs-com-cobertura-ampliada\/\">Source link <\/a><\/p>\n","protected":false},"excerpt":{"rendered":"<p>Foto: Ferrugem Asi\u00e1tica\/Canal Rural O programa Monitora Ferrugem RS encerrou as atividades de monitoramento da safra 2025\/2026 no Rio Grande<\/p>\n","protected":false},"author":1,"featured_media":30432,"comment_status":"open","ping_status":"open","sticky":false,"template":"","format":"standard","meta":{"_monsterinsights_skip_tracking":false,"_monsterinsights_sitenote_active":false,"_monsterinsights_sitenote_note":"","_monsterinsights_sitenote_category":0,"_uf_show_specific_survey":0,"_uf_disable_surveys":false,"footnotes":""},"categories":[1],"tags":[],"class_list":["post-30431","post","type-post","status-publish","format-standard","has-post-thumbnail","hentry","category-news"],"_links":{"self":[{"href":"https:\/\/agromt.news\/index.php?rest_route=\/wp\/v2\/posts\/30431"}],"collection":[{"href":"https:\/\/agromt.news\/index.php?rest_route=\/wp\/v2\/posts"}],"about":[{"href":"https:\/\/agromt.news\/index.php?rest_route=\/wp\/v2\/types\/post"}],"author":[{"embeddable":true,"href":"https:\/\/agromt.news\/index.php?rest_route=\/wp\/v2\/users\/1"}],"replies":[{"embeddable":true,"href":"https:\/\/agromt.news\/index.php?rest_route=%2Fwp%2Fv2%2Fcomments&post=30431"}],"version-history":[{"count":0,"href":"https:\/\/agromt.news\/index.php?rest_route=\/wp\/v2\/posts\/30431\/revisions"}],"wp:featuredmedia":[{"embeddable":true,"href":"https:\/\/agromt.news\/index.php?rest_route=\/wp\/v2\/media\/30432"}],"wp:attachment":[{"href":"https:\/\/agromt.news\/index.php?rest_route=%2Fwp%2Fv2%2Fmedia&parent=30431"}],"wp:term":[{"taxonomy":"category","embeddable":true,"href":"https:\/\/agromt.news\/index.php?rest_route=%2Fwp%2Fv2%2Fcategories&post=30431"},{"taxonomy":"post_tag","embeddable":true,"href":"https:\/\/agromt.news\/index.php?rest_route=%2Fwp%2Fv2%2Ftags&post=30431"}],"curies":[{"name":"wp","href":"https:\/\/api.w.org\/{rel}","templated":true}]}}